{"id":967,"date":"2013-02-18T22:25:11","date_gmt":"2013-02-18T21:25:11","guid":{"rendered":"http:\/\/test.dirkpeters.net\/?p=967"},"modified":"2017-05-16T18:34:47","modified_gmt":"2017-05-16T16:34:47","slug":"bgn-12013","status":"publish","type":"post","link":"https:\/\/dirkpeters.info\/?p=967","title":{"rendered":"BGN 1\/2013"},"content":{"rendered":"<p><a href=\"http:\/\/www.bggroteradler.de\"><img loading=\"lazy\" decoding=\"async\" title=\"BGN-27-Titel\" style=\"border-left-width: 0px; border-right-width: 0px; background-image: none; border-bottom-width: 0px; float: right; padding-top: 0px; padding-left: 0px; margin: 10px; display: inline; padding-right: 0px; border-top-width: 0px\" alt=\"BGN-27-Titel\" src=\"..\/wp-content\/uploads\/2013\/02\/BGN-27-Titel_thumb.jpg\" width=\"204\" border=\"0\" align=\"right\" height=\"288\"><\/a>Das erste Heft des Jahres 2013 der Brandenburgischen Genealogischen Nachrichten ist soeben erschienen. Mit diesem Heft beginnt der Band IV.<\/p>\n<p>Aus dem Inhalt:<\/p>\n<ul>\n<li>Aus unserem Verein\n<ul>\n<li>Gl\u00fcckw\u00fcnsche<\/li>\n<li>Weihnachtsfeier 2012<\/li>\n<li>Forschungsgruppe Berlin<\/li>\n<\/ul>\n<\/li>\n<li>Aus dem Dachverband\n<ul>\n<li>Bericht zum 64. Deutschen Genealogentag<\/li>\n<\/ul>\n<\/li>\n<li>Beitr\u00e4ge zum Forschungsgebiet\n<ul>\n<li>Dorfordnung von Golzig (1704)<\/li>\n<li>Lebenschronik von August Schmidt, Oberpostschaffner in Potsdam<\/li>\n<\/ul>\n<\/li>\n<li>Der Volksmund, Vergessenes und Kurioses\n<ul>\n<li>Gelegenheitsfunde<\/li>\n<li>Ellas Briefe<\/li>\n<\/ul>\n<\/li>\n<li>Hinweise, Meinungen und Anfragen\n<ul>\n<li>Tag der offenen Baustelle des neuen Bildungsforum in Potsdam<\/li>\n<li>Buchvorstellung: &#8222;Zweimal Rixdorf und zur\u00fcck&#8220;<\/li>\n<\/ul>\n<\/li>\n<li>Interessantes aus den Medien\n<ul>\n<li>Webmeeting zur s\u00e4chsischen Heimat- und Familienforschung<\/li>\n<\/ul>\n<\/li>\n<li>Veranstaltungskalender<\/li>\n<\/ul>\n<p>Mitglieder der Brandenburgischen Genealogischen Gesellschaft &#8222;Roter Adler&#8220; e.V. erhalten das Heft im Rahmen ihres Mitgliedsbeitrages. Nichtmitglieder k\u00f6nnen es \u00fcber den Verein <a href=\"http:\/\/www.bggroteradler.de\/?page_id=1294\">bestellen<\/a>.<\/p>\n","protected":false},"excerpt":{"rendered":"<p>Das erste Heft des Jahres 2013 der Brandenburgischen Genealogischen Nachrichten ist soeben erschienen. Mit diesem Heft beginnt der Band IV. Aus dem Inhalt: Aus unserem Verein Gl\u00fcckw\u00fcnsche Weihnachtsfeier 2012 Forschungsgruppe<\/p>\n<div><a href=\"https:\/\/dirkpeters.info\/?p=967\" class=\"exp-read-more exp-read-more-underlined\">Read More<\/a><\/div>\n","protected":false},"author":1,"featured_media":0,"comment_status":"open","ping_status":"open","sticky":false,"template":"","format":"standard","meta":{"jetpack_post_was_ever_published":false,"_jetpack_newsletter_access":"","_jetpack_dont_email_post_to_subs":false,"_jetpack_newsletter_tier_id":0,"_jetpack_memberships_contains_paywalled_content":false,"_jetpack_memberships_contains_paid_content":false,"footnotes":"","_links_to":"","_links_to_target":""},"categories":[250,18,153],"tags":[61,62,20,167,66],"class_list":["post-967","post","type-post","status-publish","format-standard","hentry","category-roter-adler","category-vereine","category-zeitschriften","tag-bgg","tag-bgn","tag-roter-adler","tag-vereine","tag-zeitschriften"],"jetpack_featured_media_url":"","jetpack_shortlink":"https:\/\/wp.me\/p8HCXc-fB","jetpack-related-posts":[{"id":1278,"url":"https:\/\/dirkpeters.info\/?p=1278","url_meta":{"origin":967,"position":0},"title":"BGN 2\/2015 erschienen","author":"dirkpeters","date":"23. Mai 2015","format":false,"excerpt":"Bei der Brandenburgischen Genealogischen Gesellschaft \"Roter Adler\" e. V. ist das Heft 2\/2015 der Brandenburgischen Genealogischen Nachrichten erschienen. Aus dem Inhalt: Aus unserem Verein Bericht zur Jahreshauptversammlung Bericht des Vorstandes Beitr\u00e4ge zum Forschungsgebiet Johann Elgett, Notar und B\u00fcrgermeister in Gransee Sch\u00e4ferei in Ostbrandenburg, Teil 3 Der Volksmund, Vergessenes und Kurioses\u2026","rel":"","context":"In &quot;Roter Adler&quot;","block_context":{"text":"Roter Adler","link":"https:\/\/dirkpeters.info\/?cat=250"},"img":{"alt_text":"","src":"","width":0,"height":0},"classes":[]},{"id":917,"url":"https:\/\/dirkpeters.info\/?p=917","url_meta":{"origin":967,"position":1},"title":"BGN 01\/2012","author":"dirkpeters","date":"14. Februar 2012","format":false,"excerpt":"Das Heft 01\/2012 der BGN ist gestern aus dem Druck gekommen. Aus dem Inhalt: AUS UNSEREM VEREIN Forschungsgruppe Berlin BEITR\u00c4GE ZUM FORSCHUNGSGEBIET Eine Karriere mit tragischem Ausgang, Teil 1 Der Familienname Begier in der Prignitz, Teil 1 Die Familie Mehlan in Treppendorf DER VOLKSMUND, VERGESSENES UND KURIOSES Das riesengro\u00dfe Osterei\u2026","rel":"","context":"In &quot;Roter Adler&quot;","block_context":{"text":"Roter Adler","link":"https:\/\/dirkpeters.info\/?cat=250"},"img":{"alt_text":"BGN 1_2012","src":"..\/wp-content\/uploads\/2012\/02\/BGN-1_2012.jpg","width":350,"height":200},"classes":[]},{"id":978,"url":"https:\/\/dirkpeters.info\/?p=978","url_meta":{"origin":967,"position":2},"title":"Neue Ver\u00f6ffentlichungen des Roten Adler","author":"dirkpeters","date":"11. Mai 2013","format":false,"excerpt":"Neu im Briefkasten aller Mitglieder der Brandenburgischen Genealogischen Gesellschaft \u201cRoter Adler\u201d e. V. sind zwei neue Ver\u00f6ffentlichungen: Brandenburgische Genealogische Nachrichten Ausgabe 2\/2013 Brandenburgische Genealogische Nachrichten Indexband (2006-2012) Der Indexband enth\u00e4lt Sach-, Namens- und Ortsregister zu allen Ausgaben der Brandenburgischen Genealogischen Nachrichten der Jahre 2006-2012. Das Heft 2\/2013 der BGN enth\u00e4lt\u2026","rel":"","context":"In &quot;Roter Adler&quot;","block_context":{"text":"Roter Adler","link":"https:\/\/dirkpeters.info\/?cat=250"},"img":{"alt_text":"bgg2-2013","src":"..\/wp-content\/uploads\/2013\/05\/bgg2-2013_thumb.jpg","width":350,"height":200},"classes":[]},{"id":1066,"url":"https:\/\/dirkpeters.info\/?p=1066","url_meta":{"origin":967,"position":3},"title":"BGN 1\/2014","author":"dirkpeters","date":"28. Februar 2014","format":false,"excerpt":"Gestern war das aktuelle Heft der Brandenburgischen Genealogischen Nachrichten im Briefkasten. Aus dem Inhalt: Aus unserem Verein Gl\u00fcckw\u00fcnsche Beitr\u00e4ge zum Forschungsgebiet Vergessene Orte \u2013 Berliner Stra\u00dfen und Pl\u00e4tze, Teil 6: Frankfurter Tor und Frankfurter Allee Der Potsdamer Hofglasermeister Carl Volkwein Das Vorwerk Regenmantel Scharfsch\u00fctzen im Inf. Reg. Nr. 26, Alte\u2026","rel":"","context":"In &quot;Roter Adler&quot;","block_context":{"text":"Roter Adler","link":"https:\/\/dirkpeters.info\/?cat=250"},"img":{"alt_text":"BGN_2014-01","src":"..\/wp-content\/uploads\/2014\/02\/BGN_2014-01_thumb.jpg","width":350,"height":200},"classes":[]},{"id":1759,"url":"https:\/\/dirkpeters.info\/?p=1759","url_meta":{"origin":967,"position":4},"title":"BGN 3\/2017","author":"dirkpeters","date":"17. September 2017","format":false,"excerpt":"Die BGN 3\/2017 ist fertig und geht in der n\u00e4chsten Woche allen Mitgliedern zu. Aus dem Inhalt: Aktuelles aus dem Forschungsgebiet Quellen und Daten zur Ansiedlung Schweizer Kolonisten in Brandenburg ab 1685 K\u00f6nigliche Stammsch\u00e4ferei in Stahnsdorf bei Potsdam Auf der Suche nach dem Ursprung der Wernitze Friedh\u00f6fe im Land Brandenburg.\u2026","rel":"","context":"In &quot;Roter Adler&quot;","block_context":{"text":"Roter Adler","link":"https:\/\/dirkpeters.info\/?cat=250"},"img":{"alt_text":"","src":"https:\/\/i0.wp.com\/dirkpeters.info\/wp-content\/uploads\/2017\/09\/Titel-BGN-3-2017_thumb.jpg?fit=358%2C502&ssl=1&resize=350%2C200","width":350,"height":200},"classes":[]},{"id":2392,"url":"https:\/\/dirkpeters.info\/?p=2392","url_meta":{"origin":967,"position":5},"title":"BGN 2018\/4","author":"dirkpeters","date":"14. November 2018","format":false,"excerpt":"Heute war das aktuelle Heft der Brandenburgischen Genealogischen Nachrichten (4\/2018) im Briefkasten. Aus dem Inhalt: Aus unserem Verein Nachruf f\u00fcr Udo Morschka \u2020 Forschungsstelle Niederlausitz - Wolfgang Bauch als Forschungsstellenleiter berufen Aus dem Forschungsgebiet F\u00f6rstereien im Landkreis Oder-Spree ab 1650 bis 1945, Teil 2: F\u00f6rstereien um Beeskow und F\u00fcrstenwalde\/Spree Kreisgebietsreformen\u2026","rel":"","context":"In &quot;Roter Adler&quot;","block_context":{"text":"Roter Adler","link":"https:\/\/dirkpeters.info\/?cat=250"},"img":{"alt_text":"BGN 2018 Heft 4","src":"https:\/\/i0.wp.com\/dirkpeters.info\/wp-content\/uploads\/2018\/11\/bgn_2018-04_Seite_1.jpg?fit=846%2C1200&ssl=1&resize=350%2C200","width":350,"height":200,"srcset":"https:\/\/i0.wp.com\/dirkpeters.info\/wp-content\/uploads\/2018\/11\/bgn_2018-04_Seite_1.jpg?fit=846%2C1200&ssl=1&resize=350%2C200 1x, https:\/\/i0.wp.com\/dirkpeters.info\/wp-content\/uploads\/2018\/11\/bgn_2018-04_Seite_1.jpg?fit=846%2C1200&ssl=1&resize=525%2C300 1.5x, https:\/\/i0.wp.com\/dirkpeters.info\/wp-content\/uploads\/2018\/11\/bgn_2018-04_Seite_1.jpg?fit=846%2C1200&ssl=1&resize=700%2C400 2x"},"classes":[]}],"jetpack_sharing_enabled":true,"jetpack_likes_enabled":true,"_links":{"self":[{"href":"https:\/\/dirkpeters.info\/index.php?rest_route=\/wp\/v2\/posts\/967","targetHints":{"allow":["GET"]}}],"collection":[{"href":"https:\/\/dirkpeters.info\/index.php?rest_route=\/wp\/v2\/posts"}],"about":[{"href":"https:\/\/dirkpeters.info\/index.php?rest_route=\/wp\/v2\/types\/post"}],"author":[{"embeddable":true,"href":"https:\/\/dirkpeters.info\/index.php?rest_route=\/wp\/v2\/users\/1"}],"replies":[{"embeddable":true,"href":"https:\/\/dirkpeters.info\/index.php?rest_route=%2Fwp%2Fv2%2Fcomments&post=967"}],"version-history":[{"count":2,"href":"https:\/\/dirkpeters.info\/index.php?rest_route=\/wp\/v2\/posts\/967\/revisions"}],"predecessor-version":[{"id":969,"href":"https:\/\/dirkpeters.info\/index.php?rest_route=\/wp\/v2\/posts\/967\/revisions\/969"}],"wp:attachment":[{"href":"https:\/\/dirkpeters.info\/index.php?rest_route=%2Fwp%2Fv2%2Fmedia&parent=967"}],"wp:term":[{"taxonomy":"category","embeddable":true,"href":"https:\/\/dirkpeters.info\/index.php?rest_route=%2Fwp%2Fv2%2Fcategories&post=967"},{"taxonomy":"post_tag","embeddable":true,"href":"https:\/\/dirkpeters.info\/index.php?rest_route=%2Fwp%2Fv2%2Ftags&post=967"}],"curies":[{"name":"wp","href":"https:\/\/api.w.org\/{rel}","templated":true}]}}