{"id":812,"date":"2011-01-17T23:00:25","date_gmt":"2011-01-17T22:00:25","guid":{"rendered":"http:\/\/test.dirkpeters.net\/?p=812"},"modified":"2017-05-13T23:47:21","modified_gmt":"2017-05-13T21:47:21","slug":"geschlechtsregister-aus-halle-an-der-saale","status":"publish","type":"post","link":"https:\/\/dirkpeters.info\/?p=812","title":{"rendered":"Geschlechtsregister aus Halle an der Saale"},"content":{"rendered":"<p><img data-recalc-dims=\"1\" decoding=\"async\" src=\"https:\/\/i0.wp.com\/test.dirkpeters.net\/wp-content\/uploads\/2011\/01\/Titelblatt.jpg?w=1160\" alt=\"\" style=\"float:right; width:300px; margin: 10px; padding: 10px; border: 1px solid;\" \/><\/p>\n<p>Dreyhaupt, Johann Christoph von: Genealogische Tabellen oder Geschlechtsregister sowohl derer vornehmsten im Saal-Creyse mit Ritter-G\u00fctern angesessenen Adelichen Familien als auch derer vornehmsten alten und neuen, theils abgestorbenen Adelichen, Patricien und B\u00fcrgerlichen Geschlechter zu Halle, Halle, Emanuel Schneider, 1750<\/p>\n<p>Link: <a href=\"http:\/\/digitale.bibliothek.uni-halle.de\/vd18\/id\/1692976\" target=\"_blank\">http:\/\/digitale.bibliothek.uni-halle.de\/vd18\/id\/1692976<\/a><\/p>\n<p>Das Buch von Johann Christoph von Dreyhaupt enth\u00e4lt wie der Name sagt, Genealogische Tabellen bzw. Geschlechtsregister verschiedener adliger und b\u00fcrgerlicher Familien aus dem Raum Halle an der Saale. Der Umfang reicht von einzelnen Zeilen zu mehrseitigen Stammtafeln. Leider ist die Qualit\u00e4t des Google-Scans wie gewohnt teilweise recht schlecht. Am Ende des Buches sind die Wappen der aufgef\u00fchrten Familien abgebildet, diese sind allerdings nur schwer erkennbar.<\/p>\n<p><strong>Verzeichnis der aufgenommenen Familien<\/strong><\/p>\n<p style=\"text-align:justify\">v. Amendorff, Andr\u00e4e<\/p>\n<p style=\"text-align:justify\">von Baldewin, von Barth, Bau\u00dfe, Bastineller, Becker, Berger, Bertam, Bieck, B\u00f6tticher, Bohse, Brachst\u00e4dt, Brandis, Br\u00fcchting, Brunner, Buchbach, Buchhammer, von Burckersrode, Burger<\/p>\n<p style=\"text-align:justify\">Carpzow, von Cratz, Crull<\/p>\n<p style=\"text-align:justify\">von Deltizsch, Denner, von Dieskau, von Drachst\u00e4dt, Drey\u00dfig, von D\u00fcrfeld<\/p>\n<p style=\"text-align:justify\">von Eckart, von Einhausen, Ellenberger, von Ende, Engelbrecht<\/p>\n<p style=\"text-align:justify\">Freudemann, von Freyberg<\/p>\n<p style=\"text-align:justify\">Gantzland, Giseke, Glaser, von Goldstein, Go\u00dfmann, G\u00f6rlitz, Gr\u00e4fe, von Gra\u00dfhof, Grundmann, Gr\u00fcnigk, G\u00fcldemann, Gumprecht, Gueinzius<\/p>\n<p style=\"text-align:justify\">von Hacke, von Hagedorn, von Halle, Hahn, von Hausen, von Hayn, von Hedersleben, Heinrich, Heustreu, von Hodanz, von H\u00f6hnstedt, von Holtzhausen, Herold, Hoffmann, Holtzwirth, H\u00fcbner, Huiuff, Hoyer<\/p>\n<p style=\"text-align:justify\">von Jena<\/p>\n<p style=\"text-align:justify\">von Kalsow, von Kannewurff, von Katte, Katsche, von Kemnitz, Knorr, K\u00f6nig, von K\u00f6then, Koyan, Koste, Krause, Kraut, Kress, von Krosigk, K\u00fchn, K\u00fcchenmeister, von Kotze<\/p>\n<p style=\"text-align:justify\">Leyser, von Ludwiger, L\u00fcdecke<\/p>\n<p style=\"text-align:justify\">von Maltitz, Macholt (Mechelt), von Maschwitz, Malsius, Mathesius, Merck, von Merheim, von M\u00f6llendorff, von M\u00fccheln, M\u00fchlbeck, Mylius<\/p>\n<p style=\"text-align:justify\">Neefe, Nicander, Nitner, Nopel, von Northausen<\/p>\n<p style=\"text-align:justify\">Ockel, Oehm, Oesterling, Olearius<\/p>\n<p style=\"text-align:justify\">Packbusch, von Pawlowsky, von Pi\u00dfker, P\u00f6llner, P\u00f6pping, Prenckenhoff<\/p>\n<p style=\"text-align:justify\">Quetz<\/p>\n<p style=\"text-align:justify\">Rabe, von Rabiel, von Rauchhaupt, von Rauschenberg, Reiche, Redel, Richter, Reichhelm, Ringhammer, Reinhard, Ritter, von Rider, Rode, von R\u00f6mer, Rudloff, von R\u00fcden<\/p>\n<p style=\"text-align:justify\">von Saltze, Sander, Sch\u00e4ffer, von Schaffst\u00e4dt, von Schapow, von Scharde, Schilter, von Schlegel, von Scheidingen, Schneider, von Sch\u00f6nitz, Schomar (von Schomberg), Schrader, Sch\u00fcler, Schultze (Schulthei\u00df), Schubart, Seber, Sellentin, Seyfart, Siegnitz, Spickendorff (Spittendorff), Stacius, Staffel, Stappenius, von Steuben, von Stein, Stisser, St\u00f6sser (Edle von Lilienfeld), Stoppel, St\u00fctzing<\/p>\n<p style=\"text-align:justify\">T\u00e4nzer (Tenzer), von Tieffenbruch, Tittel, Tentzel, vom Thore, Timaeus, Trauterbuhle, von Trotha<\/p>\n<p style=\"text-align:justify\">Ude, Velthem, Unruh, Untzer<\/p>\n<p style=\"text-align:justify\">Wachsmuth, Wagner, von Waldbach (Waltpach), von Waltheim, Warlitz, de Wedig, Wesener, Wildvogel, von Wihe, aus dem Winckel, Wogau<\/p>\n<p style=\"text-align:justify\">Zeise, von Zerbst, von Zimmern, Zoch, von Zoberitz, von Z\u00f6rnitz, Zollner<\/p>\n","protected":false},"excerpt":{"rendered":"<p>Dreyhaupt, Johann Christoph von: Genealogische Tabellen oder Geschlechtsregister sowohl derer vornehmsten im Saal-Creyse mit Ritter-G\u00fctern angesessenen Adelichen Familien als auch derer vornehmsten alten und neuen, theils abgestorbenen Adelichen, Patricien und<\/p>\n<div><a href=\"https:\/\/dirkpeters.info\/?p=812\" class=\"exp-read-more exp-read-more-underlined\">Read More<\/a><\/div>\n","protected":false},"author":1,"featured_media":0,"comment_status":"open","ping_status":"open","sticky":false,"template":"","format":"standard","meta":{"jetpack_post_was_ever_published":false,"_jetpack_newsletter_access":"","_jetpack_dont_email_post_to_subs":false,"_jetpack_newsletter_tier_id":0,"_jetpack_memberships_contains_paywalled_content":false,"_jetpack_memberships_contains_paid_content":false,"footnotes":"","_links_to":"","_links_to_target":""},"categories":[3,22],"tags":[5,195,27,196,110],"class_list":["post-812","post","type-post","status-publish","format-standard","hentry","category-buecher","category-genealogien","tag-buecher","tag-dreyhaupt","tag-genealogien","tag-halle","tag-verzeichnisse"],"jetpack_featured_media_url":"","jetpack_shortlink":"https:\/\/wp.me\/p8HCXc-d6","jetpack-related-posts":[{"id":3845,"url":"https:\/\/dirkpeters.info\/?p=3845","url_meta":{"origin":812,"position":0},"title":"Hoerschelmanns Sammlung zuverl\u00e4ssiger Stamm- und Ahnentafeln","author":"dirkpeters","date":"30. Juli 2020","format":false,"excerpt":"Friedrich Ludwig Anton Hoerschelmann: Sammlung zuverl\u00e4ssiger Stamm- und Ahnentafeln verschiedener jetzt florirender adelichen und freyherrl. Familien, Coburg 1774 Aus dem Vorwort: Die abgek\u00fcrzten Stammtafeln der reichsgr\u00e4flichen H\u00e4user, die Herr Krebel zu Leipzig, in dem 2ten Theile des vormaligen Schumannischen, in der Gleditschen Buchhandlung herauskommenden genealogischen Handbuchs[1] geliefert hat, haben vielen\u2026","rel":"","context":"In &quot;Adel&quot;","block_context":{"text":"Adel","link":"https:\/\/dirkpeters.info\/?cat=44"},"img":{"alt_text":"","src":"https:\/\/i0.wp.com\/dirkpeters.info\/wp-content\/uploads\/2020\/07\/sammlung.jpg?fit=600%2C845&ssl=1&resize=350%2C200","width":350,"height":200,"srcset":"https:\/\/i0.wp.com\/dirkpeters.info\/wp-content\/uploads\/2020\/07\/sammlung.jpg?fit=600%2C845&ssl=1&resize=350%2C200 1x, https:\/\/i0.wp.com\/dirkpeters.info\/wp-content\/uploads\/2020\/07\/sammlung.jpg?fit=600%2C845&ssl=1&resize=525%2C300 1.5x"},"classes":[]},{"id":995,"url":"https:\/\/dirkpeters.info\/?p=995","url_meta":{"origin":812,"position":1},"title":"Johann Gottfried Biedermanns Geschlechtsregister","author":"dirkpeters","date":"12. September 2013","format":false,"excerpt":"Johann Gottfried Biedermann (* 19. August 1705 in Plauen, Vogtland; \u2020 11. Juli 1766 in Untersteinach) war ein Genealoge f\u00fcr den fr\u00e4nkischen Raum. Der Sattlersohn Johann Gottfried Biedermann immatrikulierte sich 1727 an der Universit\u00e4t Leipzig und studierte dort Theologie. Er beendete das Studium mit dem Magister, ordinierte 1736 in Bayreuth\u2026","rel":"","context":"In &quot;B\u00fccher&quot;","block_context":{"text":"B\u00fccher","link":"https:\/\/dirkpeters.info\/?cat=3"},"img":{"alt_text":"","src":"","width":0,"height":0},"classes":[]},{"id":1933,"url":"https:\/\/dirkpeters.info\/?p=1933","url_meta":{"origin":812,"position":2},"title":"Familienchroniken adliger Familien D \u2013 F","author":"dirkpeters","date":"14. September 2014","format":false,"excerpt":"D | E | F D v. Dalwigk: Denkw\u00fcrdigkeiten und historische Skizzen aus dem Leben vieler Mitglieder der Familie von Dalwigk, mit Stammtafel, Autor: Reinhard von Dalwigk-Lichtenfels, erschienen in Darmstadt 1841 v. Damitz: Genealogie des Ernst Wilhelm Christian von Damitz, geboren am 6.4.1780 in Jauer, von Rand, Maudine Powers (in\u2026","rel":"","context":"In &quot;Adel&quot;","block_context":{"text":"Adel","link":"https:\/\/dirkpeters.info\/?cat=44"},"img":{"alt_text":"","src":"","width":0,"height":0},"classes":[]},{"id":1925,"url":"https:\/\/dirkpeters.info\/?p=1925","url_meta":{"origin":812,"position":3},"title":"Familienchroniken adliger Familien I \u2013 L","author":"dirkpeters","date":"14. September 2014","format":false,"excerpt":"Familienchroniken adliger Familien I \u2013 L I | J | K | L I v. Isenburg: Bausch, August Heinrich: Kurze Geschichte der Grafen und Burg zu Isenburg und von Engers, Neuwied 1833 Simon, Gustav: Die Geschichte des reichsst\u00e4ndischen Hauses Ysenburg und B\u00fcdingen, Frankfurt: Br\u00f6nner 1865 Band 1 Band 2 I\u2026","rel":"","context":"In &quot;Adel&quot;","block_context":{"text":"Adel","link":"https:\/\/dirkpeters.info\/?cat=44"},"img":{"alt_text":"","src":"","width":0,"height":0},"classes":[]},{"id":1905,"url":"https:\/\/dirkpeters.info\/?p=1905","url_meta":{"origin":812,"position":4},"title":"Familienchroniken adliger Familien U &#8211; Z","author":"dirkpeters","date":"10. September 2014","format":false,"excerpt":"U | V | W | Z U v. Uchtenhagen: Thomas Philipp v. d. Hagen : Historisch-genealogische Beschreibung des adelichen, nunmehr ausgestorbenen Geschlechts derer von Uchtenhagen aus Freienwalde, Berlin: Paulische Buchhandlung, 1784 v. Uexk\u00fcll: Geschichte des Geschlechtes derer von Uexk\u00fcll. Bd. 1, Hansen, Gottlieb Olaf, Reval: Im Commission bei Kluge\u2026","rel":"","context":"In &quot;Adel&quot;","block_context":{"text":"Adel","link":"https:\/\/dirkpeters.info\/?cat=44"},"img":{"alt_text":"","src":"","width":0,"height":0},"classes":[]},{"id":1521,"url":"https:\/\/dirkpeters.info\/?p=1521","url_meta":{"origin":812,"position":5},"title":"Familienchroniken adliger Familien A &#8211; C","author":"dirkpeters","date":"10. September 2014","format":false,"excerpt":"A | B | C A v. Abensberg: Dollinger, Peter Paul: Die Grafen und Reichsherren von Abensberg, Landshut 1869 Die altgefeyerte Dynastie des Babo von Abensberg in ihrer Abkunft, Verzweigung und Gesamtgenossenschaft in Bayern und \u00d6sterreich, von Joseph Ernst v. Koch-Sternfeld, Regensburg: Verlag Manz, 1857 v. Abschatz: Wegener, Carl Hans:\u2026","rel":"","context":"In &quot;Ahnenforschung&quot;","block_context":{"text":"Ahnenforschung","link":"https:\/\/dirkpeters.info\/?cat=9"},"img":{"alt_text":"","src":"","width":0,"height":0},"classes":[]}],"jetpack_sharing_enabled":true,"jetpack_likes_enabled":true,"_links":{"self":[{"href":"https:\/\/dirkpeters.info\/index.php?rest_route=\/wp\/v2\/posts\/812","targetHints":{"allow":["GET"]}}],"collection":[{"href":"https:\/\/dirkpeters.info\/index.php?rest_route=\/wp\/v2\/posts"}],"about":[{"href":"https:\/\/dirkpeters.info\/index.php?rest_route=\/wp\/v2\/types\/post"}],"author":[{"embeddable":true,"href":"https:\/\/dirkpeters.info\/index.php?rest_route=\/wp\/v2\/users\/1"}],"replies":[{"embeddable":true,"href":"https:\/\/dirkpeters.info\/index.php?rest_route=%2Fwp%2Fv2%2Fcomments&post=812"}],"version-history":[{"count":8,"href":"https:\/\/dirkpeters.info\/index.php?rest_route=\/wp\/v2\/posts\/812\/revisions"}],"predecessor-version":[{"id":836,"href":"https:\/\/dirkpeters.info\/index.php?rest_route=\/wp\/v2\/posts\/812\/revisions\/836"}],"wp:attachment":[{"href":"https:\/\/dirkpeters.info\/index.php?rest_route=%2Fwp%2Fv2%2Fmedia&parent=812"}],"wp:term":[{"taxonomy":"category","embeddable":true,"href":"https:\/\/dirkpeters.info\/index.php?rest_route=%2Fwp%2Fv2%2Fcategories&post=812"},{"taxonomy":"post_tag","embeddable":true,"href":"https:\/\/dirkpeters.info\/index.php?rest_route=%2Fwp%2Fv2%2Ftags&post=812"}],"curies":[{"name":"wp","href":"https:\/\/api.w.org\/{rel}","templated":true}]}}