{"id":672,"date":"2010-07-17T08:43:03","date_gmt":"2010-07-17T06:43:03","guid":{"rendered":"http:\/\/test.dirkpeters.net\/?p=672"},"modified":"2017-05-12T08:48:33","modified_gmt":"2017-05-12T06:48:33","slug":"deutsche-grafenhaeuser-der-gegenwart","status":"publish","type":"post","link":"https:\/\/dirkpeters.info\/?p=672","title":{"rendered":"Deutsche Grafenh\u00e4user der Gegenwart"},"content":{"rendered":"<p>Ernst Heinrich Kneschke: Deutsche Grafen-Haeuser der Gegenwart. In heraldischer, historischer und genealogischer Beziehung.<\/p>\n<ul>\n<li><a href=\"http:\/\/nbn-resolving.de\/urn\/resolver.pl?urn=urn:nbn:de:hbz:061:1-449135\" target=\"_blank\">Erster Band: A-K<\/a>, T. O. Weigel, Leipzig 1853<\/li>\n<li><a href=\"http:\/\/nbn-resolving.de\/urn\/resolver.pl?urn=urn:nbn:de:hbz:061:1-449195\" target=\"_blank\">Zweiter Band: L-Z<\/a>, T. O. Weigel, Leipzig 1853<\/li>\n<li><a href=\"http:\/\/nbn-resolving.de\/urn\/resolver.pl?urn=urn:nbn:de:hbz:061:1-449494\" target=\"_blank\">Dritter Band: A-Z<\/a>, T. O. Weigel, Leipzig 1854<\/li>\n<\/ul>\n","protected":false},"excerpt":{"rendered":"<p>Ernst Heinrich Kneschke: Deutsche Grafen-Haeuser der Gegenwart. In heraldischer, historischer und genealogischer Beziehung. Erster Band: A-K, T. O. Weigel, Leipzig 1853 Zweiter Band: L-Z, T. O. Weigel, Leipzig 1853 Dritter<\/p>\n<div><a href=\"https:\/\/dirkpeters.info\/?p=672\" class=\"exp-read-more exp-read-more-underlined\">Read More<\/a><\/div>\n","protected":false},"author":1,"featured_media":0,"comment_status":"open","ping_status":"open","sticky":false,"template":"","format":"standard","meta":{"jetpack_post_was_ever_published":false,"_jetpack_newsletter_access":"","_jetpack_dont_email_post_to_subs":false,"_jetpack_newsletter_tier_id":0,"_jetpack_memberships_contains_paywalled_content":false,"_jetpack_memberships_contains_paid_content":false,"footnotes":"","_links_to":"","_links_to_target":""},"categories":[3,4],"tags":[24,5,169,7],"class_list":["post-672","post","type-post","status-publish","format-standard","hentry","category-buecher","category-links","tag-adel","tag-buecher","tag-kneschke","tag-links"],"jetpack_featured_media_url":"","jetpack_shortlink":"https:\/\/wp.me\/p8HCXc-aQ","jetpack-related-posts":[{"id":1464,"url":"https:\/\/dirkpeters.info\/?p=1464","url_meta":{"origin":672,"position":0},"title":"B\u00fccher zu Schlesien","author":"dirkpeters","date":"10. September 2014","format":false,"excerpt":"B\u00fccher zu und aus Schlesien f\u00fcr den Familienforscher Pusch, Oskar: Die Breslauer Rats- und Stadtgeschlechter in der Zeit von 1241 bis 1741, Ver\u00f6ffentlichungen der Forschungsstelle Ostmitteleuropa an der Universit\u00e4t Dortmund, Dortmund 1986-1991 Band 1, A-F, 1986 Band 2, G-K, 1987 Band 3, L-R, 1988 Band 4, S-U, 1990 Band 5,\u2026","rel":"","context":"In &quot;B\u00fccher&quot;","block_context":{"text":"B\u00fccher","link":"https:\/\/dirkpeters.info\/?cat=3"},"img":{"alt_text":"","src":"","width":0,"height":0},"classes":[]},{"id":1614,"url":"https:\/\/dirkpeters.info\/?p=1614","url_meta":{"origin":672,"position":1},"title":"Personenbeschreibungen \/ Biographien","author":"dirkpeters","date":"10. September 2014","format":false,"excerpt":"B\u00fccher mit Darstellungen zu einzelnen Personen Buddeus, Georg Karl Immanuel: Franz von Sickingen, eine Geschichte aus dem 16. Jahrhundert, Frankfurt und Leipzig 1794 Droysen, Johann August: Das Leben des Feldmarschalls Grafen Yorck von Wartenburg, vierte Auflage, Verlag Veit & Comp: Leipzig 1863 Band 1 Band 2 F\u00fcrstin Reu\u00df, Eleonore: Friderike\u2026","rel":"","context":"In &quot;B\u00fccher&quot;","block_context":{"text":"B\u00fccher","link":"https:\/\/dirkpeters.info\/?cat=3"},"img":{"alt_text":"","src":"","width":0,"height":0},"classes":[]},{"id":1461,"url":"https:\/\/dirkpeters.info\/?p=1461","url_meta":{"origin":672,"position":2},"title":"B\u00fccher zu Sachsen","author":"dirkpeters","date":"10. September 2014","format":false,"excerpt":"B\u00fccher zu und aus Sachsen f\u00fcr den Familienforscher Boetticher, Walter von: Geschichte des Oberlausitzischen Adels und seiner G\u00fcter von 1635 bis 1815, G\u00f6rlitz 1912 \u2013 1923 Band 1 Band 2 Band 3 Band 4 Feilitzsch, Heinrich Erwin Ferdinand von: Zur Familiengeschichte des Deutschen, insonderheit des Meissnischen Adels von 1570 bis\u2026","rel":"","context":"In &quot;B\u00fccher&quot;","block_context":{"text":"B\u00fccher","link":"https:\/\/dirkpeters.info\/?cat=3"},"img":{"alt_text":"","src":"","width":0,"height":0},"classes":[]},{"id":677,"url":"https:\/\/dirkpeters.info\/?p=677","url_meta":{"origin":672,"position":3},"title":"Familienchroniken bei Google Books","author":"dirkpeters","date":"17. Juli 2010","format":false,"excerpt":"gefunden bei Google Books: Leider sind die B\u00e4nde aufgrund ihres nicht ausreichenden Alters bei Google Books nur \u00fcber einen amerikanischen Proxy erreichbar. Kyaw, Heinrich Rudolph von: Familien-Chronik des adeligen und freiherrlichen Geschlechts von Kyaw, Leipzig 1870Download Waterstraat, Hermann: Geschichte des Geschlechts v. Hertzberg, 2 Bde., Stettin 1906 und 1907Download: Band\u2026","rel":"","context":"In &quot;Adel&quot;","block_context":{"text":"Adel","link":"https:\/\/dirkpeters.info\/?cat=44"},"img":{"alt_text":"","src":"","width":0,"height":0},"classes":[]},{"id":3794,"url":"https:\/\/dirkpeters.info\/?p=3794","url_meta":{"origin":672,"position":4},"title":"Die Nachkommen Karls des Gro\u00dfen","author":"dirkpeters","date":"18. Juni 2020","format":false,"excerpt":"\"Der Brandenburg\" ist bei familysearch online verf\u00fcgbar. 1935 erschien als Band XI des Stamm- und Ahnentafelwerks der Zentralstelle f\u00fcr Deutsche Personen- und Familiengeschichte das Werk Die Nachkommen Karl des Gro\u00dfen (I. - XIV. Generation) von Professor Dr. Erich Brandenburg (* 31. Juli 1868 in Stralsund; \u2020 22. Januar 1946 in\u2026","rel":"","context":"In &quot;Adel&quot;","block_context":{"text":"Adel","link":"https:\/\/dirkpeters.info\/?cat=44"},"img":{"alt_text":"","src":"https:\/\/i0.wp.com\/dirkpeters.info\/wp-content\/uploads\/2020\/06\/brandenburg2.jpg?fit=500%2C726&ssl=1&resize=350%2C200","width":350,"height":200},"classes":[]},{"id":139,"url":"https:\/\/dirkpeters.info\/?p=139","url_meta":{"origin":672,"position":5},"title":"Weitere interessante B\u00fccher","author":"dirkpeters","date":"2. November 2009","format":false,"excerpt":"Links zu B\u00fcchern, die nicht in die anderen Kategorien passen, aber doch interessant in Verbindung mit Familienforschung sind. Becmann, Johann Christoph u. w.: Historische Beschreibung der Chur und Mark Brandenburg nach ihrem Ursprung, Einwohnern, Nat\u00fcrlichen Beschaffenheit, Gew\u00e4sser, Landschafften, St\u00e4ten, Geistlichen Stiftern &c. Regenten, deren Staats- und Religions-Handlungen, Wapen, Siegel und\u2026","rel":"","context":"In &quot;B\u00fccher&quot;","block_context":{"text":"B\u00fccher","link":"https:\/\/dirkpeters.info\/?cat=3"},"img":{"alt_text":"","src":"","width":0,"height":0},"classes":[]}],"jetpack_sharing_enabled":true,"jetpack_likes_enabled":true,"_links":{"self":[{"href":"https:\/\/dirkpeters.info\/index.php?rest_route=\/wp\/v2\/posts\/672","targetHints":{"allow":["GET"]}}],"collection":[{"href":"https:\/\/dirkpeters.info\/index.php?rest_route=\/wp\/v2\/posts"}],"about":[{"href":"https:\/\/dirkpeters.info\/index.php?rest_route=\/wp\/v2\/types\/post"}],"author":[{"embeddable":true,"href":"https:\/\/dirkpeters.info\/index.php?rest_route=\/wp\/v2\/users\/1"}],"replies":[{"embeddable":true,"href":"https:\/\/dirkpeters.info\/index.php?rest_route=%2Fwp%2Fv2%2Fcomments&post=672"}],"version-history":[{"count":1,"href":"https:\/\/dirkpeters.info\/index.php?rest_route=\/wp\/v2\/posts\/672\/revisions"}],"predecessor-version":[{"id":673,"href":"https:\/\/dirkpeters.info\/index.php?rest_route=\/wp\/v2\/posts\/672\/revisions\/673"}],"wp:attachment":[{"href":"https:\/\/dirkpeters.info\/index.php?rest_route=%2Fwp%2Fv2%2Fmedia&parent=672"}],"wp:term":[{"taxonomy":"category","embeddable":true,"href":"https:\/\/dirkpeters.info\/index.php?rest_route=%2Fwp%2Fv2%2Fcategories&post=672"},{"taxonomy":"post_tag","embeddable":true,"href":"https:\/\/dirkpeters.info\/index.php?rest_route=%2Fwp%2Fv2%2Ftags&post=672"}],"curies":[{"name":"wp","href":"https:\/\/api.w.org\/{rel}","templated":true}]}}