{"id":647,"date":"2010-05-30T22:02:00","date_gmt":"2010-05-30T20:02:00","guid":{"rendered":"http:\/\/test.dirkpeters.net\/?p=647"},"modified":"2021-01-13T13:16:32","modified_gmt":"2021-01-13T12:16:32","slug":"die-hoheit-des-teutschen-reichsadels","status":"publish","type":"post","link":"https:\/\/dirkpeters.info\/?p=647","title":{"rendered":"Die Hoheit des Teutschen Reichsadels"},"content":{"rendered":"<p><img decoding=\"async\" style=\"margin: 0px 0px 5px 5px; display: inline; border: 0px;\" title=\"hatard\" src=\"..\/wp-content\/uploads\/2010\/05\/hatard.png\" alt=\"hatard\" class=\"bild-rechts-350\" ><\/p>\n<p>Gefunden bei Google Books<\/p>\n<p>Damian Hatard von und zu Hattstein: Die Hoheit des Deutschen Reichs-Adels, Wordurch Derselbe zu Chur- und F\u00fcrstlichen Dignit\u00e4ten erhoben wird. Das ist: Vollst\u00e4ndige Probe der Ahnen unverf\u00e4lschter Adelicher Familien, ohne welche keiner auff Erz- Dom- hoher Orden- und Ritter-Stiffter gelangen kann.<\/p>\n<p>Die drei B\u00e4nde enthalten eine Vielzahl von Ahnenproben, die vorgelegt werden mussten, wenn jemand ein h\u00f6heres kirchliches Amt erlangen oder in einen Ritterorden aufgenommen werden wollte. Die Tafeln stellen f\u00fcr jeden Ahnenforscher, der nach adligen Vorfahren sucht eine Bereicherung dar, allerdings sollten die Angaben nicht ohne Sachverstand und weitere Pr\u00fcfung \u00fcbernommen werden, da sicher auch hier einige Fehler enthalten sind, die zum einen auf falschen Angaben der Probanden, zum anderen auf \u00dcbertragungsfehler zur\u00fcckzuf\u00fchren sein k\u00f6nnen. Dar\u00fcber hinaus enthalten die Tafeln kaum Angaben zu den Lebensdaten der aufgef\u00fchrten Personen.<\/p>\n<p>Links<\/p>\n<ul>\n<li><a href=\"http:\/\/books.google.de\/books?id=f-A-AAAAcAAJ&amp;dq=Die+Hoheit+des+Teutschen+Reichs-+Adels&amp;source=gbs_navlinks_s\" target=\"_blank\" rel=\"noopener\">Band 1<\/a><\/li>\n<li><a href=\"http:\/\/books.google.de\/books?id=rOA-AAAAcAAJ&amp;dq=Die+Hoheit+des+Teutschen+Reichs-+Adels&amp;source=gbs_navlinks_s\" target=\"_blank\" rel=\"noopener\">Band 2<\/a><\/li>\n<li><a href=\"http:\/\/books.google.de\/books?id=y-A-AAAAcAAJ&amp;dq=Die+Hoheit+des+Teutschen+Reichs-+Adels&amp;source=gbs_navlinks_s\" target=\"_blank\" rel=\"noopener\">Band 3<\/a><\/li>\n<\/ul>\n<p>Verzeichnis der Familien f\u00fcr die Ahnentafeln enthalten sind:<\/p>\n<table>\n<tr>\n<th style=\"width:33%\">Band 1<\/th>\n<th style=\"width:33%\">Band 2<\/th>\n<th style=\"width:33%\">Band 3<\/th>\n<\/tr>\n<tr>\n<td>\n<ul>\n<li>v. Bastheim<\/li>\n<li> v. Bettendorff<\/li>\n<li> v. Bicken<\/li>\n<li> v. Bodenhausen gen. Mernolff<\/li>\n<li> B\u00f6ckel v. B\u00f6cklinsau<\/li>\n<li> v. Boineburg<\/li>\n<li> Bonn v. Wachenheim<\/li>\n<li> Boos v. Waldeck<\/li>\n<li> Breidtbach v. B\u00fcresheim<\/li>\n<li> Brendel v. Homburg<\/li>\n<li> Br\u00f6mser v. R\u00fcdesheim<\/li>\n<li> v. Buchenau<\/li>\n<li> v. Buseck<\/li>\n<li> v. Buseck gen. Brandt<\/li>\n<li> v. Buttlar<\/li>\n<li> v. Calenberg<\/li>\n<li> C\u00e4mmerer v. Worms gen. v. Dalberg<\/li>\n<li> v. Carben zu Staden<\/li>\n<li> v. Cloth<\/li>\n<li> v. Cornberg<\/li>\n<li> Cratz v. Scharffenstein<\/li>\n<li> v. Cronberg<\/li>\n<li> v. Degenfeldt<\/li>\n<li> v. Dehren<\/li>\n<li> v. Dietz<\/li>\n<li> v. Dienheim<\/li>\n<li> Ebinger v. der Burg<\/li>\n<li> Echter v. Mespelbron<\/li>\n<li> v. Eltz<\/li>\n<li> v. Elckerhausen gen. Kl\u00fcppel<\/li>\n<li> v. Ehrenberg<\/li>\n<li> v. Ehrthal<\/li>\n<li> v. Enschringen<\/li>\n<li> v. Eyb<\/li>\n<li> Faust v. Stromberg<\/li>\n<li> v. Fechenbach<\/li>\n<li> v. der Fels<\/li>\n<li> v. Flersheim<\/li>\n<li> Forstmeister v. Gelnhausen<\/li>\n<li> v. Franckenstein<\/li>\n<li> v. Gebsattel<\/li>\n<li> v. Gemmingen<\/li>\n<li> v. Gimnich<\/li>\n<li> v. Graerodt<\/li>\n<li> Greck v. Kochendorff<\/li>\n<li> Greiffenclau v. Vollraths<\/li>\n<li> Groschlag v. Diepurg<\/li>\n<li> v. Guttenberg<\/li>\n<li> v. Hagen<\/li>\n<li> v. Hagenbach<\/li>\n<li> Harff v. Drimborn<\/li>\n<li> v. Harstall<\/li>\n<li> v. Hattstein<\/li>\n<li> v. Hatzfeld<\/li>\n<li> v. Hauben<\/li>\n<li> v. Hedesdorff<\/li>\n<li> v. der Hees<\/li>\n<li> v. Helffenstein<\/li>\n<li> Heppenheim gen. vom Saal<\/li>\n<li> v. Hertinghausen<\/li>\n<li> v. Heusenstamm<\/li>\n<li> v. Hirschhorn<\/li>\n<li> v. Hoheneck<\/li>\n<li> v. Hohenfeldt<\/li>\n<li> v. H\u00f6rde<\/li>\n<li> Horneck v. Hornberg<\/li>\n<li> Horneck v. Weinheim<\/li>\n<li> v. Hutten<\/li>\n<li> v. Ingelheim<\/li>\n<li> v. Kerckering<\/li>\n<li> v. Kesselstatt<\/li>\n<li> Knebel v. Catzenelenbogen<\/li>\n<li> v. Koppenstein<\/li>\n<li> v. K\u00f6tschau<\/li>\n<li> Krantz v. Geispoltzheim<\/li>\n<li> v. Landschad<\/li>\n<li> Langwerdt v. Simmern<\/li>\n<li> Lerch v. Dirmstein<\/li>\n<li> v. Leyen<\/li>\n<li> v. der Leyen<\/li>\n<li> Loewe v. Steinfurt<\/li>\n<li> v. L\u00f6wenstein zu Randeck<\/li>\n<li> v. Mauchenheim gen. Bechtoldsheim<\/li>\n<li> v. Mengersen<\/li>\n<li> v. Metternich<\/li>\n<li> v. Metzenhausen<\/li>\n<li> Mohr v. waldt<\/li>\n<li> v. Monreal<\/li>\n<li> v. Morsheim<\/li>\n<li> v. Mudersbach<\/li>\n<li> v. Muggenthall<\/li>\n<li> M\u00fchl v. Ulmen<\/li>\n<li> Nagel v. Dirmstein<\/li>\n<li> v. Nassau<\/li>\n<li> v. Nehem<\/li>\n<li> v. Obentraut<\/li>\n<li> v. Oberstein<\/li>\n<li> v. Orsbeck<\/li>\n<li> v. Ostein<\/li>\n<li> v. Quadt<\/li>\n<li> v. Radenhausen<\/li>\n<li> Reichlin v. Meldegg<\/li>\n<li> v. Reiffenberg<\/li>\n<li> v. Reinach<\/li>\n<li> v. Reitzenstein<\/li>\n<li> v. Rheinberg<\/li>\n<li> Riedesel<\/li>\n<li> v. Riedt<\/li>\n<li> v. Ritter zu Gr\u00fcnestein<\/li>\n<li> v. Rodenhausen<\/li>\n<li> v. Rodenstein<\/li>\n<li> v. Roggenbach<\/li>\n<li> v. Roll zu Bernaw<\/li>\n<li> v. Rollingen<\/li>\n<li> v. Rosenbach<\/li>\n<li> v. Rosenbusch<\/li>\n<li> v. Sanct Vincent<\/li>\n<li> v. Scharffenstein<\/li>\n<li> Schenk v. Schmidberg<\/li>\n<li> Schenk v. Schweinsberg<\/li>\n<li> Schenk v. Stauffenberg<\/li>\n<li> Schilling v. Lanstein<\/li>\n<li> v. Schleiffras<\/li>\n<li> Schliderer v. Lachen<\/li>\n<li> v. Schoenborn<\/li>\n<li> v. Sch\u00f6nau<\/li>\n<li> v. Sch\u00f6nberg auf Wesel<\/li>\n<li> v. Sch\u00f6nburg (Sch\u00f6nenburg)<\/li>\n<li> Sch\u00fctz v. Holzhausen<\/li>\n<li> v. Schwalbach<\/li>\n<li> v. Schwartzach<\/li>\n<li> v. Sickingen<\/li>\n<li> v. Soetern<\/li>\n<li> Specht v. Bubenheim<\/li>\n<li> v. Stadion<\/li>\n<li> v. Staffel<\/li>\n<li> vom Stein<\/li>\n<li> v. Stockheim<\/li>\n<li> Sturmfeder v. Oppenweiler<\/li>\n<li> v. der Thann<\/li>\n<li> v. Ulm<\/li>\n<li> Ulner v. Diepurg<\/li>\n<li> Vogt v. Elstpe<\/li>\n<li> Vogt v. Hunoldstein<\/li>\n<li> v. \u00dctterodt<\/li>\n<li> v. Wachenheim<\/li>\n<li> Wais v. Feuerbach<\/li>\n<li> Waldecker v. Kempt<\/li>\n<li> v. Waldenburg gen. Schenkern<\/li>\n<li> v. Walderdorff<\/li>\n<li> Waldpott v. und zu Bassenheim<\/li>\n<li> Wambold v. Umstatt<\/li>\n<li> v. Warsberg<\/li>\n<li> v. Werdenstein<\/li>\n<li> v. Wildberg<\/li>\n<li> v. Wildenstein<\/li>\n<li> v. Winter<\/li>\n<li> v. Witzleben<\/li>\n<li> Wolff v. Spanheim<\/li>\n<li> v. Wonsheim<\/li>\n<li> v. Zaiskam<\/li>\n<li> Zant v. Merl<\/li>\n<li> v. Zievel<\/li>\n<li> Zobel v. Gibelstatt<\/li>\n<li> v. zu Rhein<\/li>\n<\/ul>\n<\/td>\n<td>\n<ul>\n<li>Adelmann v. Adelmannsfelden<\/li>\n<li> v. Adoltzhausen<\/li>\n<li> v. Ampringen<\/li>\n<li> v. Andlau<\/li>\n<li> v. Aschhausen<\/li>\n<li> Auer v. Herrnkirchen<\/li>\n<li> v. Berg<\/li>\n<li> v. Berndorff<\/li>\n<li> v. Bernerdin<\/li>\n<li> Blarer v. Wartensee<\/li>\n<li> B\u00f6cklin v. B\u00f6cklinsau<\/li>\n<li> Boineburg v. Lengsfeld<\/li>\n<li> Bose v. Helba<\/li>\n<li> v. Brambach<\/li>\n<li> v. Braunsberg<\/li>\n<li> v. Bubenhoffen<\/li>\n<li> v. Buseck<\/li>\n<li> v. Buseck gen. Brand<\/li>\n<li> v. Buseck gen. M\u00fcnch<\/li>\n<li> v. Creutzburg<\/li>\n<li> v. Croneck<\/li>\n<li> v. Degenberg<\/li>\n<li> v. Diemar<\/li>\n<li> v. Dondorff<\/li>\n<li> v. Egloffstein<\/li>\n<li> v. Einsiedel<\/li>\n<li> v. Ellrichshausen<\/li>\n<li> v. Eyb<\/li>\n<li> v. Falckenstein<\/li>\n<li> v. Flachsland<\/li>\n<li> Forstmeisten v. Lebenhan<\/li>\n<li> v. Freudenberg<\/li>\n<li> v. Geismar<\/li>\n<li> v. Gemmingen<\/li>\n<li> v. Gravenegk<\/li>\n<li> Gros v. Trockau<\/li>\n<li> v. Grumbach<\/li>\n<li> v. Gruenthal<\/li>\n<li> v. Gumppenberg<\/li>\n<li> v. Guttenberg<\/li>\n<li> v. Hagken<\/li>\n<li> v. Hanstein<\/li>\n<li> v. Havichorst<\/li>\n<li> v. Hedersdorf<\/li>\n<li> v. Heldritt<\/li>\n<li> v. Herttenstein<\/li>\n<li> v. He\u00dfberg<\/li>\n<li> Hofer v. Lobenstein<\/li>\n<li> v. Holtz<\/li>\n<li> v. Horben<\/li>\n<li> v. Hornstein<\/li>\n<li> v. Ilten<\/li>\n<li> v. J\u00f6stelsberg<\/li>\n<li> Kempff v. Angreht<\/li>\n<li> v. Kempinsky v. Kippenheim<\/li>\n<li> v. K\u00f6nitz<\/li>\n<li> v. Kotzau<\/li>\n<li> v. Kropff<\/li>\n<li> v. Lehrbach<\/li>\n<li> Leininger v. Sorgendorff<\/li>\n<li> v. Lentersheim<\/li>\n<li> v. Leschwitz<\/li>\n<li> v. Luchau<\/li>\n<li> v. L\u00fctzelburg<\/li>\n<li> v. Marschall gen. Greiff<\/li>\n<li> Marschall v. Ebnet<\/li>\n<li> Marschall v. Ostheim<\/li>\n<li> Marschall v. Pappenheim<\/li>\n<li> v. Massenbach<\/li>\n<li> v. Mentzingen<\/li>\n<li> v. Mergenthal<\/li>\n<li> Morschstein v. Biberfeld<\/li>\n<li> v. Neipperg<\/li>\n<li> v. Neunegk<\/li>\n<li> v. Nippenburg<\/li>\n<li> Nothhafft v. Wernberg<\/li>\n<li> v. Oeth<\/li>\n<li> v. Ostheim<\/li>\n<li> v. Pfundt<\/li>\n<li> v. Piesporth<\/li>\n<li> v. Plittersdorf<\/li>\n<li> v. P\u00f6llnitz<\/li>\n<li> v. Puchhaim<\/li>\n<li> v. Ragknitz<\/li>\n<li> v. Rapoltstein<\/li>\n<li> Reich v. Reichenstein<\/li>\n<li> v. Reinach<\/li>\n<li> v. Roth<\/li>\n<li> Roth v. Rohrbach<\/li>\n<li> v. R\u00fcdickheim<\/li>\n<li> v. Russenbach<\/li>\n<li> v. Schauenburg<\/li>\n<li> v. Schaumberg<\/li>\n<li> Schenck v. Geyern<\/li>\n<li> v. Schlammersdorff<\/li>\n<li> v. Schnellenberg<\/li>\n<li> v. Sch\u00f6nfeld<\/li>\n<li> v. Schrautenbach<\/li>\n<li> v. Seckendorff<\/li>\n<li> v. Stain zum Rechtenstein<\/li>\n<li> v. Stain zu Niederstotzingen<\/li>\n<li> v. Stain zu Reichenstein<\/li>\n<li> v. Stain zu Jettingen<\/li>\n<li> v. Stauff<\/li>\n<li> v. Steinling<\/li>\n<li> v. Sternfels<\/li>\n<li> v. Streitberg<\/li>\n<li> S\u00fctzel v. Mergentheim<\/li>\n<li> T\u00e4ntzel v. Tratzberg<\/li>\n<li> v. Tettau<\/li>\n<li> Thum v. Neuburg<\/li>\n<li> v. Th\u00fcna<\/li>\n<li> v. Th\u00fcngen<\/li>\n<li> Truchse\u00df v. Hennenberg<\/li>\n<li> Truchse\u00df v. Pommersfelden<\/li>\n<li> Truchse\u00df v. Waldburg<\/li>\n<li> Truchse\u00df v. Wetzhausen<\/li>\n<li> v. Truppach<\/li>\n<li> v. Valcke<\/li>\n<li> v. Vobenstein<\/li>\n<li> Voit v. Rieneck<\/li>\n<li> Voit v. Saltzburg<\/li>\n<li> v. Volckersdorff<\/li>\n<li> Volmar v. Rieden<\/li>\n<li> v. Walbron<\/li>\n<li> v. Wallenfels<\/li>\n<li> v. Wangenheim<\/li>\n<li> v. Weiler<\/li>\n<li> v. Weitelshausen gen. Schraud<\/li>\n<li> v. Welling<\/li>\n<li> v. Wenge<\/li>\n<li> v. Wessenberg<\/li>\n<li> v. Wiesentau<\/li>\n<li> v. Wildenstein<\/li>\n<li> v. Wolmershausen<\/li>\n<li> v. W\u00fcrtzburg<\/li>\n<li> v. Zehmen<\/li>\n<li> Zobel v. Giebelstatt<\/li>\n<li> v. Zocha<\/li>\n<li> v. Z\u00f6llner<\/li>\n<li> Zorn v. Bulach<\/li>\n<li> v. Z\u00fcllenbach<\/li>\n<\/ul>\n<\/td>\n<td>\n<ul>\n<li>v. Adelsheim<\/li>\n<li> v. Altmanshausen<\/li>\n<li> v. Altorff gen. Wollschlager<\/li>\n<li> v. Anweil<\/li>\n<li> v. Auffsess<\/li>\n<li> v. Auwach<\/li>\n<li> v. Baden<\/li>\n<li> v. B\u00e4rner<\/li>\n<li> v. Baumg\u00e4rtner<\/li>\n<li> v. Bayren<\/li>\n<li> v. Bellershein<\/li>\n<li> v. Berlichingen<\/li>\n<li> v. Bernhausen<\/li>\n<li> v. Beroldingen<\/li>\n<li> v. Bibra<\/li>\n<li> v. Bleileben<\/li>\n<li> v. Bodmann<\/li>\n<li> v. Bothmer<\/li>\n<li> v. Breidenbach gen. Breidenstein<\/li>\n<li> v. Breifach<\/li>\n<li> v. Breitenlandenberg<\/li>\n<li> v. Buttlar<\/li>\n<li> v. Closen<\/li>\n<li> v. Cloth<\/li>\n<li> v. Crailsheim<\/li>\n<li> v. Dalwig<\/li>\n<li> v. Degenfeld<\/li>\n<li> v. Dernbach<\/li>\n<li> v. Diede zum F\u00fcrstenstein<\/li>\n<li> v. Ebersberg gen. Weyers<\/li>\n<li> Echter v. Mespelbron<\/li>\n<li> v. Egloff<\/li>\n<li> v. Ebenheim<\/li>\n<li> v. Ehrthal<\/li>\n<li> v. Eptingen<\/li>\n<li> v. Erlach<\/li>\n<li> v. Fels<\/li>\n<li> v. Freyberg<\/li>\n<li> Fuchs v. Bimbach<\/li>\n<li> Fuchs v. Dornheim<\/li>\n<li> Fuchs von Walburg<\/li>\n<li> Fuchs v. Wunfurth<\/li>\n<li> v. F\u00fcrstenberg<\/li>\n<li> Geyer v. Giebelstatt<\/li>\n<li> Giel v. Gielsperg<\/li>\n<li> v. Gimmich<\/li>\n<li> v. Glaris gen. Tschudi<\/li>\n<li> Greck v. Kochendorff<\/li>\n<li> Gremp v. Freudenstein<\/li>\n<li> v. Guttenberg<\/li>\n<li> v. Hallweil<\/li>\n<li> v. Hanxleden<\/li>\n<li> v. Heggelbach<\/li>\n<li> Henslein v. Eysenheim<\/li>\n<li> v. Herbilstatt<\/li>\n<li> v. Heidenheim<\/li>\n<li> v. Hochstetten<\/li>\n<li> v. Hohberg<\/li>\n<li> v. Hohen-Embs<\/li>\n<li> v. Hohen-H\u00f6wen<\/li>\n<li> v. Hohen-Landenberg<\/li>\n<li> v. Hohenstein<\/li>\n<li> v. Hundelshausen<\/li>\n<li> v. Hundtbi\u00df<\/li>\n<li> v. Hutten<\/li>\n<li> v. Janowitz<\/li>\n<li> v. Jarsdorff<\/li>\n<li> v. Jesteten<\/li>\n<li> v. Kaltenthal<\/li>\n<li> v. Kanstein<\/li>\n<li> v. Kellenbach<\/li>\n<li> v. Kerpen<\/li>\n<li> Ketteler v. Harkotten<\/li>\n<li> v. Klencke<\/li>\n<li> v. Klingenberg<\/li>\n<li> v. Knobloch<\/li>\n<li> Koeth v. Wanscheid<\/li>\n<li> Kottwitz von Aulenbach<\/li>\n<li> v. K\u00fcnsberg<\/li>\n<li> v. Leerodt<\/li>\n<li> v. Leineck<\/li>\n<li> v. Liechtenstein<\/li>\n<li> v. Liebenfelds<\/li>\n<li> v. Ligertz<\/li>\n<li> v. Lindenfels<\/li>\n<li> v. Linsingen<\/li>\n<li> v. Lochingen<\/li>\n<li> Lochner v. H\u00fcttenbach<\/li>\n<li> v. L\u00fcdter<\/li>\n<li> v. Mengersdorff<\/li>\n<li> Mondtbrad v. Spiegelberg<\/li>\n<li> v. M\u00fcllenheim<\/li>\n<li> M\u00fcnch v. M\u00fcnchenstein gen. L\u00f6wenburg<\/li>\n<li> v. M\u00fcnchhausen<\/li>\n<li> v. M\u00fcnchingen<\/li>\n<li> v. M\u00fcnster<\/li>\n<li> v. Neuhoff gen. Ley<\/li>\n<li> v. Neust\u00e4tter gen. St\u00fcrmer<\/li>\n<li> v. Nordeck zu Rabenau<\/li>\n<li> v. Nuhn<\/li>\n<li> v. Ostein<\/li>\n<li> v. Ow<\/li>\n<li> v. Oynhausen<\/li>\n<li> v. Payern<\/li>\n<li> v. Pra\u00dfberg<\/li>\n<li> v. Rabenstein<\/li>\n<li> v. Ramschwaag<\/li>\n<li> Recordin v. Nein<\/li>\n<li> v. Redtwitz<\/li>\n<li> Reichlich v. Meldegg<\/li>\n<li> Reuner v. Almandingen<\/li>\n<li> v. Riedern<\/li>\n<li> v. Riedheim<\/li>\n<li> Rinck v. Waldenstein<\/li>\n<li> v. Rindorff<\/li>\n<li> v. Rodenhausen<\/li>\n<li> v. Rosenberg<\/li>\n<li> v. Rotberg<\/li>\n<li> v. Rotenhan<\/li>\n<li> Roth v. Schreckenstein<\/li>\n<li> v. Rotzmann<\/li>\n<li> R\u00fcd v. Collenberg<\/li>\n<li> v. Schaffmann<\/li>\n<li> Schelm v. Bergen<\/li>\n<li> Schenk v. Castel<\/li>\n<li> Schenk v. Schweinsberg<\/li>\n<li> Schenk v. Stauffenberg<\/li>\n<li> v. Schleiffras<\/li>\n<li> v. Schlitz gen. G\u00f6rtz<\/li>\n<li> v. Scholley<\/li>\n<li> v. Sch\u00f6nau<\/li>\n<li> Schott v. Schottenstein<\/li>\n<li> v. Schutzbar gen. Milchling<\/li>\n<li> v. Schwalbach<\/li>\n<li> v. Schwartzbach<\/li>\n<li> v. Selbitz<\/li>\n<li> v. Sirgenstein<\/li>\n<li> v. Sonnenberg<\/li>\n<li> Speeth v. Zwyfalten<\/li>\n<li> v. Speeth gen. Fr\u00fcauff<\/li>\n<li> v. Spiegel zum Diesenberg<\/li>\n<li> v. Steinkallenfels<\/li>\n<li> v. Stein zum Altenstein<\/li>\n<li> v. Stiebar<\/li>\n<li> v. Stuben<\/li>\n<li> v. Tattenbach<\/li>\n<li> v. Thann<\/li>\n<li> v. Thurn<\/li>\n<li> v. Tr\u00fcmbach<\/li>\n<li> v. Ulm<\/li>\n<li> Ungelder v. Deisenhausen<\/li>\n<li> V\u00f6hlin v. Illerdissen<\/li>\n<li> v. Wechmar<\/li>\n<li> v. Weichs<\/li>\n<li> v. Weitershausen<\/li>\n<li> v. Welden<\/li>\n<li> v. Wellwart<\/li>\n<li> v. Werdenau<\/li>\n<li> v. Wesdernach<\/li>\n<li> v. Wildenstein<\/li>\n<li> v. Windhausen<\/li>\n<li> v. Wirsberg<\/li>\n<li> Wolfskeel v. Reichenberg<\/li>\n<li> Wolfskeel v. Vetzburg<\/li>\n<li> Zindt v. Kentzingen<\/li>\n<li> Zorn v. Plobsheim<\/li>\n<\/ul>\n<\/td>\n<\/tr>\n<\/table>\n","protected":false},"excerpt":{"rendered":"<p>Gefunden bei Google Books Damian Hatard von und zu Hattstein: Die Hoheit des Deutschen Reichs-Adels, Wordurch Derselbe zu Chur- und F\u00fcrstlichen Dignit\u00e4ten erhoben wird. Das ist: Vollst\u00e4ndige Probe der Ahnen<\/p>\n<div><a href=\"https:\/\/dirkpeters.info\/?p=647\" class=\"exp-read-more exp-read-more-underlined\">Read More<\/a><\/div>\n","protected":false},"author":1,"featured_media":0,"comment_status":"open","ping_status":"open","sticky":false,"template":"","format":"standard","meta":{"jetpack_post_was_ever_published":false,"_jetpack_newsletter_access":"","_jetpack_dont_email_post_to_subs":false,"_jetpack_newsletter_tier_id":0,"_jetpack_memberships_contains_paywalled_content":false,"_jetpack_memberships_contains_paid_content":false,"footnotes":"","_links_to":"","_links_to_target":""},"categories":[3,22,4],"tags":[24,28,5,82,16],"class_list":["post-647","post","type-post","status-publish","format-standard","hentry","category-buecher","category-genealogien","category-links","tag-adel","tag-ahnentafel","tag-buecher","tag-digibib","tag-google"],"jetpack_featured_media_url":"","jetpack_shortlink":"https:\/\/wp.me\/p8HCXc-ar","jetpack-related-posts":[{"id":682,"url":"https:\/\/dirkpeters.info\/?p=682","url_meta":{"origin":647,"position":0},"title":"Ahnentafeln von Rittern des Johanniterordens","author":"dirkpeters","date":"24. Juli 2010","format":false,"excerpt":"F\u00fcr alle die auf der Suche nach adligen Vorfahren aus dem Raum Brandenburg \/ Preu\u00dfen sind, k\u00f6nnten folgende B\u00fccher interessant sein: Dithmar, Justus Christoph: Genealogisch-Historische Nachricht von denen Hochw\u00fcrdigsten und Durchlauchtigsten Herren-Meistern des Ritterlichen Johanniter-Ordens, In der Marck \/ Sachsen \/ Pommern und Wendland \/ Samt des Jetzigen Herren-Meisters Printz\u2026","rel":"","context":"In &quot;Adel&quot;","block_context":{"text":"Adel","link":"https:\/\/dirkpeters.info\/?cat=44"},"img":{"alt_text":"","src":"","width":0,"height":0},"classes":[]},{"id":520,"url":"https:\/\/dirkpeters.info\/?p=520","url_meta":{"origin":647,"position":1},"title":"Internet Archive","author":"dirkpeters","date":"10. M\u00e4rz 2010","format":false,"excerpt":"Eine interessante Seite, nach eigenen Angaben nicht profitorientiert, die es sich zur Aufgabe gemacht hat, eine digitale Bibliothek von Internetseiten und anderen kulturellen Inhalten aufzustellen und f\u00fcr den freien Zugang zur Vef\u00fcgung zu stellen. Hier werden die Links zu Seiten gesammelt. Dort ist auch eine unmenge Literatur zu finden, u.\u2026","rel":"","context":"In &quot;Allgemein&quot;","block_context":{"text":"Allgemein","link":"https:\/\/dirkpeters.info\/?cat=1"},"img":{"alt_text":"","src":"","width":0,"height":0},"classes":[]},{"id":324,"url":"https:\/\/dirkpeters.info\/?p=324","url_meta":{"origin":647,"position":2},"title":"Das Handbuch des Preu\u00dfischen Adels","author":"dirkpeters","date":"27. Februar 2010","format":false,"excerpt":"Das Handbuch des Preu\u00dfischen Adels, wurde 1891 und 1893 in zwei B\u00e4nden unter Leitung von Marcelli Janecki herausgegeben. Gedacht war das Werk als Erg\u00e4nzung zu den Gothaischen Taschenb\u00fcchern, dies es zu diesem Zeitpunkt nur f\u00fcr F\u00fcrsten, Grafen und Freiherren gab. Es sollten Familien aufgenommen werden, die zum Uradel des K\u00f6nigreiches\u2026","rel":"","context":"In &quot;Adel&quot;","block_context":{"text":"Adel","link":"https:\/\/dirkpeters.info\/?cat=44"},"img":{"alt_text":"","src":"","width":0,"height":0},"classes":[]},{"id":746,"url":"https:\/\/dirkpeters.info\/?p=746","url_meta":{"origin":647,"position":3},"title":"Pommersche Lebensbilder","author":"dirkpeters","date":"15. September 2010","format":false,"excerpt":"Bei der Westpommerschen Digitale Bibliothek habe ich das Werk \u201cPommersche Lebensbilder\u201d gefunden. In diesem dreib\u00e4ndigen Werk aus den Jahren 1934 \u2013 1939. Das Werk enth\u00e4lt Biographien und Bilder von pommerschen Pers\u00f6nlichkeiten vom 18. bis zum beginnenden 20. Jahrhundert. Unter anderem sind Biographien von Johann Christoph Adelung, Ludwig Wilhelm Br\u00fcggemann, Max\u2026","rel":"","context":"In &quot;B\u00fccher&quot;","block_context":{"text":"B\u00fccher","link":"https:\/\/dirkpeters.info\/?cat=3"},"img":{"alt_text":"pommersche_lebensbilder","src":"..\/wp-content\/uploads\/2010\/09\/pommersche_lebensbilder_thumb.png","width":350,"height":200},"classes":[]},{"id":805,"url":"https:\/\/dirkpeters.info\/?p=805","url_meta":{"origin":647,"position":4},"title":"Herold-Jahrbuch 2010","author":"dirkpeters","date":"22. Dezember 2010","format":false,"excerpt":"Kurz vor Jahresende wurde vom Herold, Verein f\u00fcr Heraldik, Genealogie und verwandte Wissenschaften zu Berlin das Herold-Jahrbuch 2010 herausgegeben. Aus dem Inhalt: Eckart Henning: Der \u201cdoppelte\u201d Herold, Ottfried Neubecker und J\u00fcrgen Arndt \u2013 ein Beitrag zur Wissenschaftsgeschichte der deutschen Heraldik Lutz Henning: Die Eide der pommerschen M\u00fcller 1738\/39. Eine Quelle\u2026","rel":"","context":"In &quot;B\u00fccher&quot;","block_context":{"text":"B\u00fccher","link":"https:\/\/dirkpeters.info\/?cat=3"},"img":{"alt_text":"herold-jahrbuch-2010","src":"https:\/\/i0.wp.com\/www.dirkpeters.net\/wp-content\/uploads\/2010\/12\/heroldjahrbuch2010_thumb.jpg?resize=350%2C200","width":350,"height":200},"classes":[]},{"id":4119,"url":"https:\/\/dirkpeters.info\/?p=4119","url_meta":{"origin":647,"position":5},"title":"Stamme ich von Jesus ab &#8211; eine Buchvorstellung","author":"dirkpeters","date":"9. Juni 2021","format":false,"excerpt":"Am 08. Juni 2021 bin ich von Prof. Dr. Rainer Zielke auf sein in diesem Jahre erschienenes Buch \u201eDie Vorfahren Karls des Gro\u00dfen - Eine 4000-j\u00e4hrige genealogische-kulturhistorische Zeitreise bis hin zu Jesu Christi, K\u00f6nig David, Abraham, Noah und Adam (epische 136 Generationen Abstammung)\u201c hingewiesen worden. In diesem Buch stellt Prof.\u2026","rel":"","context":"In &quot;Ahnenforschung&quot;","block_context":{"text":"Ahnenforschung","link":"https:\/\/dirkpeters.info\/?cat=9"},"img":{"alt_text":"","src":"https:\/\/i0.wp.com\/dirkpeters.info\/wp-content\/uploads\/2021\/06\/Karl.jpg?fit=614%2C872&ssl=1&resize=350%2C200","width":350,"height":200,"srcset":"https:\/\/i0.wp.com\/dirkpeters.info\/wp-content\/uploads\/2021\/06\/Karl.jpg?fit=614%2C872&ssl=1&resize=350%2C200 1x, https:\/\/i0.wp.com\/dirkpeters.info\/wp-content\/uploads\/2021\/06\/Karl.jpg?fit=614%2C872&ssl=1&resize=525%2C300 1.5x"},"classes":[]}],"jetpack_sharing_enabled":true,"jetpack_likes_enabled":true,"_links":{"self":[{"href":"https:\/\/dirkpeters.info\/index.php?rest_route=\/wp\/v2\/posts\/647","targetHints":{"allow":["GET"]}}],"collection":[{"href":"https:\/\/dirkpeters.info\/index.php?rest_route=\/wp\/v2\/posts"}],"about":[{"href":"https:\/\/dirkpeters.info\/index.php?rest_route=\/wp\/v2\/types\/post"}],"author":[{"embeddable":true,"href":"https:\/\/dirkpeters.info\/index.php?rest_route=\/wp\/v2\/users\/1"}],"replies":[{"embeddable":true,"href":"https:\/\/dirkpeters.info\/index.php?rest_route=%2Fwp%2Fv2%2Fcomments&post=647"}],"version-history":[{"count":5,"href":"https:\/\/dirkpeters.info\/index.php?rest_route=\/wp\/v2\/posts\/647\/revisions"}],"predecessor-version":[{"id":4052,"href":"https:\/\/dirkpeters.info\/index.php?rest_route=\/wp\/v2\/posts\/647\/revisions\/4052"}],"wp:attachment":[{"href":"https:\/\/dirkpeters.info\/index.php?rest_route=%2Fwp%2Fv2%2Fmedia&parent=647"}],"wp:term":[{"taxonomy":"category","embeddable":true,"href":"https:\/\/dirkpeters.info\/index.php?rest_route=%2Fwp%2Fv2%2Fcategories&post=647"},{"taxonomy":"post_tag","embeddable":true,"href":"https:\/\/dirkpeters.info\/index.php?rest_route=%2Fwp%2Fv2%2Ftags&post=647"}],"curies":[{"name":"wp","href":"https:\/\/api.w.org\/{rel}","templated":true}]}}