{"id":619,"date":"2010-05-07T21:21:46","date_gmt":"2010-05-07T19:21:46","guid":{"rendered":"http:\/\/test.dirkpeters.net\/?p=619"},"modified":"2018-09-29T21:08:41","modified_gmt":"2018-09-29T19:08:41","slug":"ludwig-christian-mieg","status":"publish","type":"post","link":"https:\/\/dirkpeters.info\/?p=619","title":{"rendered":"Ludwig Christian Mieg"},"content":{"rendered":"<p>Aus meiner Ahnenliste<\/p>\n<p>Ludwig Christian Mieg<br \/>* 10.08.1668 Heidelberg<br \/>\u2020 19.01.1740 Heidelberg<br \/>Vater: Johann Friedrich Mieg<br \/>Mutter: Catharina Modesta Stra\u00dfburg<\/p>\n<p>Ehefrau: Louise Chatharina Pauli<\/p>\n<p>Schwiegersohn: <a href=\"?p=614\">Abraham de Mar\u00e9es<\/a><\/p>\n<p>Ludwig Christian M., reformirter Theolog, geb. am 10. Aug. 1668 zu Heidelberg, \u2020 am 19. Januar 1740 ebendaselbst. Er war ein Sohn des Professors der Theologie und Consistorialrathes Johann Friedrich M., welcher an seinem 49. Geburtstag am 12. August 1691 zu Gr\u00f6ningen, wohin er eben von Heidelberg \u00fcbergesiedelt war, gestorben ist. Seit 1684 den theologischen Studien in Heidelberg und Basel ergeben, wurde er 1686 in seiner Vaterstadt Magister und, w\u00e4hrend der 1689\u2014&nbsp;&nbsp;&nbsp;&nbsp;&nbsp; 90 dauernden Kriegsgefangenschaft seines Vaters, Prediger an der reformirten Gemeinde in Mannheim, mit welcher er in den Kriegsunruhen nach Hanau auswanderte. Dann unternahm er eine Reise nach Utrecht und Leiden und wurde 1691 Professor der griechischen Sprache und reformirter Prediger in Rinteln. Von da siedelte er 1694 als Professor und Prediger nach Marburg \u00fcber, wo er 1697 Doctor und Ordinarius der Theologie wurde. Von ihm stammt die erste Kunde, welche 1704 \u00fcber das Treiben der Buttlar&#8217;schen Rotte in die Oeffentlichkeit drang. Im J. 1705 anl\u00e4\u00dflich der Erneuerung des pf\u00e4lzer Kirchenwesens nach der Religionsbeclaration zum Kirchenrath, Professor der Theologie, Pfarrer bei Heilig-Geist und Ephorus des Sapienz-Collegiums in Heidelberg ernannt, war er dort mit seinen Collegen Kirchmeyer und Pastoir w\u00e4hrend des Religionsterrorismus unter den Kurf\u00fcrsten Johann Wilhelm und Karl Philipp eine Hauptst\u00fctze der reformirten Glaubensgenossen und zeichnete sich schon durch Vertheidigung der reformirten Kircheng\u00fcter gegen die Anspr\u00fcche der Lutheraner aus (&#8222;Ausf\u00fchrlicher Bericht von der Reformation etc.&#8220;, Heidelberg 1715), mehr noch durch muthiges Auftreten bei Gelegenheit der 1719 verf\u00fcgten Wegnahme der Heilig-Geist-Kirche und des Verbotes des Heidelberger Katechismus durch die von Jesuiten geleitete Regierung. Seit 1730 predigte er nicht mehr in Folge eines Schlagflusses. Bei J\u00f6cher-Rotermund IV, 2, S. 1711 f. finden sich 58 seiner Schriften aufgez\u00e4hlt, meist Predigten und Dissertationen. Am bekanntesten wurden seine mit dem Mediciner Nebel herausgegebenen &#8222;Monumenta pietatis et literaria virorum in re publica et literaria illustrium selecta&#8220; (Frankfurt 1701). Seine &#8222;Meletemata sacra de officio pastoris&#8220; (Frankfurt 1747), seine &#8222;Introductio in historiam ecclesiasticam&#8220; (Gr\u00fcnstadt 1767) und Anderes gab sein Sohn Johann Friedrich M. heraus.<br \/>Quelle: Holtzmann., \u201e Mieg, Ludwig Christian&#8220;, in: Allgemeine Deutsche Biographie 21 (1885), S. 712 [Onlinefassung]; URL: <a href=\"http:\/\/www.deutsche-biographie.de\/artikelADB_pnd117027219.html\" target=\"_blank\">http:\/\/www.deutsche-biographie.de\/artikelADB_pnd117027219.html<\/a><br \/>weitere Information zur Familie und deren Genealogie finden sich in der <a href=\"https:\/\/datenbank.dirkpeters.info\" target=\"_blank\">Datenbank<\/a>.<\/p>\n","protected":false},"excerpt":{"rendered":"<p>Aus meiner Ahnenliste Ludwig Christian Mieg* 10.08.1668 Heidelberg\u2020 19.01.1740 HeidelbergVater: Johann Friedrich MiegMutter: Catharina Modesta Stra\u00dfburg Ehefrau: Louise Chatharina Pauli Schwiegersohn: Abraham de Mar\u00e9es Ludwig Christian M., reformirter Theolog, geb.<\/p>\n<div><a href=\"https:\/\/dirkpeters.info\/?p=619\" class=\"exp-read-more exp-read-more-underlined\">Read More<\/a><\/div>\n","protected":false},"author":1,"featured_media":0,"comment_status":"open","ping_status":"open","sticky":false,"template":"","format":"standard","meta":{"jetpack_post_was_ever_published":false,"_jetpack_newsletter_access":"","_jetpack_dont_email_post_to_subs":false,"_jetpack_newsletter_tier_id":0,"_jetpack_memberships_contains_paywalled_content":false,"_jetpack_memberships_contains_paid_content":false,"footnotes":"","_links_to":"","_links_to_target":""},"categories":[22],"tags":[139,8,163],"class_list":["post-619","post","type-post","status-publish","format-standard","hentry","category-genealogien","tag-ahnentafel-peters","tag-biographie","tag-mieg"],"jetpack_featured_media_url":"","jetpack_shortlink":"https:\/\/wp.me\/p8HCXc-9Z","jetpack-related-posts":[{"id":614,"url":"https:\/\/dirkpeters.info\/?p=614","url_meta":{"origin":619,"position":0},"title":"Abraham de Mar\u00e9es","author":"dirkpeters","date":"24. April 2010","format":false,"excerpt":"Aus meiner Ahnenliste: Abraham de Mar\u00e9es* 02.06.1685 Gimo (Schweden)\u2020 04.08.1760 DessauVater: Johann de Mar\u00e9esMutter: Sara MeytensEhefrau: Elisabeht Adelheid Mieg (18.5.1698 \u2013 1776) Abraham de M. (Maresius), aus einer reformirten Familie, die in den spanischen Niederlanden ans\u00e4ssig, die Heimath wegen der Verfolgungen Alba's verlassen und sich in Stockholm niedergelassen hatte, kam\u2026","rel":"","context":"In &quot;Genealogien&quot;","block_context":{"text":"Genealogien","link":"https:\/\/dirkpeters.info\/?cat=22"},"img":{"alt_text":"","src":"","width":0,"height":0},"classes":[]},{"id":837,"url":"https:\/\/dirkpeters.info\/?p=837","url_meta":{"origin":619,"position":1},"title":"brandenburgisch-preu\u00dfische Generale","author":"dirkpeters","date":"16. April 2011","format":false,"excerpt":"Aus meiner Bibliothek Ein wahrer Schatz in meiner Bibliothek ist eine komplette Kopie der 10 B\u00e4nde des Werkes von Kurt von Priesdorff (1881-1967) \u201cSoldatisches F\u00fchrertum\u201d. Eine Sammlung von Biographien der brandenburgisch-preu\u00dfischen Generale. Es wurde durch die Hanseatische Verlagsgesellschaft Hamburg zwischen 1936 und 1942 herausgegeben. Die Sammlung enth\u00e4lt 3359 Biographien von\u2026","rel":"","context":"In &quot;B\u00fccher&quot;","block_context":{"text":"B\u00fccher","link":"https:\/\/dirkpeters.info\/?cat=3"},"img":{"alt_text":"priesdorff","src":"https:\/\/i0.wp.com\/www.dirkpeters.net\/wp-content\/uploads\/2011\/04\/priesdorff_thumb.jpg?resize=350%2C200","width":350,"height":200},"classes":[]},{"id":721,"url":"https:\/\/dirkpeters.info\/?p=721","url_meta":{"origin":619,"position":2},"title":"Daniel Tossanus d. \u00c4.","author":"dirkpeters","date":"28. August 2010","format":false,"excerpt":"Aus meiner Ahnenliste Daniel Tossanus d. \u00c4. * 15.07.1541 M\u00f6mpelgard \u2020 16.01.1602 Heidelberg Vater: Pierre Toussaint Mutter Jeanne Trinquatte d'Audincourt Ehefrau: Marie Couet du Vivier Daniel T. der Aeltere, ausgezeichnet als Apologet reformirter Lehre und hervorragend als Leiter des Kirchenwesens in der Kurpfalz, geboren zu M\u00f6mbelgard, dem heutigen Montb\u00e9liard, am\u2026","rel":"","context":"In &quot;Genealogien&quot;","block_context":{"text":"Genealogien","link":"https:\/\/dirkpeters.info\/?cat=22"},"img":{"alt_text":"","src":"","width":0,"height":0},"classes":[]},{"id":640,"url":"https:\/\/dirkpeters.info\/?p=640","url_meta":{"origin":619,"position":3},"title":"Alexander Hermann von Wartensleben","author":"dirkpeters","date":"23. Mai 2010","format":false,"excerpt":"Aus meiner Ahnenliste Alexander Hermann Reichsgraf von Wartensleben * 16.12.1650 Lippspringe\u2020 25.01.1734 Berlin Vater: Hans Hermann von WartenslebenMutter: Margarethe Elisabeth von Haxthausen Ehefrauen:1. Sophie Dorothea von May (1655 \u2013 1684)2. Anna Sophia v. Tresckow Alexander Hermann Graf v. W., k\u00f6niglich preu\u00dfischer Generalfeldmarschall, war am 16. December 1650 zu Lippspringe, wo\u2026","rel":"","context":"In &quot;Ahnenforschung&quot;","block_context":{"text":"Ahnenforschung","link":"https:\/\/dirkpeters.info\/?cat=9"},"img":{"alt_text":"Wartensleben_Alexander_Hermann","src":"..\/wp-content\/uploads\/2010\/05\/Wartensleben_Alexander_Hermann_thumb.jpg","width":350,"height":200},"classes":[]},{"id":62,"url":"https:\/\/dirkpeters.info\/?p=62","url_meta":{"origin":619,"position":4},"title":"Johann Friedrich Rhetz (von Rhetz, Rhetius)","author":"dirkpeters","date":"30. September 2009","format":false,"excerpt":"Johann Friedrich Rhetz wurde 1633 in Brandenburg an der Havel geboren. Er studierte Jura in Wittenberg und an der Viadrina in Frankfurt \/ Oder. Dort war unter anderem Friedrich von Jena und dessen Bruder Gottfried seine Lehrer. Nach dem Studium wurde er Professor und Doktor der Rechte und r\u00fcckte 1673\u2026","rel":"","context":"In &quot;Ahnenforschung&quot;","block_context":{"text":"Ahnenforschung","link":"https:\/\/dirkpeters.info\/?cat=9"},"img":{"alt_text":"","src":"https:\/\/i0.wp.com\/test.dirkpeters.net\/wp-content\/uploads\/2017\/05\/rhetz-221x300.jpg?resize=350%2C200","width":350,"height":200},"classes":[]},{"id":1630,"url":"https:\/\/dirkpeters.info\/?p=1630","url_meta":{"origin":619,"position":5},"title":"Universit\u00e4tsmatrikel","author":"dirkpeters","date":"10. September 2014","format":false,"excerpt":"Universit\u00e4tsmatrikel aus ganz Europa Altdorf Die Matrikel der Universit\u00e4t Altdorf (1576-1809), (Ver\u00f6ffentlichungen der Gesellschaft f\u00fcr Fr\u00e4nkische Geschichte, Vierte Reihe, Matrikeln fr\u00e4nkischer Schulen), Kgl. Universit\u00e4tsdruckerei H. St\u00fcrtz A. G., W\u00fcrzburg 1912 Erster Teil: Text Zweiter Teil: Register Amsterdam Album academicum van het Athenaeum illustre en van de Universiteit van Amsterdam, bevattende\u2026","rel":"","context":"In &quot;Links&quot;","block_context":{"text":"Links","link":"https:\/\/dirkpeters.info\/?cat=4"},"img":{"alt_text":"","src":"","width":0,"height":0},"classes":[]}],"jetpack_sharing_enabled":true,"jetpack_likes_enabled":true,"_links":{"self":[{"href":"https:\/\/dirkpeters.info\/index.php?rest_route=\/wp\/v2\/posts\/619","targetHints":{"allow":["GET"]}}],"collection":[{"href":"https:\/\/dirkpeters.info\/index.php?rest_route=\/wp\/v2\/posts"}],"about":[{"href":"https:\/\/dirkpeters.info\/index.php?rest_route=\/wp\/v2\/types\/post"}],"author":[{"embeddable":true,"href":"https:\/\/dirkpeters.info\/index.php?rest_route=\/wp\/v2\/users\/1"}],"replies":[{"embeddable":true,"href":"https:\/\/dirkpeters.info\/index.php?rest_route=%2Fwp%2Fv2%2Fcomments&post=619"}],"version-history":[{"count":4,"href":"https:\/\/dirkpeters.info\/index.php?rest_route=\/wp\/v2\/posts\/619\/revisions"}],"predecessor-version":[{"id":2271,"href":"https:\/\/dirkpeters.info\/index.php?rest_route=\/wp\/v2\/posts\/619\/revisions\/2271"}],"wp:attachment":[{"href":"https:\/\/dirkpeters.info\/index.php?rest_route=%2Fwp%2Fv2%2Fmedia&parent=619"}],"wp:term":[{"taxonomy":"category","embeddable":true,"href":"https:\/\/dirkpeters.info\/index.php?rest_route=%2Fwp%2Fv2%2Fcategories&post=619"},{"taxonomy":"post_tag","embeddable":true,"href":"https:\/\/dirkpeters.info\/index.php?rest_route=%2Fwp%2Fv2%2Ftags&post=619"}],"curies":[{"name":"wp","href":"https:\/\/api.w.org\/{rel}","templated":true}]}}