{"id":3943,"date":"2020-10-02T18:42:35","date_gmt":"2020-10-02T16:42:35","guid":{"rendered":"https:\/\/dirkpeters.info\/?p=3943"},"modified":"2023-01-14T19:06:26","modified_gmt":"2023-01-14T18:06:26","slug":"stammtafeln-in-der-lindnerschen-sammlung","status":"publish","type":"post","link":"https:\/\/dirkpeters.info\/?p=3943","title":{"rendered":"Stammtafeln in der Lindnerschen Sammlung"},"content":{"rendered":"<p><a href=\"https:\/\/i0.wp.com\/dirkpeters.info\/wp-content\/uploads\/2020\/10\/Stammtafel_Kratz.jpg?ssl=1\"><img data-recalc-dims=\"1\" loading=\"lazy\" decoding=\"async\" data-attachment-id=\"3946\" data-permalink=\"https:\/\/dirkpeters.info\/?attachment_id=3946\" data-orig-file=\"https:\/\/i0.wp.com\/dirkpeters.info\/wp-content\/uploads\/2020\/10\/Stammtafel_Kratz.jpg?fit=1500%2C1541&ssl=1\" data-orig-size=\"1500,1541\" data-comments-opened=\"1\" data-image-meta=\"{&quot;aperture&quot;:&quot;0&quot;,&quot;credit&quot;:&quot;&quot;,&quot;camera&quot;:&quot;&quot;,&quot;caption&quot;:&quot;&quot;,&quot;created_timestamp&quot;:&quot;0&quot;,&quot;copyright&quot;:&quot;&quot;,&quot;focal_length&quot;:&quot;0&quot;,&quot;iso&quot;:&quot;0&quot;,&quot;shutter_speed&quot;:&quot;0&quot;,&quot;title&quot;:&quot;&quot;,&quot;orientation&quot;:&quot;0&quot;}\" data-image-title=\"Stammtafel_Kratz\" data-image-description=\"\" data-image-caption=\"\" data-large-file=\"https:\/\/i0.wp.com\/dirkpeters.info\/wp-content\/uploads\/2020\/10\/Stammtafel_Kratz.jpg?fit=997%2C1024&ssl=1\" src=\"https:\/\/i0.wp.com\/dirkpeters.info\/wp-content\/uploads\/2020\/10\/Stammtafel_Kratz.jpg?resize=292%2C300&ssl=1\" alt=\"\" width=\"292\" height=\"300\" class=\"alignright size-medium wp-image-3946\" srcset=\"https:\/\/i0.wp.com\/dirkpeters.info\/wp-content\/uploads\/2020\/10\/Stammtafel_Kratz.jpg?resize=292%2C300&ssl=1 292w, https:\/\/i0.wp.com\/dirkpeters.info\/wp-content\/uploads\/2020\/10\/Stammtafel_Kratz.jpg?resize=997%2C1024&ssl=1 997w, https:\/\/i0.wp.com\/dirkpeters.info\/wp-content\/uploads\/2020\/10\/Stammtafel_Kratz.jpg?resize=768%2C789&ssl=1 768w, https:\/\/i0.wp.com\/dirkpeters.info\/wp-content\/uploads\/2020\/10\/Stammtafel_Kratz.jpg?resize=1495%2C1536&ssl=1 1495w, https:\/\/i0.wp.com\/dirkpeters.info\/wp-content\/uploads\/2020\/10\/Stammtafel_Kratz.jpg?resize=50%2C50&ssl=1 50w, https:\/\/i0.wp.com\/dirkpeters.info\/wp-content\/uploads\/2020\/10\/Stammtafel_Kratz.jpg?w=1500&ssl=1 1500w\" sizes=\"auto, (max-width: 292px) 100vw, 292px\" \/><\/a><\/p>\n<p>Die <a href=\"?p=3381\">Lindnersche Sammlung<\/a> in der <a href=\"https:\/\/opacplus.bsb-muenchen.de\/metaopac\/refineSearch.do?id=subject_facet&methodToCall=filterSearch&subval=GenealogischeTafel\" rel=\"noopener noreferrer\" target=\"_blank\">Bayerischen Staatsbiliothek<\/a> enth\u00e4lt neben den bekannten Ahnentafeln (in den \u201e-a \u2013 B\u00e4nden\u201c) in den \u201e-b \u2013 B\u00e4nden\u201c auch eine Vielzahl von Stammtafeln. Die Stammtafeln enthalten leider eine Vielzahl von Fehlern, lediglich im 18. Jahrhundert sind sie relativ zuverl\u00e4ssig. Es ist auch nicht empfehleneswert, sie direkt als PDF-Datei herunterzuladen. Die Stammtafeln sind in der Vielzahl sehr gro\u00df, weshalb die Bayerische Staatsbibliothek sie meistens auch in mehrere Bl\u00e4tter aufgeteilt hat. Die Aufl\u00f6sung der herunterladbaren PDF-Dateien ist nicht gro\u00df genug um bei vielen Tafeln eine sinnvolle Erkennbarkeit zu erm\u00f6glichen. Also muss beim Download meistens die Erstellung von JPG-Dateien mit 300 dpi angemeldet werden, oder die maximale Vergr\u00f6\u00dferung in der Onlinedarstellung angeklickt werden, um Details zu erkennen.<\/p>\n<ul>\n<li><a href=\"https:\/\/dirkpeters.info\/wp-content\/uploads\/2020\/10\/stammtafel.pdf\" target=\"_blank\" rel=\"noopener noreferrer\">Stammtafel der Familie von Loeben (in ganzer Gr\u00f6\u00dfe ca. 32 MB<\/a><\/li>\n<li><a href=\"?p=3381\" rel=\"noopener noreferrer\" target=\"_blank\">Links zu den Digitalisaten<\/a><\/lI>\n<\/ul>\n<hr \/>\n<h3>\u00dcbersicht der enthaltenen Stammtafeln<\/h3>\n<table style=\"width: 100%\">\n<tr>\n<th style=\"width: 33%\">Band 1b<\/th>\n<th style=\"width: 33%\">Band 2b<\/th>\n<th style=\"width: 33%\">Band 3b<\/th>\n<\/tr>\n<tr>\n<td>\n<ul>\n<li>von Sch\u00f6nberg<\/li>\n<li>von P\u00f6llnitz<\/li>\n<li>von Carlowitz<\/li>\n<li>von Burckersroda<\/li>\n<li>von Th\u00fcmen<\/li>\n<li>von R\u00f6der<\/li>\n<li>von Birckholtz<\/li>\n<li>von Breitenbauch<\/li>\n<li>von Zeutzsch<\/li>\n<li>von Wangelin<\/li>\n<li>von Br\u00f6sigke<\/li>\n<li>von der Pforta<\/li>\n<li>von D\u00f6ring<\/li>\n<li>von der Lochau<\/li>\n<li>von Maxen<\/li>\n<li>von Neitsch\u00fctz<\/li>\n<li>von Pistoris<\/li>\n<li>von Preuss<\/li>\n<li>von Sch\u00f6nberg<\/li>\n<li>von Starschedel<\/li>\n<li>Thilo von Thielau<\/li>\n<li>von Venediger<\/li>\n<li>von der Sahla<\/li>\n<li>von Zinzendorff und Pottendorff<\/li>\n<li>von Bose<\/li>\n<li>von Sch\u00f6nfeld<\/li>\n<li>von Callenberg<\/li>\n<li>von Flemming<\/li>\n<\/ul>\n<\/td>\n<td>\n<ul>\n<li>von Heynitz<\/li>\n<li>von Hartitzsch<\/li>\n<li>Koelbel von Geyssing<\/li>\n<li>von Leipziger<\/li>\n<li>von Loss<\/li>\n<li>von M\u00f6llendorff<\/li>\n<li>von Friesen<\/li>\n<li>von Imhoff<\/li>\n<li>von Seyffertitz<\/li>\n<li>von Miltitz<\/li>\n<li>von D\u00f6hlau<\/li>\n<li>von Beichlingen<\/li>\n<li>von Drandorff<\/li>\n<li>von Kratz<\/li>\n<li>von Uffel<\/li>\n<li>von Mergenthal<\/li>\n<li>von Fullen<\/li>\n<li>von Holleufer<\/li>\n<li>von K\u00f6tteritz<\/li>\n<li>von Maltitz<\/li>\n<li>von Mordeisen<\/li>\n<li>von  M\u00fclckau<\/li>\n<li>von Pl\u00f6tz<\/li>\n<li>von Wobeser<\/li>\n<li>von Schlegel<\/li>\n<li>von Sch\u00f6nberg<\/li>\n<li>von Steube<\/li>\n<li>von Einsiedel<\/li>\n<li>von Taubenheim<\/li>\n<li>von Wuthenau<\/li>\n<li>von Mandelsloh<\/li>\n<li>von Diesskau<\/li>\n<li>von Dr\u00f6ssel<\/li>\n<li>von Polentz<\/li>\n<li>von Dachr\u00f6den<\/li>\n<li>von Wolffersdorff<\/li>\n<li>von Metzsch<\/li>\n<\/ul>\n<\/td>\n<td>\n<ul>\n<li>von Weissbach<\/li>\n<li>von Zanthier<\/li>\n<li>von Taube<\/li>\n<li>von Berbisdorff<\/li>\n<li>von Neidtberg<\/li>\n<li>von Schirnding<\/li>\n<li>von Beust<\/li>\n<li>von der Heyde<\/li>\n<li>von G\u00f6\u00dfnitz<\/li>\n<li>von Sch\u00f6nberg<\/li>\n<li>von der Gabelentz<\/li>\n<li>von dem Busch<\/li>\n<li>von Seydewitz<\/li>\n<li>von Leubitz<\/li>\n<li>von Oebschelwitz<\/li>\n<li>von Freywald<\/li>\n<li>von Obernitz<\/li>\n<li>von Hertinghausen<\/li>\n<li>von Schierbrand<\/li>\n<li>von T\u00f6pffer<\/li>\n<li>von Reineck<\/li>\n<li>von Heringen<\/li>\n<li>von Tettenborn<\/li>\n<li>von Haussen<\/li>\n<li>von Rockhausen<\/li>\n<li>von M\u00fcnchhausen<\/li>\n<li>von Br\u00fchl<\/li>\n<li>von Biesenrodt<\/li>\n<li>von Schlottheim<\/li>\n<li>von Eberst\u00e4dt<\/li>\n<li>von Marschall \u2013 in Th\u00fcringen<\/li>\n<li>von Streithorst<\/li>\n<li>von Eschwege<\/li>\n<li>von U\u00dflar<\/li>\n<li>von Natzmar<\/li>\n<li>von Raschau<\/li>\n<li>von Goldacker<\/li>\n<li>von Brand<\/li>\n<li>von Seebach<\/li>\n<li>von Lichtenhayn<\/li>\n<li>von Sommerlatt<\/li>\n<li>von Ende<\/li>\n<li>von Zaschnitz<\/li>\n<li>von Panschmann<\/li>\n<li>von B\u00f6ltzig<\/li>\n<li>von Lattorff<\/li>\n<li>Brand von Lindau<\/li>\n<\/ul>\n<\/td>\n<\/tr>\n<tr>\n<th>Band 4b<\/th>\n<th>Band 5b<\/th>\n<th>Band 6b<\/th>\n<\/tr>\n<tr>\n<td>\n<ul>\n<li>von Lochau<\/li>\n<li>von Bodenhausen<\/li>\n<li>von Rauchhaupt<\/li>\n<li>von Schieck<\/li>\n<li>von Hoym<\/li>\n<li>von Wangenheim<\/li>\n<li>von Altmannshofen<\/li>\n<li>von G\u00f6tze<\/li>\n<li>von Sch\u00f6nberg<\/li>\n<li>von Stammer<\/li>\n<li>von Baudis<\/li>\n<li>von Dallwitz<\/li>\n<li>von Kessel und Tscheutsch<\/li>\n<li>von L\u00fctzelburg<\/li>\n<li>von Haugwitz<\/li>\n<li>von Barth \u2013 in Sachsen<\/li>\n<li>von Rohr<\/li>\n<li>von Gr\u00fcnberg<\/li>\n<li>von Sp\u00f6rck<\/li>\n<li>von Diede<\/li>\n<li>von Schlitz gen. G\u00f6rtz<\/li>\n<li>von Heerdegen<\/li>\n<li>von Nimptsch<\/li>\n<li>von Dehn-Rothfelser<\/li>\n<li>von Feilitzsch<\/li>\n<li>von Gr\u00fcnrodt<\/li>\n<li>von Knoch<\/li>\n<li>von Peistel<\/li>\n<li>von der Planitz<\/li>\n<li>von Reibold<\/li>\n<li>von Schleinitz<\/li>\n<li>Sahrer von Sahr<\/li>\n<li>von Schauroth<\/li>\n<li>von Schellendorff<\/li>\n<li>von Stangen<\/li>\n<li>von Stein<\/li>\n<li>von Th\u00fcmmel<\/li>\n<li>von Thumbshirn<\/li>\n<li>von Troyff<\/li>\n<li>Wamboldt von Umstadt<\/li>\n<li>von Weltewitz<\/li>\n<li>von Baudis<\/li>\n<\/ul>\n<\/td>\n<td>\n<ul>\n<li>von der Asseburg<\/li>\n<li>von H\u00e4u\u00dfler<\/li>\n<li>von Schweinitz<\/li>\n<li>von dem Werder<\/li>\n<li>von H\u00fcnicke<\/li>\n<li>von D\u00f6ben<\/li>\n<li>von Arnst\u00e4dt<\/li>\n<li>von Ebeleben<\/li>\n<li>von G\u00fcntherodt<\/li>\n<li>von Winckelmann<\/li>\n<li>von Bornst\u00e4dt<\/li>\n<li>von K\u00f6rbitz<\/li>\n<li>von Sahlhausen<\/li>\n<li>von Degenfeld<\/li>\n<li>von Zellgenhauer<\/li>\n<li>von Sch\u00f6nberg<\/li>\n<li>von Nitzschwitz<\/li>\n<li>von Winterfeld<\/li>\n<li>von Maltzan<\/li>\n<li>von Selmnitz<\/li>\n<li>von Ryssel<\/li>\n<li>von Br\u00f6mbse<\/li>\n<li>von Erffa<\/li>\n<li>von Theler<\/li>\n<li>von Hahn<\/li>\n<li>von Zehmen<\/li>\n<li>von Heldreich<\/li>\n<li>von Hund und Altengrottkau<\/li>\n<li>von Koseritz<\/li>\n<li>von Quingenberg<\/li>\n<li>von Stutterheim<\/li>\n<li>von Wallwitz<\/li>\n<li>von Bodtfeld<\/li>\n<li>von Bombsdorff<\/li>\n<li>von Ziegesar<\/li>\n<li>von Trebra<\/li>\n<li>von Th\u00fcnau<\/li>\n<li>von Sommerst\u00e4dt<\/li>\n<li>von \u00dcchtritz<\/li>\n<li>von Breitenbach<\/li>\n<li>von Rabiel<\/li>\n<li>von Zenge<\/li>\n<li>von Beulwitz<\/li>\n<li>von Dobeneck<\/li>\n<\/ul>\n<\/td>\n<td>\n<ul>\n<li>von Luckowin<\/li>\n<li>von Portzig<\/li>\n<li>von Heydenreich<\/li>\n<li>von Dewitz<\/li>\n<li>von Koeckritz<\/li>\n<li>von Breitenbach gen. Breidenstein<\/li>\n<li>von Penzig<\/li>\n<li>von Sch\u00f6nburg<\/li>\n<li>von T\u00e4ttenbach<\/li>\n<li>Vitzthum von Eckst\u00e4dt<\/li>\n<li>von Watzdorff<\/li>\n<li>von Wehlen<\/li>\n<li>von Ziegler und Klipphausen<\/li>\n<li>Bachoff von Echt<\/li>\n<li>von Bennigsen<\/li>\n<li>von Berge<\/li>\n<li>von Holtzendorff<\/li>\n<li>von Unruh<\/li>\n<li>von Naundorff<\/li>\n<li>von Ponickau<\/li>\n<li>von Pfuel<\/li>\n<li>von Rackel<\/li>\n<li>von Reitzenstein<\/li>\n<li>von Theler<\/li>\n<li>von Reinbaben<\/li>\n<\/ul>\n<\/td>\n<\/tr>\n<tr>\n<th>Band 7b<\/th>\n<th>Band 8b<\/th>\n<th>Band 9b<\/th>\n<\/tr>\n<tr>\n<td>\n<ul>\n<li>von Kottwitz<\/li>\n<li>von Donop<\/li>\n<li>von Hohberg<\/li>\n<li>von Hanstein<\/li>\n<li>von Hackeborn<\/li>\n<li>von Goldstein<\/li>\n<li>von Briesen<\/li>\n<li>von Alvensleben<\/li>\n<li>von Seckendorff<\/li>\n<li>von Lehrbach<\/li>\n<li>von Stein zu Altenstein<\/li>\n<li>von Meysenbuch<\/li>\n<li>von Geusau<\/li>\n<li>von Canitz<\/li>\n<li>von Metzradt<\/li>\n<li>von Sch\u00f6ning<\/li>\n<li>von Meu\u00dfbach<\/li>\n<li>von Rotenhan<\/li>\n<li>von Boineburg<\/li>\n<li>von Witzleben<\/li>\n<li>von Ahlefeld<\/li>\n<li>von B\u00e4renstein<\/li>\n<li>von Eberstein<\/li>\n<li>von Promnitz<\/li>\n<li>von Bibra<\/li>\n<li>Bock von Pollach<\/li>\n<li>von Kitzscher<\/li>\n<li>von K\u00f6tzschau<\/li>\n<li>von Kolba<\/li>\n<li>von Tanne<\/li>\n<li>von Hertenberg<\/li>\n<li>von Haubitz<\/li>\n<li>von Hagenest<\/li>\n<li>von Kospoth<\/li>\n<li>von L\u00fcschwitz<\/li>\n<li>von Peres<\/li>\n<li>von Etzdorff<\/li>\n<li>von Hacke<\/li>\n<\/ul>\n<\/td>\n<td>\n<ul>\n<li>von Kyau<\/li>\n<li>von Liebenau<\/li>\n<li>von Luttitz<\/li>\n<li>Marschall von Bieberstein<\/li>\n<li>von Minckwitz<\/li>\n<li>von Schafgotsch<\/li>\n<li>von Rantzow<\/li>\n<li>von R\u00f6mer<\/li>\n<li>von Wahren<\/li>\n<li>von Wrbna<\/li>\n<li>von Oesterling<\/li>\n<li>von Gabelkoven<\/li>\n<li>von Regal<\/li>\n<li>von Krosigk<\/li>\n<li>von Schifer<\/li>\n<li>von der Malsburg<\/li>\n<li>von Kuffstein<\/li>\n<li>von Tettau<\/li>\n<li>von Tr\u00fctzschler<\/li>\n<\/ul>\n<\/td>\n<td>\n<ul>\n<li>von Kayn<\/li>\n<li>von Benckendorff<\/li>\n<li>von Lengefeld<\/li>\n<li>von Oberl\u00e4nder<\/li>\n<li>von Wesenbeck<\/li>\n<li>G\u00f6ler von Ravensburg<\/li>\n<li>von Traubenberg<\/li>\n<li>von Wallenrod<\/li>\n<li>von K\u00f6nitz<\/li>\n<li>von Osterhausen<\/li>\n<li>von Debsch\u00fctz<\/li>\n<li>von Hock<\/li>\n<li>von Berlepsch<\/li>\n<li>von Lindenau<\/li>\n<li>von Wechmar<\/li>\n<li>von Wersabe<\/li>\n<li>von B\u00e4hr<\/li>\n<li>von Bardenflet<\/li>\n<li>von der Borch<\/li>\n<li>von Brobergen<\/li>\n<li>von der Decke<\/li>\n<li>von Cl\u00fcver<\/li>\n<li>von D\u00fcring<\/li>\n<li>von Frese<\/li>\n<li>von Goeben<\/li>\n<li>von Grube<\/li>\n<li>von der Hude<\/li>\n<li>von I\u00dfendorff<\/li>\n<li>von Klencke<\/li>\n<li>von der Kuhla<\/li>\n<li>von der Lith<\/li>\n<li>von L\u00fctke<\/li>\n<li>von Marschall \u2013 in Westfalen<\/li>\n<li>von Platen \u2013 in Westfalen<\/li>\n<li>von Sandbeck<\/li>\n<li>von Blanckenstein<\/li>\n<li>von Key\u00dferling<\/li>\n<li>von Schmertzing<\/li>\n<li>von Closen<\/li>\n<li>von Arnim<\/li>\n<li>von Werthern<\/li>\n<li>von Creutzen<\/li>\n<li>von Bieberstein<\/li>\n<li>von L\u00f6ser<\/li>\n<li>von Mannsbach<\/li>\n<li>aus dem Winckel<\/li>\n<li>von Bendeleben<\/li>\n<li>von Rex<\/li>\n<\/ul>\n<\/td>\n<\/tr>\n<tr>\n<th>Band 10b<\/th>\n<th>Band 11b<\/th>\n<th>Band 12b<\/th>\n<\/tr>\n<tr>\n<td>\n<ul>\n<li>von Poigk<\/li>\n<li>von Sternstein<\/li>\n<li>von M\u00fcffling Weiss genannt<\/li>\n<li>von Zettwitz<\/li>\n<li>Sefft von Pillsach<\/li>\n<li>von Wolfframsdorff<\/li>\n<li>von Globig<\/li>\n<li>von Oppen<\/li>\n<li>Hilliger<\/li>\n<li>von Hopffgarten<\/li>\n<li>von Wurmb<\/li>\n<li>von Nostitz<\/li>\n<li>von Bibra<\/li>\n<li>von Kerstlingeroda<\/li>\n<li>von T\u00fcmpling<\/li>\n<li>von Veltheim<\/li>\n<li>von Eickstedt<\/li>\n<li>von Stain \u2013 in Schwaben<\/li>\n<li>von Dyhern<\/li>\n<li>von Ragknitz<\/li>\n<li>von Schlieben<\/li>\n<li>von Burgsdorff<\/li>\n<li>von Geismar<\/li>\n<li>von B\u00fcnau<\/li>\n<li>von Pflug<\/li>\n<\/ul>\n<\/td>\n<td>\n<ul>\n<li>von Bonin<\/li>\n<li>von Bissing<\/li>\n<li>von W\u00fcrtzburg<\/li>\n<li>von Wilcke<\/li>\n<li>von der Mosel<\/li>\n<li>von Langenau<\/li>\n<li>von K\u00fcnsberg<\/li>\n<li>von Lubomirsky<\/li>\n<li>von Hatzfeld<\/li>\n<li>von Haxthausen<\/li>\n<li>von Stosch<\/li>\n<li>von Kreckwitz<\/li>\n<li>von Sebottendorff<\/li>\n<li>von Czettritz<\/li>\n<li>von Franckenberg<\/li>\n<li>von Posern<\/li>\n<li>von Saldern<\/li>\n<li>von Bredow<\/li>\n<li>von Loeben<\/li>\n<li>von Blanckensee<\/li>\n<li>Finck von Finckenstein<\/li>\n<li>von Wentzky<\/li>\n<li>von Gohr<\/li>\n<li>von D\u00fcrfeld<\/li>\n<li>von Trotha<\/li>\n<li>von Wietersheim<\/li>\n<li>von Ketelhodt<\/li>\n<li>von Gersdorff<\/li>\n<li>von Diemar<\/li>\n<li>von Helldorff<\/li>\n<li>von Harstall<\/li>\n<li>von Helmold<\/li>\n<li>von Sommerfeld<\/li>\n<li>von Rothe<\/li>\n<li>von Buseck gen. Brand<\/li>\n<li>von Buseck<\/li>\n<li>von Buseck gen. M\u00fcnch<\/li>\n<li>von Nordecken<\/li>\n<li>von Freudenberg<\/li>\n<li>von Dalwig<\/li>\n<\/ul>\n<\/td>\n<td>\n<ul>\n<li>von Jeetze<\/li>\n<li>von Poser<\/li>\n<li>von Schwan<\/li>\n<li>von Alnpeck<\/li>\n<li>von Hagen<\/li>\n<li>von P\u00f6tting<\/li>\n<li>von Boblitz<\/li>\n<li>von Weidenbach<\/li>\n<li>von Thangel<\/li>\n<li>von Zedlitz<\/li>\n<li>von K\u00f6nigsfeld<\/li>\n<li>von La\u00dfberg<\/li>\n<li>von Virmont<\/li>\n<li>von Reck<\/li>\n<li>von Ronow und Bieberstein<\/li>\n<li>von Westerhold<\/li>\n<li>von Ketteler<\/li>\n<li>von Sandrasky und Sandrasch\u00fctz<\/li>\n<li>Wolfskeel von Reichenberg<\/li>\n<li>von Rochow<\/li>\n<li>von Henckel<\/li>\n<li>von Schladen<\/li>\n<li>von Liebenroth<\/li>\n<li>von Tempsky<\/li>\n<li>von Rothenburg<\/li>\n<li>Schulte von der L\u00fch<\/li>\n<li>von Bronsart<\/li>\n<li>von Suhm<\/li>\n<li>von Rothe<\/li>\n<li>von Schwerin<\/li>\n<li>von Bismarck<\/li>\n<li>von Schlieben<\/li>\n<li>von Gr\u00e4venitz<\/li>\n<li>von Tschammer<\/li>\n<li>von D\u00f6nhof<\/li>\n<li>von Reventlow<\/li>\n<li>von L\u00f6wendahl<\/li>\n<li>von Rosenkrantz<\/li>\n<li>von Staupitz<\/li>\n<li>von Schmettau<\/li>\n<li>von Thermo<\/li>\n<li>Kregel von Sternbach<\/li>\n<li>von Sack<\/li>\n<li>von Eckartsberg<\/li>\n<li>von Ingersleben<\/li>\n<\/ul>\n<\/td>\n<\/tr>\n<tr>\n<th colspan=\"3\">Band 13b<\/th>\n<\/tr>\n<tr>\n<td colspan=\"3\">\n<ul>\n<li>von Hardenberg<\/li>\n<li>von Kirchbach<\/li>\n<li>von Aufsess<\/li>\n<li>von Petzinger<\/li>\n<li>von H\u00e4seler<\/li>\n<li>von Hagk \u2013 a.d.H. Schilfe<\/li>\n<li>von Witzendorff<\/li>\n<li>von Brockdorff<\/li>\n<li>von Egydi<\/li>\n<li>von Karras<\/li>\n<li>von Knesebeck<\/li>\n<li>von Vippach<\/li>\n<li>von Davier<\/li>\n<li>von Dre\u00dfky<\/li>\n<li>von Diebitzsch<\/li>\n<li>Keck von Schwartzbach<\/li>\n<li>von Tottleben<\/li>\n<li>von Ellrichhausen<\/li>\n<li>von Oppel<\/li>\n<li>von Spiegel \u2013 a.d.H. Gruna<\/li>\n<li>von Stenzsch<\/li>\n<li>von Adelips<\/li>\n<li>von Gudenus<\/li>\n<li>von Germar<\/li>\n<li>von Riedesel<\/li>\n<li>von Wickeden<\/li>\n<li>von Katte<\/li>\n<li>von Ferentheil und Gruppenberg<\/li>\n<li>von Maydel<\/li>\n<li>von Knistedt<\/li>\n<li>von Niebelsch\u00fctz<\/li>\n<li>von der Marwitz<\/li>\n<li>von Rabenau<\/li>\n<li>Reichwald von K\u00e4mpffen<\/li>\n<li>von Strobsch\u00fctz<\/li>\n<li>von Gro\u00dfe<\/li>\n<li>von R\u00fcdiger<\/li>\n<li>von Braxein<\/li>\n<li>Wolff von Spanheim<\/li>\n<\/ul>\n<\/td>\n<\/tr>\n<\/table>\n","protected":false},"excerpt":{"rendered":"<p>Die Lindnersche Sammlung in der Bayerischen Staatsbiliothek enth\u00e4lt neben den bekannten Ahnentafeln (in den \u201e-a \u2013 B\u00e4nden\u201c) in den \u201e-b \u2013 B\u00e4nden\u201c auch eine Vielzahl von Stammtafeln. Die Stammtafeln enthalten<\/p>\n<div><a href=\"https:\/\/dirkpeters.info\/?p=3943\" class=\"exp-read-more exp-read-more-underlined\">Read More<\/a><\/div>\n","protected":false},"author":1,"featured_media":3946,"comment_status":"open","ping_status":"open","sticky":false,"template":"","format":"standard","meta":{"jetpack_post_was_ever_published":false,"_jetpack_newsletter_access":"","_jetpack_dont_email_post_to_subs":false,"_jetpack_newsletter_tier_id":0,"_jetpack_memberships_contains_paywalled_content":false,"_jetpack_memberships_contains_paid_content":false,"footnotes":"","_links_to":"","_links_to_target":""},"categories":[44,9,22,4],"tags":[319,390,221,187],"class_list":["post-3943","post","type-post","status-publish","format-standard","has-post-thumbnail","hentry","category-adel","category-ahnenforschung","category-genealogien","category-links","tag-digitalisate","tag-lindner","tag-muenchen","tag-stammtafeln"],"jetpack_featured_media_url":"https:\/\/i0.wp.com\/dirkpeters.info\/wp-content\/uploads\/2020\/10\/Stammtafel_Kratz.jpg?fit=1500%2C1541&ssl=1","jetpack_shortlink":"https:\/\/wp.me\/p8HCXc-11B","jetpack-related-posts":[{"id":3381,"url":"https:\/\/dirkpeters.info\/?p=3381","url_meta":{"origin":3943,"position":0},"title":"Die Lindnersche Stamm- und Ahnentafelsammlung","author":"dirkpeters","date":"11. Juni 2019","format":false,"excerpt":"Heinrich August Lindner, zu Lebzeiten Sekret\u00e4r und Genealoge am kurf\u00fcrstlichen Lehnshofe in Dresden, starb am 30. Mai 1787 und hinterlie\u00df eine riesige handschriftliche Sammlung von fast 800 Stammtafeln und weit \u00fcber 4000 Ahnentafeln. 1930 gelang die Sammlung in den Besitz des damaligen Inhabers des Verlages Degener & Co., Oswald Spohr.\u2026","rel":"","context":"In &quot;Adel&quot;","block_context":{"text":"Adel","link":"https:\/\/dirkpeters.info\/?cat=44"},"img":{"alt_text":"Lindner_Titel","src":"https:\/\/i0.wp.com\/dirkpeters.info\/wp-content\/uploads\/2019\/06\/Lindner_Titel.jpg?fit=797%2C1200&ssl=1&resize=350%2C200","width":350,"height":200,"srcset":"https:\/\/i0.wp.com\/dirkpeters.info\/wp-content\/uploads\/2019\/06\/Lindner_Titel.jpg?fit=797%2C1200&ssl=1&resize=350%2C200 1x, https:\/\/i0.wp.com\/dirkpeters.info\/wp-content\/uploads\/2019\/06\/Lindner_Titel.jpg?fit=797%2C1200&ssl=1&resize=525%2C300 1.5x, https:\/\/i0.wp.com\/dirkpeters.info\/wp-content\/uploads\/2019\/06\/Lindner_Titel.jpg?fit=797%2C1200&ssl=1&resize=700%2C400 2x"},"classes":[]},{"id":3845,"url":"https:\/\/dirkpeters.info\/?p=3845","url_meta":{"origin":3943,"position":1},"title":"Hoerschelmanns Sammlung zuverl\u00e4ssiger Stamm- und Ahnentafeln","author":"dirkpeters","date":"30. Juli 2020","format":false,"excerpt":"Friedrich Ludwig Anton Hoerschelmann: Sammlung zuverl\u00e4ssiger Stamm- und Ahnentafeln verschiedener jetzt florirender adelichen und freyherrl. Familien, Coburg 1774 Aus dem Vorwort: Die abgek\u00fcrzten Stammtafeln der reichsgr\u00e4flichen H\u00e4user, die Herr Krebel zu Leipzig, in dem 2ten Theile des vormaligen Schumannischen, in der Gleditschen Buchhandlung herauskommenden genealogischen Handbuchs[1] geliefert hat, haben vielen\u2026","rel":"","context":"In &quot;Adel&quot;","block_context":{"text":"Adel","link":"https:\/\/dirkpeters.info\/?cat=44"},"img":{"alt_text":"","src":"https:\/\/i0.wp.com\/dirkpeters.info\/wp-content\/uploads\/2020\/07\/sammlung.jpg?fit=600%2C845&ssl=1&resize=350%2C200","width":350,"height":200,"srcset":"https:\/\/i0.wp.com\/dirkpeters.info\/wp-content\/uploads\/2020\/07\/sammlung.jpg?fit=600%2C845&ssl=1&resize=350%2C200 1x, https:\/\/i0.wp.com\/dirkpeters.info\/wp-content\/uploads\/2020\/07\/sammlung.jpg?fit=600%2C845&ssl=1&resize=525%2C300 1.5x"},"classes":[]},{"id":3775,"url":"https:\/\/dirkpeters.info\/?p=3775","url_meta":{"origin":3943,"position":2},"title":"Stammtafeln des Adels des Gro\u00dfherzogthums Baden","author":"dirkpeters","date":"11. Juni 2020","format":false,"excerpt":"Stammtafeln des Adels des Gro\u00dfherzogthums Baden Edmund von der Becke-Kl\u00fcchtzner, Baden-Baden, Weber & K\u00f6lblin, 1886 Link: https:\/\/digi.ub.uni-heidelberg.de\/diglit\/beckekluechtzner1886 In diesem Werk sind Stammtafeln der im Gro\u00dfherzogtum Baden ans\u00e4ssigen adligen Familien enthalten. Zu jeder Familie gibt es eine kurze Einf\u00fchrung. Die enthaltenen Stammtafeln sind mitunter sehr umfangreich, f\u00fchren aber oft auch nur\u2026","rel":"","context":"In &quot;Adel&quot;","block_context":{"text":"Adel","link":"https:\/\/dirkpeters.info\/?cat=44"},"img":{"alt_text":"","src":"https:\/\/i0.wp.com\/dirkpeters.info\/wp-content\/uploads\/2020\/06\/Baden.jpg?fit=865%2C1200&ssl=1&resize=350%2C200","width":350,"height":200,"srcset":"https:\/\/i0.wp.com\/dirkpeters.info\/wp-content\/uploads\/2020\/06\/Baden.jpg?fit=865%2C1200&ssl=1&resize=350%2C200 1x, https:\/\/i0.wp.com\/dirkpeters.info\/wp-content\/uploads\/2020\/06\/Baden.jpg?fit=865%2C1200&ssl=1&resize=525%2C300 1.5x, https:\/\/i0.wp.com\/dirkpeters.info\/wp-content\/uploads\/2020\/06\/Baden.jpg?fit=865%2C1200&ssl=1&resize=700%2C400 2x"},"classes":[]},{"id":202,"url":"https:\/\/dirkpeters.info\/?p=202","url_meta":{"origin":3943,"position":3},"title":"Stammtafeln und Familienwappen der Jacobi&#8217;schen Sammlung","author":"dirkpeters","date":"13. Dezember 2009","format":false,"excerpt":"In der Bayerischen Staatsbibliothek M\u00fcnchen befindet sich unter anderem die Sammlung von Stammtafeln und Familienwappen von Christian Friedrich Jacobi (Signaturen Cgm 8016 - 8018). Unter der Signatur Cgm 8019 findet sich ein von Oswald Spohr erstelltes Register zur Sammlung. Einige Teile der Sammlung sind schon digitialisiert: v. Angern v. Dyhrn\u2026","rel":"","context":"In &quot;Adel&quot;","block_context":{"text":"Adel","link":"https:\/\/dirkpeters.info\/?cat=44"},"img":{"alt_text":"","src":"","width":0,"height":0},"classes":[]},{"id":1533,"url":"https:\/\/dirkpeters.info\/?p=1533","url_meta":{"origin":3943,"position":4},"title":"Sammlung Jacobi","author":"dirkpeters","date":"11. September 2014","format":false,"excerpt":"Stammtafeln u. Familienwappen nach Handschriften von Christian Friedrich Jacobi. Diese Handschriftensammlung befindet sich in der BSB M\u00fcnchen. Unter der Signatur Cgm 8018 ist das von Oswald Spohr erstellte Register mit nachfolgenden Digitalisaten zu finden. Zu folgenden Familien konnte ich schon Digitalisate finden: v. Angern v. Artzatt v. Bendeleben v. Bomsdorff\u2026","rel":"","context":"In &quot;Adel&quot;","block_context":{"text":"Adel","link":"https:\/\/dirkpeters.info\/?cat=44"},"img":{"alt_text":"Stammtafel Bomsdorff aus der Sammlung Jacobi","src":"https:\/\/i0.wp.com\/test.dirkpeters.net\/wp-content\/uploads\/2017\/05\/bomsdorff-1024x435.jpg?resize=350%2C200","width":350,"height":200,"srcset":"https:\/\/i0.wp.com\/test.dirkpeters.net\/wp-content\/uploads\/2017\/05\/bomsdorff-1024x435.jpg?resize=350%2C200 1x, https:\/\/i0.wp.com\/test.dirkpeters.net\/wp-content\/uploads\/2017\/05\/bomsdorff-1024x435.jpg?resize=525%2C300 1.5x, https:\/\/i0.wp.com\/test.dirkpeters.net\/wp-content\/uploads\/2017\/05\/bomsdorff-1024x435.jpg?resize=700%2C400 2x"},"classes":[]},{"id":12,"url":"https:\/\/dirkpeters.info\/?p=12","url_meta":{"origin":3943,"position":5},"title":"Pommersche Genealogien","author":"dirkpeters","date":"31. August 2009","format":false,"excerpt":"Unter dem Titel Pommersche Genealogien ist zwischen 1842 und 1896 eine Reihe aus f\u00fcnf B\u00e4nden zu Genealogien Pommerscher Familien erschienen. Autoren dieser Reihe waren Carl Gesterding (Band 1) und Theodor Pyl (B\u00e4nde 2 - 5). Die B\u00fccher stellen eine unverzichtbare Quelle f\u00fcr die Ahnenforschung im pommerschen Adel und dem B\u00fcrgertum\u2026","rel":"","context":"In &quot;B\u00fccher&quot;","block_context":{"text":"B\u00fccher","link":"https:\/\/dirkpeters.info\/?cat=3"},"img":{"alt_text":"","src":"","width":0,"height":0},"classes":[]}],"jetpack_sharing_enabled":true,"jetpack_likes_enabled":true,"_links":{"self":[{"href":"https:\/\/dirkpeters.info\/index.php?rest_route=\/wp\/v2\/posts\/3943","targetHints":{"allow":["GET"]}}],"collection":[{"href":"https:\/\/dirkpeters.info\/index.php?rest_route=\/wp\/v2\/posts"}],"about":[{"href":"https:\/\/dirkpeters.info\/index.php?rest_route=\/wp\/v2\/types\/post"}],"author":[{"embeddable":true,"href":"https:\/\/dirkpeters.info\/index.php?rest_route=\/wp\/v2\/users\/1"}],"replies":[{"embeddable":true,"href":"https:\/\/dirkpeters.info\/index.php?rest_route=%2Fwp%2Fv2%2Fcomments&post=3943"}],"version-history":[{"count":13,"href":"https:\/\/dirkpeters.info\/index.php?rest_route=\/wp\/v2\/posts\/3943\/revisions"}],"predecessor-version":[{"id":4186,"href":"https:\/\/dirkpeters.info\/index.php?rest_route=\/wp\/v2\/posts\/3943\/revisions\/4186"}],"wp:featuredmedia":[{"embeddable":true,"href":"https:\/\/dirkpeters.info\/index.php?rest_route=\/wp\/v2\/media\/3946"}],"wp:attachment":[{"href":"https:\/\/dirkpeters.info\/index.php?rest_route=%2Fwp%2Fv2%2Fmedia&parent=3943"}],"wp:term":[{"taxonomy":"category","embeddable":true,"href":"https:\/\/dirkpeters.info\/index.php?rest_route=%2Fwp%2Fv2%2Fcategories&post=3943"},{"taxonomy":"post_tag","embeddable":true,"href":"https:\/\/dirkpeters.info\/index.php?rest_route=%2Fwp%2Fv2%2Ftags&post=3943"}],"curies":[{"name":"wp","href":"https:\/\/api.w.org\/{rel}","templated":true}]}}