{"id":3905,"date":"2020-08-21T17:29:00","date_gmt":"2020-08-21T15:29:00","guid":{"rendered":"https:\/\/dirkpeters.info\/?p=3905"},"modified":"2020-08-23T16:25:08","modified_gmt":"2020-08-23T14:25:08","slug":"neues-von-regionaltreffen-brandenburg-und-genealogieforum-brandenburg","status":"publish","type":"post","link":"https:\/\/dirkpeters.info\/?p=3905","title":{"rendered":"Neues von Regionaltreffen Brandenburg und Genealogieforum Potsdam"},"content":{"rendered":"<p>Die Brandenburgische Genealogische Gesellschaft &#8222;Roter Adler&#8220; e.V.  hat sich zum 30.06.2020 aus der Mitwirkung beim Regionaltreffen Brandenburg f\u00fcr Heimat- und Familiengeschichtsforscher und dem Genealogieforum in Potsdam verabschiedet. Damit zieht sich der nach seinem Verst\u00e4ndnis einzige und wichtigste regionale Verein f\u00fcr Familienforscher aus den beiden wichtigsten Treffen der Region zur\u00fcck.<\/p>\n<p>Manch einer mag das als Verlust begreifen, aber beide Veranstaltungen hat es schon vor der BGG gegeben und sie werden weitergef\u00fchrt. Die Webseiten sind umgezogen und wieder voll erreichbar:<\/p>\n<ul>\n<li><a href=\"http:\/\/genealogie-potsdam.de\/\" rel=\"noopener noreferrer\" target=\"_blank\">Genealogieforum<\/a><\/li>\n<li><a href=\"https:\/\/regionaltreffen-brandenburg.info\/\" rel=\"noopener noreferrer\" target=\"_blank\">Regionaltreffen<\/a><\/li>\n<\/ul>\n<p>Wann es beim Genealogieforum und Regionaltreffen weitergeht, h\u00e4ngt auch von der weiteren Entwicklung der derzeitigen Pandemie ab. Sie erfahren es auf den genannten Webseiten und nat\u00fcrlich hier.<\/p>\n<p>Wir hoffen, dass uns unsere G\u00e4ste und Aussteller gewogen bleiben. Vielleicht findet ja auch das eine oder andere Vereinsmitglied des &#8222;Roten Adlers&#8220; die M\u00f6glichkeit im Verein \u00fcber den verzapften Unsinn zu diskutieren.<\/p>\n","protected":false},"excerpt":{"rendered":"<p>Die Brandenburgische Genealogische Gesellschaft &#8222;Roter Adler&#8220; e.V. hat sich zum 30.06.2020 aus der Mitwirkung beim Regionaltreffen Brandenburg f\u00fcr Heimat- und Familiengeschichtsforscher und dem Genealogieforum in Potsdam verabschiedet. Damit zieht sich<\/p>\n<div><a href=\"https:\/\/dirkpeters.info\/?p=3905\" class=\"exp-read-more exp-read-more-underlined\">Read More<\/a><\/div>\n","protected":false},"author":1,"featured_media":3803,"comment_status":"open","ping_status":"open","sticky":false,"template":"","format":"standard","meta":{"jetpack_post_was_ever_published":false,"_jetpack_newsletter_access":"","_jetpack_dont_email_post_to_subs":false,"_jetpack_newsletter_tier_id":0,"_jetpack_memberships_contains_paywalled_content":false,"_jetpack_memberships_contains_paid_content":false,"footnotes":"","_links_to":"","_links_to_target":""},"categories":[9,218],"tags":[61,21,118,416,417,210,20,219,270],"class_list":["post-3905","post","type-post","status-publish","format-standard","has-post-thumbnail","hentry","category-ahnenforschung","category-termine","tag-bgg","tag-brandenburg","tag-familienforschung","tag-genealogieforum","tag-potsdam","tag-regionaltreffen","tag-roter-adler","tag-termine","tag-veranstaltungen"],"jetpack_featured_media_url":"https:\/\/i0.wp.com\/dirkpeters.info\/wp-content\/uploads\/2020\/06\/regionaltreffen.png?fit=1920%2C561&ssl=1","jetpack_shortlink":"https:\/\/wp.me\/p8HCXc-10Z","jetpack-related-posts":[{"id":1354,"url":"https:\/\/dirkpeters.info\/?p=1354","url_meta":{"origin":3905,"position":0},"title":"11. Regionaltreffen Brandenburg","author":"dirkpeters","date":"16. April 2016","format":false,"excerpt":"Das 11. Regionaltreffen Brandenburg f\u00fcr Heimat- und Familienforscher ist Geschichte. Der fr\u00fche Termin hat sich ausgezahlt, obwohl keine Informationen durch die Presse weitergegeben wurden, fanden etwa 130 G\u00e4ste den Weg zum Treffpunkt Freizeit. Dadurch, dass dieses Jahr die Vortr\u00e4ge einz\u00fcgig gestaltet wurden, waren die einzelnen Vortr\u00e4ge und die Ausstellung besser\u2026","rel":"","context":"In &quot;Herold&quot;","block_context":{"text":"Herold","link":"https:\/\/dirkpeters.info\/?cat=252"},"img":{"alt_text":"","src":"https:\/\/i0.wp.com\/dirkpeters.info\/wp-content\/uploads\/2017\/05\/01.jpg?resize=350%2C200","width":350,"height":200,"srcset":"https:\/\/i0.wp.com\/dirkpeters.info\/wp-content\/uploads\/2017\/05\/01.jpg?resize=350%2C200 1x, https:\/\/i0.wp.com\/dirkpeters.info\/wp-content\/uploads\/2017\/05\/01.jpg?resize=525%2C300 1.5x, https:\/\/i0.wp.com\/dirkpeters.info\/wp-content\/uploads\/2017\/05\/01.jpg?resize=700%2C400 2x, https:\/\/i0.wp.com\/dirkpeters.info\/wp-content\/uploads\/2017\/05\/01.jpg?resize=1050%2C600 3x, https:\/\/i0.wp.com\/dirkpeters.info\/wp-content\/uploads\/2017\/05\/01.jpg?resize=1400%2C800 4x"},"classes":[]},{"id":874,"url":"https:\/\/dirkpeters.info\/?p=874","url_meta":{"origin":3905,"position":1},"title":"BGN 03\/2011","author":"dirkpeters","date":"23. August 2011","format":false,"excerpt":"Soeben ist das 3. Heft 2011 der Brandenburgischen Genealogischen Nachrichten erschienen. Aus dem Inhalt: Aus unserem Verein Interessengemeinschaft Genealogie Berlin BGG-Exkursion 2011 Berichte vom Dachverband Bericht vom Regionaltreffen Brandenburg in Potsdam 63. Deutscher Genealogentag in Erlangen Mitgliedertreffen der DAGV in Kassel Beitr\u00e4ge zum Forschungsgebiet Zur Postgeschichte der Mark Brandenburg Forschungsgruppe\u2026","rel":"","context":"In &quot;Roter Adler&quot;","block_context":{"text":"Roter Adler","link":"https:\/\/dirkpeters.info\/?cat=250"},"img":{"alt_text":"bgg_2011_03","src":"..\/wp-content\/uploads\/2011\/08\/bgg_2011_03_thumb.jpg","width":350,"height":200},"classes":[]},{"id":855,"url":"https:\/\/dirkpeters.info\/?p=855","url_meta":{"origin":3905,"position":2},"title":"6. Regionaltreffen Brandenburg","author":"dirkpeters","date":"4. Juni 2011","format":false,"excerpt":"Es ist soweit, das 6. Regionaltreffen Brandenburg hat begonnen. Als Aussteller konnten der Verein f\u00fcr Computergenealogie, die Arbeitsgemeinschaft Ostdeutscher Familienforscher e. V. (AGOFF), die Brandenburgische Genealogische Gesellschaft Roter Adler e. V. und die Landesgeschichtliche Vereinigung f\u00fcr die Mark Brandenburg e. V.. Nachdem Mario Seifert das Regionaltreffen er\u00f6ffnet hat, begann auch\u2026","rel":"","context":"In &quot;Ahnenforschung&quot;","block_context":{"text":"Ahnenforschung","link":"https:\/\/dirkpeters.info\/?cat=9"},"img":{"alt_text":"agoffstand","src":"..\/wp-content\/uploads\/2011\/06\/agoffstand_thumb.jpg","width":350,"height":200},"classes":[]},{"id":1759,"url":"https:\/\/dirkpeters.info\/?p=1759","url_meta":{"origin":3905,"position":3},"title":"BGN 3\/2017","author":"dirkpeters","date":"17. September 2017","format":false,"excerpt":"Die BGN 3\/2017 ist fertig und geht in der n\u00e4chsten Woche allen Mitgliedern zu. Aus dem Inhalt: Aktuelles aus dem Forschungsgebiet Quellen und Daten zur Ansiedlung Schweizer Kolonisten in Brandenburg ab 1685 K\u00f6nigliche Stammsch\u00e4ferei in Stahnsdorf bei Potsdam Auf der Suche nach dem Ursprung der Wernitze Friedh\u00f6fe im Land Brandenburg.\u2026","rel":"","context":"In &quot;Roter Adler&quot;","block_context":{"text":"Roter Adler","link":"https:\/\/dirkpeters.info\/?cat=250"},"img":{"alt_text":"","src":"https:\/\/i0.wp.com\/dirkpeters.info\/wp-content\/uploads\/2017\/09\/Titel-BGN-3-2017_thumb.jpg?fit=358%2C502&ssl=1&resize=350%2C200","width":350,"height":200},"classes":[]},{"id":1116,"url":"https:\/\/dirkpeters.info\/?p=1116","url_meta":{"origin":3905,"position":4},"title":"9. Regionaltreffen Brandenburg","author":"dirkpeters","date":"1. Juni 2014","format":false,"excerpt":"Das 9. Regionaltreffen Brandenburg f\u00fcr Heimat- und Familienforscher ist nun Geschichte. Trotz des guten Wetters und langen Wochenendes kamen \u00fcber 80 Besucher. Dies ist umso mehr beachtlich, als das das Regionaltreffen trotz umfangreicher Pressearbeit von der Regionalpresse ignoriert wurde. Thema war dieses Mal \"Genealogie und Technik\". Durch den Platz der\u2026","rel":"","context":"In &quot;Ahnenforschung&quot;","block_context":{"text":"Ahnenforschung","link":"https:\/\/dirkpeters.info\/?cat=9"},"img":{"alt_text":"","src":"","width":0,"height":0},"classes":[]},{"id":191,"url":"https:\/\/dirkpeters.info\/?p=191","url_meta":{"origin":3905,"position":5},"title":"Brandenburgische Genealogische Nachrichten 4\/2009","author":"dirkpeters","date":"2. Dezember 2009","format":false,"excerpt":"Das Heft 4 \/ 2009 der Brandenburgischen Genealogischen Nachrichten ist erschienen. Aus dem Inhalt:INFOS DES DACHVERBANDES Bericht Regionaltreffen Brandenburg AUS UNSEREM VEREINBERICHTE ZUM FORSCHUNGSGEBIET Nachfahrenliste Gulbin, Teil 1 250 Jahre Schlacht bei Kunersdorf Ahnenforschung und Medizingeschichte Gesuchte Vorfahren in Brandenburg BIBLIOTHEK UND PUBLIKATIONEN Erste Best\u00e4nde in der Landesbibliothek erfasst DER\u2026","rel":"","context":"In &quot;Roter Adler&quot;","block_context":{"text":"Roter Adler","link":"https:\/\/dirkpeters.info\/?cat=250"},"img":{"alt_text":"bgn_4-2009","src":"..\/wp-content\/uploads\/2009\/12\/bgn_4-20091.jpg","width":350,"height":200},"classes":[]}],"jetpack_sharing_enabled":true,"jetpack_likes_enabled":true,"_links":{"self":[{"href":"https:\/\/dirkpeters.info\/index.php?rest_route=\/wp\/v2\/posts\/3905","targetHints":{"allow":["GET"]}}],"collection":[{"href":"https:\/\/dirkpeters.info\/index.php?rest_route=\/wp\/v2\/posts"}],"about":[{"href":"https:\/\/dirkpeters.info\/index.php?rest_route=\/wp\/v2\/types\/post"}],"author":[{"embeddable":true,"href":"https:\/\/dirkpeters.info\/index.php?rest_route=\/wp\/v2\/users\/1"}],"replies":[{"embeddable":true,"href":"https:\/\/dirkpeters.info\/index.php?rest_route=%2Fwp%2Fv2%2Fcomments&post=3905"}],"version-history":[{"count":2,"href":"https:\/\/dirkpeters.info\/index.php?rest_route=\/wp\/v2\/posts\/3905\/revisions"}],"predecessor-version":[{"id":3907,"href":"https:\/\/dirkpeters.info\/index.php?rest_route=\/wp\/v2\/posts\/3905\/revisions\/3907"}],"wp:featuredmedia":[{"embeddable":true,"href":"https:\/\/dirkpeters.info\/index.php?rest_route=\/wp\/v2\/media\/3803"}],"wp:attachment":[{"href":"https:\/\/dirkpeters.info\/index.php?rest_route=%2Fwp%2Fv2%2Fmedia&parent=3905"}],"wp:term":[{"taxonomy":"category","embeddable":true,"href":"https:\/\/dirkpeters.info\/index.php?rest_route=%2Fwp%2Fv2%2Fcategories&post=3905"},{"taxonomy":"post_tag","embeddable":true,"href":"https:\/\/dirkpeters.info\/index.php?rest_route=%2Fwp%2Fv2%2Ftags&post=3905"}],"curies":[{"name":"wp","href":"https:\/\/api.w.org\/{rel}","templated":true}]}}