{"id":3775,"date":"2020-06-11T18:50:58","date_gmt":"2020-06-11T16:50:58","guid":{"rendered":"https:\/\/dirkpeters.info\/?p=3775"},"modified":"2020-06-11T09:14:07","modified_gmt":"2020-06-11T07:14:07","slug":"stammtafeln-des-adels-des-grossherzogthums-baden","status":"publish","type":"post","link":"https:\/\/dirkpeters.info\/?p=3775","title":{"rendered":"Stammtafeln des Adels des Gro\u00dfherzogthums Baden"},"content":{"rendered":"<div class=\"zeitungsschau\">\n<a href=\"https:\/\/digi.ub.uni-heidelberg.de\/diglit\/beckekluechtzner1886\" target=\"_blank\" rel=\"noopener noreferrer\"><img data-recalc-dims=\"1\" decoding=\"async\" src=\"https:\/\/i0.wp.com\/dirkpeters.info\/wp-content\/uploads\/2020\/06\/Baden.jpg?w=1160&#038;ssl=1\" \/><\/a><\/p>\n<p>Stammtafeln des Adels des Gro\u00dfherzogthums Baden<\/p>\n<p>Edmund von der Becke-Kl\u00fcchtzner, Baden-Baden, Weber &#038; K\u00f6lblin, 1886<br \/>\nLink: <a href=\"https:\/\/digi.ub.uni-heidelberg.de\/diglit\/beckekluechtzner1886\" target=\"_blank\" rel=\"noopener noreferrer\">https:\/\/digi.ub.uni-heidelberg.de\/diglit\/beckekluechtzner1886<\/a><\/p>\n<p>In diesem Werk sind Stammtafeln der im Gro\u00dfherzogtum Baden ans\u00e4ssigen adligen Familien enthalten. Zu jeder Familie gibt es eine kurze Einf\u00fchrung. Die enthaltenen Stammtafeln sind mitunter sehr umfangreich, f\u00fchren aber oft auch nur die Teile der Familien auf, die in Baden ans\u00e4ssig waren.<\/p>\n<p>Die Digitalisierung dieses Werkes wurde durch Freiherr von Recum erm\u00f6glicht, der dem Digitalisierungszentrum der Universit\u00e4tsbibliothek Heidelberg sein Privatexemplar als Vorlage zur Verf\u00fcgung stellte.<\/p>\n<h3Aufgef\u00fchrte Familien<\/h3\n\n\n<h4>f\u00fcrstliche Familien<\/h4>\n<ul>\n<li>Das Gro\u00dfherzogliche Haus Baden<\/li>\n<li>F\u00fcrsten von F\u00fcrstenberg<\/li>\n<li>F\u00fcrsten zu Leiningen<\/li>\n<li>Grafen zu Leiningen<\/li>\n<li>F\u00fcrsten von der Leyen und Hohengeroldseck<\/li>\n<\/ul>\n<h4>adlige Familien<\/h4>\n<ul>\n<li>von Adelsheim, von Althaus, von Amerongen, von Andlaw-Birseck, von Andlaw-Homburg<\/li>\n<li>von Babo, von Baumbach-Am\u00f6nau, von Bayer, von Beck, von Belli di Pino, Berckheim, von Berg, von Berlichingen, von Bernus, von Berstett, von Besele, von Bethmann, von Bettendorff, von Beust, von Biedenfeld, von Bismarck, von Blittersdorff, von Bodman, von B\u00f6ckh, B\u00f6cklin von B\u00f6cklinsau, von Boemble, von Bohlen und Halbach, Bourze von Seethal, von Brandt, von Brauer, von Braun, von Buol-Berenbach, von Bu\u00df<\/li>\n<li>von Cancrin, von Chelius, von Chrismar, von Clo\u00dfmann<\/li>\n<li>von Dawans und von Davans, von Degenfeld, von Degenfeld-Schonburg, von Deimling, von Delaiti, Delorne de Saint-Ange, Douglas, Dubois de Gresse, von Dusch<\/li>\n<li>von Edelsheim, von Ehrenberg, von Engelberg, von Enzberg zu M\u00fchlheim, von Enzenberg<\/li>\n<li>von Faber, von Fabert, von Fahnenberg, von Falkenstein, von Feder, von Fischer, von Franckenstein, von Freydorf, von Freystedt, von Friedeburg, von Friedrich, von Froben<\/li>\n<li>Gagg von L\u00f6wenberg, Gayling von Altheim, von Gemmingen, von Geusau, von Gilm zu Rosenegg, Girardi Freiherren von Castell und Limpurg, von Glaubitz, Gleichauf von Gleichstein, Goeler von Ravensburg, von Gr\u00fcnau, von Gulat-Wellenburg<\/li>\n<li>von Haber, von Hagen, von Hardenberg, von Helmstatt, Henking von Lasollaye, von Hennin, von Hermann, von Hillern, von Hillern-Flinsch, von Hofer, von Hoffmann, von Holle, von Holzing, von Horadam, von Hornstein, Huber von Gleichenstein, von und zu Hunoltstein<\/li>\n<li>von Ingelheim, von Jagemann<\/li>\n<li>von Kageneck, von Kettner, von Khuon-Wildegg, von Killinger, Kleiser von Kleisheim, von Kleudgen, von Klock, von Kl\u00fcber, von Kniestedt, von Krafft-Festenberg, von Krutheim<\/li>\n<li>von Breiten-Landenberg, von Langsdorff, Du Jarrys von La Roche, von La Roche, von La Sollaye, von Leoprechting, von Leth, von Leuchsenring, von Litschgi, von Lotzbeck<\/li>\n<li>Mader von Madersburg, Marschall von Bieberstein, von Massenbach, von Mayenfisch zu Rappenstein, von und zu Mentzingen, Merhart Edle von Bernegg, von Mohl, von Mollenbec, Du Mont von Soumagne, von M\u00fcller<\/li>\n<li>von Neipperg, Neubronn von Eisenburg, von Neuenstein-Rodeck, Neveu von Windschl\u00e4g, von Noel<\/li>\n<li>von Oberkirch, von Oberndorff, Offensandt von Berckholtz, von Ow<\/li>\n<li>von Peternell, von Pfeuffer, von Pflummern, von Pierron, von Poetz, von Porbeck, von Preen<\/li>\n<li>von Racknitz, von, von Rantzau-Breitenburg, von Reck, von Regenauer, Reichlin von Meldegg, von Reischach, von Reitzenstein, von Renz, von Rhena, von Riedm\u00fcller, Rinck von Baldenstein, von Ritz, R\u00f6der von Diersburg, von Roggenbach, von Rotberg, Rodeckher von Rotteck, R\u00fcdt von Kollenberg, R\u00fcpplin von und zu Keffikon<\/li>\n<li>von Saint-Andr\u00e9, Sallw\u00fcrk von Wenzelstein, von Sarachaga-Aria, von Sch\u00e4ffer, von Schauenburg, von Scheffel, von Scherer, Schilling von Canstatt, von Schmidt zu Dautenstein, von Schmitz-Aurbach, von Sch\u00f6nau zu Wehr, Roth von Schreckenstein, von Schweickhard, Allesina gen. von Schweitzer, von Seldeneck, von Senger, von Sensburg, Seutter von L\u00f6tzen, von Seyfried, von Sparre-Kroneberg, von Sponeck, von Stabel, von Steinberg, von Stengel, von Stern, von Stetten, Stockhorner von Starein, Stoecklern von Gr\u00fcnholzegg, von Stoeffer, von Stotzingen<br \/>\nvon Seldeneck, von Senger, von Sensburg, Seutter von L\u00f6tzen, von Seyfried, von Sparre-Kroneberg, von Sponeck, von Stabel, von Steinberg, von Stengel, von Stern, von Stetten, Stockhorner von Starein, Stoecklern von Gr\u00fcnholzegg, von Stoeffer, von Stotzingen<\/li>\n<li>von Tannstein gen. Fleischmann, Teuffel von Birkensee, von Theobald, von T\u00fcrckheim<\/li>\n<li>Ueberbruck von Rodenstein, von Ulm zu Erbach, von Ungern-Sternberg, von Urkull-Gyllenband<\/li>\n<li>von Venningen, von Villiez, von Vogel<\/li>\n<li>Waenker von Dankenschweil, Waibl von Braidtfeld, von Waldkirch, Waldner von Freundstein, Wambolt von Umstadt, von Wangen, Weber von Treuenfels, von Wechmar, von Weech, von Weiler, von Weinberg, von Wieser, von Wittenbach, Woldeck von Arneburg, von Wolff, W\u00fcrth von W\u00fcrthenau<\/li>\n<li>von Yrsch<\/li>\n<li>Zobel von Giebelstadt zu Darstadt, Zorn von Bulach, Zachariae von Lingenthal, von Zech<\/li>\n<\/ul>\n<\/div>\n","protected":false},"excerpt":{"rendered":"<p>Stammtafeln des Adels des Gro\u00dfherzogthums Baden Edmund von der Becke-Kl\u00fcchtzner, Baden-Baden, Weber &#038; K\u00f6lblin, 1886 Link: https:\/\/digi.ub.uni-heidelberg.de\/diglit\/beckekluechtzner1886 In diesem Werk sind Stammtafeln der im Gro\u00dfherzogtum Baden ans\u00e4ssigen adligen Familien enthalten.<\/p>\n<div><a href=\"https:\/\/dirkpeters.info\/?p=3775\" class=\"exp-read-more exp-read-more-underlined\">Read More<\/a><\/div>\n","protected":false},"author":1,"featured_media":3776,"comment_status":"open","ping_status":"open","sticky":false,"template":"","format":"standard","meta":{"jetpack_post_was_ever_published":false,"_jetpack_newsletter_access":"","_jetpack_dont_email_post_to_subs":false,"_jetpack_newsletter_tier_id":0,"_jetpack_memberships_contains_paywalled_content":false,"_jetpack_memberships_contains_paid_content":false,"footnotes":"","_links_to":"","_links_to_target":""},"categories":[44,9,3,4,12],"tags":[24,408,5,7,187],"class_list":["post-3775","post","type-post","status-publish","format-standard","has-post-thumbnail","hentry","category-adel","category-ahnenforschung","category-buecher","category-links","category-stammlisten","tag-adel","tag-baden","tag-buecher","tag-links","tag-stammtafeln"],"jetpack_featured_media_url":"https:\/\/i0.wp.com\/dirkpeters.info\/wp-content\/uploads\/2020\/06\/Baden.jpg?fit=1001%2C1389&ssl=1","jetpack_shortlink":"https:\/\/wp.me\/p8HCXc-YT","jetpack-related-posts":[{"id":202,"url":"https:\/\/dirkpeters.info\/?p=202","url_meta":{"origin":3775,"position":0},"title":"Stammtafeln und Familienwappen der Jacobi&#8217;schen Sammlung","author":"dirkpeters","date":"13. Dezember 2009","format":false,"excerpt":"In der Bayerischen Staatsbibliothek M\u00fcnchen befindet sich unter anderem die Sammlung von Stammtafeln und Familienwappen von Christian Friedrich Jacobi (Signaturen Cgm 8016 - 8018). Unter der Signatur Cgm 8019 findet sich ein von Oswald Spohr erstelltes Register zur Sammlung. Einige Teile der Sammlung sind schon digitialisiert: v. Angern v. Dyhrn\u2026","rel":"","context":"In &quot;Adel&quot;","block_context":{"text":"Adel","link":"https:\/\/dirkpeters.info\/?cat=44"},"img":{"alt_text":"","src":"","width":0,"height":0},"classes":[]},{"id":1533,"url":"https:\/\/dirkpeters.info\/?p=1533","url_meta":{"origin":3775,"position":1},"title":"Sammlung Jacobi","author":"dirkpeters","date":"11. September 2014","format":false,"excerpt":"Stammtafeln u. Familienwappen nach Handschriften von Christian Friedrich Jacobi. Diese Handschriftensammlung befindet sich in der BSB M\u00fcnchen. Unter der Signatur Cgm 8018 ist das von Oswald Spohr erstellte Register mit nachfolgenden Digitalisaten zu finden. Zu folgenden Familien konnte ich schon Digitalisate finden: v. Angern v. Artzatt v. Bendeleben v. Bomsdorff\u2026","rel":"","context":"In &quot;Adel&quot;","block_context":{"text":"Adel","link":"https:\/\/dirkpeters.info\/?cat=44"},"img":{"alt_text":"Stammtafel Bomsdorff aus der Sammlung Jacobi","src":"https:\/\/i0.wp.com\/test.dirkpeters.net\/wp-content\/uploads\/2017\/05\/bomsdorff-1024x435.jpg?resize=350%2C200","width":350,"height":200,"srcset":"https:\/\/i0.wp.com\/test.dirkpeters.net\/wp-content\/uploads\/2017\/05\/bomsdorff-1024x435.jpg?resize=350%2C200 1x, https:\/\/i0.wp.com\/test.dirkpeters.net\/wp-content\/uploads\/2017\/05\/bomsdorff-1024x435.jpg?resize=525%2C300 1.5x, https:\/\/i0.wp.com\/test.dirkpeters.net\/wp-content\/uploads\/2017\/05\/bomsdorff-1024x435.jpg?resize=700%2C400 2x"},"classes":[]},{"id":12,"url":"https:\/\/dirkpeters.info\/?p=12","url_meta":{"origin":3775,"position":2},"title":"Pommersche Genealogien","author":"dirkpeters","date":"31. August 2009","format":false,"excerpt":"Unter dem Titel Pommersche Genealogien ist zwischen 1842 und 1896 eine Reihe aus f\u00fcnf B\u00e4nden zu Genealogien Pommerscher Familien erschienen. Autoren dieser Reihe waren Carl Gesterding (Band 1) und Theodor Pyl (B\u00e4nde 2 - 5). Die B\u00fccher stellen eine unverzichtbare Quelle f\u00fcr die Ahnenforschung im pommerschen Adel und dem B\u00fcrgertum\u2026","rel":"","context":"In &quot;B\u00fccher&quot;","block_context":{"text":"B\u00fccher","link":"https:\/\/dirkpeters.info\/?cat=3"},"img":{"alt_text":"","src":"","width":0,"height":0},"classes":[]},{"id":1080,"url":"https:\/\/dirkpeters.info\/?p=1080","url_meta":{"origin":3775,"position":3},"title":"Europ\u00e4ische Stammtafeln","author":"dirkpeters","date":"9. April 2014","format":false,"excerpt":"Unter dem Namen Europ\u00e4ische Stammtafeln ist ein Nachschlagewerk bekannt, welches erstmals 1935\/36 in zwei B\u00e4nden unter dem Titel \"Stammtafeln zur Geschichte der europ\u00e4ischen Staaten\" von Wilhelm Karl Prinz von Isenburg ver\u00f6ffentlicht wurde. Nachfolger als Bearbeiter waren Frank Baron Freytag von Loringhoven und Detlev Schwennicke. Wurde in der Erstauflage 1935\/36 nur\u2026","rel":"","context":"In &quot;B\u00fccher&quot;","block_context":{"text":"B\u00fccher","link":"https:\/\/dirkpeters.info\/?cat=3"},"img":{"alt_text":"","src":"","width":0,"height":0},"classes":[]},{"id":3845,"url":"https:\/\/dirkpeters.info\/?p=3845","url_meta":{"origin":3775,"position":4},"title":"Hoerschelmanns Sammlung zuverl\u00e4ssiger Stamm- und Ahnentafeln","author":"dirkpeters","date":"30. Juli 2020","format":false,"excerpt":"Friedrich Ludwig Anton Hoerschelmann: Sammlung zuverl\u00e4ssiger Stamm- und Ahnentafeln verschiedener jetzt florirender adelichen und freyherrl. Familien, Coburg 1774 Aus dem Vorwort: Die abgek\u00fcrzten Stammtafeln der reichsgr\u00e4flichen H\u00e4user, die Herr Krebel zu Leipzig, in dem 2ten Theile des vormaligen Schumannischen, in der Gleditschen Buchhandlung herauskommenden genealogischen Handbuchs[1] geliefert hat, haben vielen\u2026","rel":"","context":"In &quot;Adel&quot;","block_context":{"text":"Adel","link":"https:\/\/dirkpeters.info\/?cat=44"},"img":{"alt_text":"","src":"https:\/\/i0.wp.com\/dirkpeters.info\/wp-content\/uploads\/2020\/07\/sammlung.jpg?fit=600%2C845&ssl=1&resize=350%2C200","width":350,"height":200,"srcset":"https:\/\/i0.wp.com\/dirkpeters.info\/wp-content\/uploads\/2020\/07\/sammlung.jpg?fit=600%2C845&ssl=1&resize=350%2C200 1x, https:\/\/i0.wp.com\/dirkpeters.info\/wp-content\/uploads\/2020\/07\/sammlung.jpg?fit=600%2C845&ssl=1&resize=525%2C300 1.5x"},"classes":[]},{"id":3381,"url":"https:\/\/dirkpeters.info\/?p=3381","url_meta":{"origin":3775,"position":5},"title":"Die Lindnersche Stamm- und Ahnentafelsammlung","author":"dirkpeters","date":"11. Juni 2019","format":false,"excerpt":"Heinrich August Lindner, zu Lebzeiten Sekret\u00e4r und Genealoge am kurf\u00fcrstlichen Lehnshofe in Dresden, starb am 30. Mai 1787 und hinterlie\u00df eine riesige handschriftliche Sammlung von fast 800 Stammtafeln und weit \u00fcber 4000 Ahnentafeln. 1930 gelang die Sammlung in den Besitz des damaligen Inhabers des Verlages Degener & Co., Oswald Spohr.\u2026","rel":"","context":"In &quot;Adel&quot;","block_context":{"text":"Adel","link":"https:\/\/dirkpeters.info\/?cat=44"},"img":{"alt_text":"Lindner_Titel","src":"https:\/\/i0.wp.com\/dirkpeters.info\/wp-content\/uploads\/2019\/06\/Lindner_Titel.jpg?fit=797%2C1200&ssl=1&resize=350%2C200","width":350,"height":200,"srcset":"https:\/\/i0.wp.com\/dirkpeters.info\/wp-content\/uploads\/2019\/06\/Lindner_Titel.jpg?fit=797%2C1200&ssl=1&resize=350%2C200 1x, https:\/\/i0.wp.com\/dirkpeters.info\/wp-content\/uploads\/2019\/06\/Lindner_Titel.jpg?fit=797%2C1200&ssl=1&resize=525%2C300 1.5x, https:\/\/i0.wp.com\/dirkpeters.info\/wp-content\/uploads\/2019\/06\/Lindner_Titel.jpg?fit=797%2C1200&ssl=1&resize=700%2C400 2x"},"classes":[]}],"jetpack_sharing_enabled":true,"jetpack_likes_enabled":true,"_links":{"self":[{"href":"https:\/\/dirkpeters.info\/index.php?rest_route=\/wp\/v2\/posts\/3775","targetHints":{"allow":["GET"]}}],"collection":[{"href":"https:\/\/dirkpeters.info\/index.php?rest_route=\/wp\/v2\/posts"}],"about":[{"href":"https:\/\/dirkpeters.info\/index.php?rest_route=\/wp\/v2\/types\/post"}],"author":[{"embeddable":true,"href":"https:\/\/dirkpeters.info\/index.php?rest_route=\/wp\/v2\/users\/1"}],"replies":[{"embeddable":true,"href":"https:\/\/dirkpeters.info\/index.php?rest_route=%2Fwp%2Fv2%2Fcomments&post=3775"}],"version-history":[{"count":5,"href":"https:\/\/dirkpeters.info\/index.php?rest_route=\/wp\/v2\/posts\/3775\/revisions"}],"predecessor-version":[{"id":3781,"href":"https:\/\/dirkpeters.info\/index.php?rest_route=\/wp\/v2\/posts\/3775\/revisions\/3781"}],"wp:featuredmedia":[{"embeddable":true,"href":"https:\/\/dirkpeters.info\/index.php?rest_route=\/wp\/v2\/media\/3776"}],"wp:attachment":[{"href":"https:\/\/dirkpeters.info\/index.php?rest_route=%2Fwp%2Fv2%2Fmedia&parent=3775"}],"wp:term":[{"taxonomy":"category","embeddable":true,"href":"https:\/\/dirkpeters.info\/index.php?rest_route=%2Fwp%2Fv2%2Fcategories&post=3775"},{"taxonomy":"post_tag","embeddable":true,"href":"https:\/\/dirkpeters.info\/index.php?rest_route=%2Fwp%2Fv2%2Ftags&post=3775"}],"curies":[{"name":"wp","href":"https:\/\/api.w.org\/{rel}","templated":true}]}}