{"id":3702,"date":"2020-03-14T19:04:47","date_gmt":"2020-03-14T18:04:47","guid":{"rendered":"https:\/\/dirkpeters.info\/?p=3702"},"modified":"2020-03-15T12:06:08","modified_gmt":"2020-03-15T11:06:08","slug":"zmfg-1-2020","status":"publish","type":"post","link":"https:\/\/dirkpeters.info\/?p=3702","title":{"rendered":"ZMFG 1\/2020"},"content":{"rendered":"<div class=\"zeitungsschau\">\n<a href=\"https:\/\/i0.wp.com\/dirkpeters.info\/wp-content\/uploads\/2020\/03\/AMF_01_2020.jpg?ssl=1\"><img data-recalc-dims=\"1\" decoding=\"async\" src=\"https:\/\/i0.wp.com\/dirkpeters.info\/wp-content\/uploads\/2020\/03\/AMF_01_2020.jpg?w=1160&#038;ssl=1\" alt=\"AMF 1\/2020\" \/><\/a><\/p>\n<p>Heute war das erste Heft des Jahrgangs 2020 der Zeitschrift f\u00fcr Mitteldeutsche Familiengeschichte im Briefkasten.<\/p>\n<p>Aus dem Inhalt:<\/p>\n<ul>\n<li><strong>Hermann K\u00fchn<\/strong>: Es war nicht der Vater, es war der Sohn oder Die richtige Familie f\u00fcr Nr. 13 im Zittauer Epitaphienschatz<\/li>\n<li><strong>Peter Engel<\/strong>: Meine Ahnen Calmberg in Wiegleben und Gotha (um 1500-1728<\/li>\n<li><strong>Felicitas Spring<\/strong>: \u201eunser liebes St\u00e4dtlein Gartz\u201c. B\u00fcrger und Einlieger von Garz auf R\u00fcgen in Einwohnerlisten des 17. und 18. Jahrhunderts. Ein Beitrag zur 700-Jahrfeier der Stadt 2019 (Teil 12: Das zweite Garzer Stadtbuch von 1717-1776, zweite H\u00e4lfte bis 1726)<\/li>\n<li><strong>Michael Bock<\/strong>: Der Mord in Altgol\u00dfen 1801: Das tragische Karriereende der Familie (Edle von) Schmidt in Sage und Geschichte<\/li>\n<li><strong>Stephan B\u00f6hme<\/strong>: Eine gro\u00dfe Mittweidaer Familie im 19. Jahrhundert<\/li>\n<li><strong>Bernd Schrader<\/strong>: Familienverband Schrader e.V. &#8211; 100 Jahre Familienforschung<\/li>\n<\/ul>\n<\/div>\n","protected":false},"excerpt":{"rendered":"<p>Heute war das erste Heft des Jahrgangs 2020 der Zeitschrift f\u00fcr Mitteldeutsche Familiengeschichte im Briefkasten. Aus dem Inhalt: Hermann K\u00fchn: Es war nicht der Vater, es war der Sohn oder<\/p>\n<div><a href=\"https:\/\/dirkpeters.info\/?p=3702\" class=\"exp-read-more exp-read-more-underlined\">Read More<\/a><\/div>\n","protected":false},"author":1,"featured_media":3703,"comment_status":"open","ping_status":"open","sticky":false,"template":"","format":"standard","meta":{"jetpack_post_was_ever_published":false,"_jetpack_newsletter_access":"","_jetpack_dont_email_post_to_subs":false,"_jetpack_newsletter_tier_id":0,"_jetpack_memberships_contains_paywalled_content":false,"_jetpack_memberships_contains_paid_content":false,"footnotes":"","_links_to":"","_links_to_target":""},"categories":[9,251,18,153],"tags":[89,399,167,66,159],"class_list":["post-3702","post","type-post","status-publish","format-standard","has-post-thumbnail","hentry","category-ahnenforschung","category-amf","category-vereine","category-zeitschriften","tag-amf","tag-mitteldeutschland","tag-vereine","tag-zeitschriften","tag-zmfg"],"jetpack_featured_media_url":"https:\/\/i0.wp.com\/dirkpeters.info\/wp-content\/uploads\/2020\/03\/AMF_01_2020.jpg?fit=500%2C721&ssl=1","jetpack_shortlink":"https:\/\/wp.me\/p8HCXc-XI","jetpack-related-posts":[{"id":1148,"url":"https:\/\/dirkpeters.info\/?p=1148","url_meta":{"origin":3702,"position":0},"title":"ZMFG Heft 3\/2014","author":"dirkpeters","date":"26. September 2014","format":false,"excerpt":"Das neueste Heft der Zeitschrift f\u00fcr Mitteldeutsche Familiengeschichte ist erschienen: Heft 3\/2014 Aus dem Inhalt: Die Witwe Katharina Krell geb. Pistoris - Inventar und Geradeschenkung von 1570. Zwei Quellen zu den Lebens- und Verm\u00f6gensverh\u00e4ltnissen einer Leipziger ratsf\u00e4higen Familie des 16. Jahrhunderts (Hartmut Krell) Das Steuerregister des Gr\u00e4flich Solms'schen Amtes Baruth\u2026","rel":"","context":"In &quot;AMF&quot;","block_context":{"text":"AMF","link":"https:\/\/dirkpeters.info\/?cat=251"},"img":{"alt_text":"","src":"","width":0,"height":0},"classes":[]},{"id":3520,"url":"https:\/\/dirkpeters.info\/?p=3520","url_meta":{"origin":3702,"position":1},"title":"ZMFG 3\/2019","author":"dirkpeters","date":"13. September 2019","format":false,"excerpt":"Neuerscheinung bei der AMF Heute war das Heft 3\/2019 der Zeitschrift f\u00fcr Mitteldeutsche Familiengeschichte im Briefkasten. Aus dem Inhalt: Hermann K\u00fchn: Stammbucheintr\u00e4ge von Adam Erdmann Mirus (1636-1728), Konrektor des Zittauer Gymnasiums Felicitas Spring: \u201eunser liebes St\u00e4dtlein Gartz\u201c. B\u00fcrger und Einlieger von Garz auf R\u00fcgen in Einwohnerlisten des 17. und 18.\u2026","rel":"","context":"In &quot;Ahnenforschung&quot;","block_context":{"text":"Ahnenforschung","link":"https:\/\/dirkpeters.info\/?cat=9"},"img":{"alt_text":"","src":"https:\/\/i0.wp.com\/dirkpeters.info\/wp-content\/uploads\/2019\/09\/AMF_03_2019.jpg?fit=586%2C845&ssl=1&resize=350%2C200","width":350,"height":200,"srcset":"https:\/\/i0.wp.com\/dirkpeters.info\/wp-content\/uploads\/2019\/09\/AMF_03_2019.jpg?fit=586%2C845&ssl=1&resize=350%2C200 1x, https:\/\/i0.wp.com\/dirkpeters.info\/wp-content\/uploads\/2019\/09\/AMF_03_2019.jpg?fit=586%2C845&ssl=1&resize=525%2C300 1.5x"},"classes":[]},{"id":3939,"url":"https:\/\/dirkpeters.info\/?p=3939","url_meta":{"origin":3702,"position":2},"title":"ZMFG 3\/2020","author":"dirkpeters","date":"1. Oktober 2020","format":false,"excerpt":"Heute war es im Briefkasten, das Heft 3\/2020 der Zeitschrift f\u00fcr Mitteldeutsche Familiengeschichte, dem Vereinsorgan der AMF. Aus dem Inhalt: Stefan Lindemann: 200 Jahre Behnitzer Firscherhaus am Firschergraben. Ein Beitrag zu havell\u00e4ndischen Fischer- und M\u00fcllerfamilien Michael Bock: Die Kantorfamilie Keyser\/Kayser in Niedersch\u00f6na bei Freiberg\/Sachsen und Gol\u00dfen\/Niederlausitz im 18. Jahrhunder Helmut\u2026","rel":"","context":"In &quot;Ahnenforschung&quot;","block_context":{"text":"Ahnenforschung","link":"https:\/\/dirkpeters.info\/?cat=9"},"img":{"alt_text":"","src":"https:\/\/i0.wp.com\/dirkpeters.info\/wp-content\/uploads\/2020\/10\/AMF_03_2020.jpg?fit=581%2C840&ssl=1&resize=350%2C200","width":350,"height":200,"srcset":"https:\/\/i0.wp.com\/dirkpeters.info\/wp-content\/uploads\/2020\/10\/AMF_03_2020.jpg?fit=581%2C840&ssl=1&resize=350%2C200 1x, https:\/\/i0.wp.com\/dirkpeters.info\/wp-content\/uploads\/2020\/10\/AMF_03_2020.jpg?fit=581%2C840&ssl=1&resize=525%2C300 1.5x"},"classes":[]},{"id":1331,"url":"https:\/\/dirkpeters.info\/?p=1331","url_meta":{"origin":3702,"position":3},"title":"ZMFG 4\/2015","author":"dirkpeters","date":"16. Dezember 2015","format":false,"excerpt":"Neuerscheinung bei der AMF: Zeitschrift f\u00fcr Mitteldeutsche Familienforschung Heft 4\/2015 Rechtzeitig von Weihnachten erschien das Heft 4\/2015 der Zeitschrift f\u00fcr Mitteldeutsche Familienforschung. Aus dem Inhalt: Engel, Peter: Nochmals: Die Bonat\/Bonath in M\u00fchlhausen\/Th\u00fcr. M\u00fcller, Klaus: Die Oertel in B\u00fcna im Vogtl\u00e4ndischen Oberland. Familien- und Besitzgeschichten 1661-1999 Bock, Michael: Die Geschwister der\u2026","rel":"","context":"In &quot;AMF&quot;","block_context":{"text":"AMF","link":"https:\/\/dirkpeters.info\/?cat=251"},"img":{"alt_text":"","src":"","width":0,"height":0},"classes":[]},{"id":2465,"url":"https:\/\/dirkpeters.info\/?p=2465","url_meta":{"origin":3702,"position":4},"title":"ZMFG 4\/2018","author":"dirkpeters","date":"23. Dezember 2018","format":false,"excerpt":"Kurz vor Weihnachten war noch das aktuelle Heft der Zeitschrift f\u00fcr Mitteldeutsche Familiengeschichte, dem Vereinsorgan der AMF im Briefkasten. Aus dem Inhalt: Zur Geschichte der Salzunger Familie Fulda. Nach handschriftlichen Aufzeichnungen des Christian August Walch (Helmut Helbich und Wolfgang Walch) Die Vorfahren des Freiberger Rats- und Bergzimmermeisters Johann Gottlieb Ohndorff\u2026","rel":"","context":"In &quot;AMF&quot;","block_context":{"text":"AMF","link":"https:\/\/dirkpeters.info\/?cat=251"},"img":{"alt_text":"","src":"https:\/\/i0.wp.com\/dirkpeters.info\/wp-content\/uploads\/2018\/12\/amf2018-04.jpg?fit=571%2C819&ssl=1&resize=350%2C200","width":350,"height":200,"srcset":"https:\/\/i0.wp.com\/dirkpeters.info\/wp-content\/uploads\/2018\/12\/amf2018-04.jpg?fit=571%2C819&ssl=1&resize=350%2C200 1x, https:\/\/i0.wp.com\/dirkpeters.info\/wp-content\/uploads\/2018\/12\/amf2018-04.jpg?fit=571%2C819&ssl=1&resize=525%2C300 1.5x"},"classes":[]},{"id":1255,"url":"https:\/\/dirkpeters.info\/?p=1255","url_meta":{"origin":3702,"position":5},"title":"ZMFG 1\/2015","author":"dirkpeters","date":"25. M\u00e4rz 2015","format":false,"excerpt":"Diese Woche im Briefkasten: Zeitschrift f\u00fcr Mitteldeutsche Familienforschung Heft 1\/2015 Aus dem Inhalt: Delitzscher Kreditgesch\u00e4fte des 14. bis 16. Jahrhunderts (J\u00fcrgen Wagner) Die Testamente des Hans Hummelshain von 1517 und seines Schwiegersohnes Dr. Heinrich Stromer genannt von Auerbach von 1542. Quellen zu zwei Leipziger Ratsmitgliedern (Hartmut Krell) Stammfolge der Familie\u2026","rel":"","context":"In &quot;AMF&quot;","block_context":{"text":"AMF","link":"https:\/\/dirkpeters.info\/?cat=251"},"img":{"alt_text":"","src":"","width":0,"height":0},"classes":[]}],"jetpack_sharing_enabled":true,"jetpack_likes_enabled":true,"_links":{"self":[{"href":"https:\/\/dirkpeters.info\/index.php?rest_route=\/wp\/v2\/posts\/3702","targetHints":{"allow":["GET"]}}],"collection":[{"href":"https:\/\/dirkpeters.info\/index.php?rest_route=\/wp\/v2\/posts"}],"about":[{"href":"https:\/\/dirkpeters.info\/index.php?rest_route=\/wp\/v2\/types\/post"}],"author":[{"embeddable":true,"href":"https:\/\/dirkpeters.info\/index.php?rest_route=\/wp\/v2\/users\/1"}],"replies":[{"embeddable":true,"href":"https:\/\/dirkpeters.info\/index.php?rest_route=%2Fwp%2Fv2%2Fcomments&post=3702"}],"version-history":[{"count":5,"href":"https:\/\/dirkpeters.info\/index.php?rest_route=\/wp\/v2\/posts\/3702\/revisions"}],"predecessor-version":[{"id":3708,"href":"https:\/\/dirkpeters.info\/index.php?rest_route=\/wp\/v2\/posts\/3702\/revisions\/3708"}],"wp:featuredmedia":[{"embeddable":true,"href":"https:\/\/dirkpeters.info\/index.php?rest_route=\/wp\/v2\/media\/3703"}],"wp:attachment":[{"href":"https:\/\/dirkpeters.info\/index.php?rest_route=%2Fwp%2Fv2%2Fmedia&parent=3702"}],"wp:term":[{"taxonomy":"category","embeddable":true,"href":"https:\/\/dirkpeters.info\/index.php?rest_route=%2Fwp%2Fv2%2Fcategories&post=3702"},{"taxonomy":"post_tag","embeddable":true,"href":"https:\/\/dirkpeters.info\/index.php?rest_route=%2Fwp%2Fv2%2Ftags&post=3702"}],"curies":[{"name":"wp","href":"https:\/\/api.w.org\/{rel}","templated":true}]}}