{"id":3593,"date":"2019-11-22T19:20:49","date_gmt":"2019-11-22T18:20:49","guid":{"rendered":"https:\/\/dirkpeters.info\/?p=3593"},"modified":"2019-11-22T12:29:39","modified_gmt":"2019-11-22T11:29:39","slug":"archion-newsletter-november-2019","status":"publish","type":"post","link":"https:\/\/dirkpeters.info\/?p=3593","title":{"rendered":"Archion Newsletter November 2019"},"content":{"rendered":"<p><a href=\"https:\/\/www.archion.de\/\"><img data-recalc-dims=\"1\" decoding=\"async\" src=\"https:\/\/i0.wp.com\/dirkpeters.info\/wp-content\/uploads\/2019\/03\/archion.jpg?w=1160&ssl=1\" alt=\"\" style=\"float: right; width:400px; margin:10px; padding:5px; border: 1px solid #FBFBFB;\" \/><\/a><\/p>\n<h3>Neue Kirchenb\u00fccher bei Archion<\/h3>\n<p><!--startcolumns--><\/p>\n<h4>Was ging in den vergangenen Wochen online?<\/h4>\n<ul>\n<li>Bayern: Landeskirchliches Archiv der Evang.-Luth. Kirche, 445 Kirchenb\u00fccher aus verschiedenen Orten<\/li>\n<li>Braunschweig: Landeskirchliches Archiv der Evang.-Luth. Landeskirche, Kirchenb\u00fccher aus Sch\u00f6ningen<\/li>\n<li>Westfalen: Landeskirchliches Archiv der Evang. Kirche, verschiedene Ersatz- und Neudigitalsierungen<\/li>\n<li>W\u00fcrttemberg: Landeskirchliches Archiv Stuttgart, verschiedene Ersatz- und Neudigitalsierungen<\/li>\n<\/ul>\n<p><!--column--><\/p>\n<h4>Was wird derzeit importiert?<\/h4>\n<ul>\n<li>Hannover: Landeskirchliches Archiv, Kirchenb\u00fccher aus dem Kirchenkreis Hameln-Pyrmont<\/li>\n<\/ul>\n<p><!--column--><\/p>\n<h4>Was kommt im Anschluss?<\/h4>\n<ul>\n<li>Hannover: Landeskirchliches Archiv, Austausch von Digitalisaten<\/li>\n<li>Kurhessen-Waldeck: Landeskirchliches Archiv Kassel<\/li>\n<li>Berlin, Brandenburg, schlesische Oberlausitz: Landeskirchliches Archiv in Berlin<\/li>\n<\/ul>\n<p><!--stopcolumns--><\/p>\n<p><a href=\"https:\/\/www.archion.de\/de\/news\/neue-digitalisate\/\" rel=\"noopener noreferrer\" target=\"_blank\">Aktuelle \u00dcbersicht neuer Digitalisate<\/a><\/p>\n<h3>Austausch von Digitalisaten<\/h3>\n<p>Nach der Onlinestellung der Kirchenb\u00fccher aus dem Kirchenkreis Grafschaft Schaumburg (Hannover: Landeskirchliches Archiv) haben uns zahlreiche Forschende eine zu geringe Aufl\u00f6sung r\u00fcckgemeldet. Damit verbunden war eine zu geringe Zoomm\u00f6glichkeit, was die Lesbarkeit der einzelnen Eintr\u00e4ge erschwert hat. Um Ihnen auch in diesem Bereich ein angenehmes Forschen zu erm\u00f6glichen, hat das Landeskirchliche Archiv Hannover auf Ihre R\u00fcckmeldungen gleich reagiert und die Digitalisierung aller betroffenen Kirchenb\u00fccher neu beauftragt. Die neuen Scans haben uns schon erreicht und wir k\u00f6nnen in den kommenden Tagen die alten Bilder durch neue, h\u00f6her aufl\u00f6sende Bilder ersetzen.<\/p>\n<h3>Pionier der Automobilindustrie<\/h3>\n<p>Carl Benz schrieb Automobilgeschichte \u2013 am 25. November j\u00e4hrt sich sein Geburtstag zum 175. Mal. Er wurde 1844 als Karl Friedrich Michael Wailand unehelich geboren. Seine Mutter war das Dienstm\u00e4dchen Josephine Vaillant. Vermutlich hat der Pfarrer den hugenottischen Nachnamen der Mutter einfach zu Wailand germanisiert. Sein Vater Johann Georg Benz war Lokomotivf\u00fchrer bei der Badischen Eisenbahn und heiratete die Mutter 1845. Damit hatte Carl Benz auch den Nachnamen seines Vaters \u00fcbernommen, der aber schon 1846 starb.<\/p>\n<p>Nach Abschluss des Maschinenbaustudiums gr\u00fcndete Carl Benz mit der Unterst\u00fctzung seiner zuk\u00fcnftigen Ehefrau Bertha Ringer 1871 seine erste Firma in Mannheim. Aus der Ehe gingen zwei S\u00f6hne und drei T\u00f6chter hervor. Seine intensive Besch\u00e4ftigung mit dem Zweitaktmotor w\u00e4hrend dieser Zeit f\u00fchrte zu mehreren grundlegenden Patenten. Um seine Motoren zu produzieren, gr\u00fcndete Benz 1883 die \u201eBenz & Co. Rheinische Gasmotoren-Fabrik\u201c mit der er die wirtschaftliche Sicherheit erlangte, die Entwicklung seines Motorwagens voranzutreiben.<\/p>\n<p>Er erhielt 1886 das Patent auf seinen \u201eBenz Patent-Motorwagen\u201c \u2013 das erste Automobil. In den folgenden Jahren entwickelte sich das Unternehmen zum weltweit f\u00fchrenden Automobilhersteller, aus dem 1926 die Daimler-Benz AG hervorging. Seine aktive T\u00e4tigkeit in der Firma beendete Carl Benz 1903 und gr\u00fcndete 1906 zusammen mit seinen S\u00f6hnen das Unternehmen \u201eCarl Benz S\u00f6hne\u201c in Ladenburg, das sich auf den Fahrzeugbau spezialisierte. Carl Benz starb am 4. April 1929 in Ladenburg. Lesen Sie zu Carl Benz auch den interessanten Artikel \u201eVerr\u00e4terische Trauzeugen\u201c des Historikes R\u00fcdiger Soldt auf Faz.net: <a href=\"http:\/\/www.faz.net\/aktuell\/gesellschaft\/carl-benz-geburtshaus-verraeterische-trauzeugen-1622943.html\" rel=\"noopener noreferrer\" target=\"_blank\">www.faz.net\/aktuell\/gesellschaft\/carl-benz-geburtshaus-verraeterische-trauzeugen-1622943.html<\/a><\/p>\n<p><a href=\"https:\/\/www.archion.de\/de\/news\/newsletter\/schon-entdeckt-carl-benz\/\" rel=\"noopener noreferrer\" target=\"_blank\">Und entdecken Sie hier Benz\u2018 Taufeintrag <\/a><\/p>\n","protected":false},"excerpt":{"rendered":"<p>Neue Kirchenb\u00fccher bei Archion Was ging in den vergangenen Wochen online? Bayern: Landeskirchliches Archiv der Evang.-Luth. Kirche, 445 Kirchenb\u00fccher aus verschiedenen Orten Braunschweig: Landeskirchliches Archiv der Evang.-Luth. Landeskirche, Kirchenb\u00fccher aus<\/p>\n<div><a href=\"https:\/\/dirkpeters.info\/?p=3593\" class=\"exp-read-more exp-read-more-underlined\">Read More<\/a><\/div>\n","protected":false},"author":1,"featured_media":3271,"comment_status":"open","ping_status":"open","sticky":false,"template":"","format":"standard","meta":{"jetpack_post_was_ever_published":false,"_jetpack_newsletter_access":"","_jetpack_dont_email_post_to_subs":false,"_jetpack_newsletter_tier_id":0,"_jetpack_memberships_contains_paywalled_content":false,"_jetpack_memberships_contains_paid_content":false,"footnotes":"","_links_to":"","_links_to_target":""},"categories":[9,209,194],"tags":[238,237,208],"class_list":["post-3593","post","type-post","status-publish","format-standard","has-post-thumbnail","hentry","category-ahnenforschung","category-kirchenbuecher","category-kommerzielle-seiten","tag-archion","tag-evangelische-kirche","tag-kirchenbuecher"],"jetpack_featured_media_url":"https:\/\/i0.wp.com\/dirkpeters.info\/wp-content\/uploads\/2019\/03\/archion.jpg?fit=400%2C80&ssl=1","jetpack_shortlink":"https:\/\/wp.me\/p8HCXc-VX","jetpack-related-posts":[{"id":3687,"url":"https:\/\/dirkpeters.info\/?p=3687","url_meta":{"origin":3593,"position":0},"title":"Archion Newsletter Februar 2020","author":"dirkpeters","date":"20. Februar 2020","format":false,"excerpt":"Etwas aus Th\u00fcringen, Sachsen-Anhalt und Brandenburg Mit unseren beiden frisch hinzugekommenen Partnerarchiven in Magdeburg und Eisenach ist es Forschenden erstmals m\u00f6glich online in historischen Kirchenb\u00fcchern der Evangelischen Kirche Mitteldeutschlands zu recherchieren. Aktuell sind 1450 Kirchenb\u00fccher aus 200 Orten online verf\u00fcgbar. Aber Achtung: der Import hat frisch begonnen, es sind noch\u2026","rel":"","context":"In &quot;Ahnenforschung&quot;","block_context":{"text":"Ahnenforschung","link":"https:\/\/dirkpeters.info\/?cat=9"},"img":{"alt_text":"","src":"","width":0,"height":0},"classes":[]},{"id":3890,"url":"https:\/\/dirkpeters.info\/?p=3890","url_meta":{"origin":3593,"position":1},"title":"Archion Newsletter August 2020","author":"dirkpeters","date":"11. August 2020","format":false,"excerpt":"Neue Kirchenb\u00fccher bei Archion Was ging in den vergangenen Wochen online? Sachsen: Landeskirchliches Archiv der Evang.-Luth. Landeskirche360 Kirchenb\u00fccher aus dem Kirchenkreis Dippoldiswalde Norddeutschland: Landeskirchliches Archiv der Evang.-Luth. Kirche480 Kirchenb\u00fccher aus dem Kirchenkreis Rendsburg-Eckernf\u00f6rde Was wird derzeit importiert? Norddeutschland: Landeskirchliches Archiv der Evang.-Luth. KircheKirchenb\u00fccher aus dem Kirchenkreis Ostholstein Was kommt im\u2026","rel":"","context":"In &quot;Ahnenforschung&quot;","block_context":{"text":"Ahnenforschung","link":"https:\/\/dirkpeters.info\/?cat=9"},"img":{"alt_text":"","src":"","width":0,"height":0},"classes":[]},{"id":3990,"url":"https:\/\/dirkpeters.info\/?p=3990","url_meta":{"origin":3593,"position":2},"title":"Archion Newsletter Oktober 2020","author":"dirkpeters","date":"21. Oktober 2020","format":false,"excerpt":"Neue Kirchenb\u00fccher bei Archion Was ging in den vergangenen Wochen online? Norddeutschland: Landeskirchliches Archiv der Evang.-Luth. Kirche, Kirchenb\u00fccher aus dem Kirchenkreis Ostholstein Mitteldeutschland: Landeskirchenarchiv Magdeburg, Kirchenb\u00fccher aus dem Kirchenkreis Bad Liebenwerda Mitteldeutschland: Landeskirchenarchiv Eisenach, Kirchenb\u00fccher aus dem Kirchenkreis Eisenach-Gerstungen Mitteldeutschland: Landeskirchenarchiv Eisenach, Kirchenb\u00fccher aus dem Kirchenkreis Meiningen Mitteldeutschland: Landeskirchenarchiv Eisenach,\u2026","rel":"","context":"In &quot;Ahnenforschung&quot;","block_context":{"text":"Ahnenforschung","link":"https:\/\/dirkpeters.info\/?cat=9"},"img":{"alt_text":"","src":"https:\/\/i0.wp.com\/dirkpeters.info\/wp-content\/uploads\/2020\/10\/archion102020.png?resize=350%2C200&ssl=1","width":350,"height":200,"srcset":"https:\/\/i0.wp.com\/dirkpeters.info\/wp-content\/uploads\/2020\/10\/archion102020.png?resize=350%2C200&ssl=1 1x, https:\/\/i0.wp.com\/dirkpeters.info\/wp-content\/uploads\/2020\/10\/archion102020.png?resize=525%2C300&ssl=1 1.5x"},"classes":[]},{"id":3529,"url":"https:\/\/dirkpeters.info\/?p=3529","url_meta":{"origin":3593,"position":3},"title":"Archion Newsletter September 2019","author":"dirkpeters","date":"26. September 2019","format":false,"excerpt":"Kirchenb\u00fccher aus Sachsen online Online sind jetzt mehr als tausend Kirchenb\u00fccher aus vielen Orten in den historischen Kirchenbezirken Dresden und Mei\u00dfen. Im Kirchenbezirk Mei\u00dfen sind im Moment Orte bis zum Buchstaben N verf\u00fcgbar, weitere folgen demn\u00e4chst. Damit Sie Ihre Forschung besser planen k\u00f6nnen, haben wir der Visitenkarte des Archivs eine\u2026","rel":"","context":"In &quot;Ahnenforschung&quot;","block_context":{"text":"Ahnenforschung","link":"https:\/\/dirkpeters.info\/?cat=9"},"img":{"alt_text":"","src":"","width":0,"height":0},"classes":[]},{"id":3423,"url":"https:\/\/dirkpeters.info\/?p=3423","url_meta":{"origin":3593,"position":4},"title":"Archion Newsletter August 2019","author":"dirkpeters","date":"5. August 2019","format":false,"excerpt":"Der 71. Deutsche Genealogentag in GothaFreitag, 13.09.2019 \u2212 Sonntag, 15.09.2019 Das gr\u00f6\u00dfte Treffen von Ahnen- und Familienforschenden im deutschsprachigen Raum findet in diesem Jahr in Gotha in Th\u00fcringen statt. Von Freitag, 13.09. bis Sonntag, 15.09. haben Forschende die M\u00f6glichkeit sich zu informieren und auszutauschen. Sie k\u00f6nnen Neues entdecken, sich unverbindlich\u2026","rel":"","context":"In &quot;Kirchenb\u00fccher&quot;","block_context":{"text":"Kirchenb\u00fccher","link":"https:\/\/dirkpeters.info\/?cat=209"},"img":{"alt_text":"","src":"","width":0,"height":0},"classes":[]},{"id":3734,"url":"https:\/\/dirkpeters.info\/?p=3734","url_meta":{"origin":3593,"position":5},"title":"Archion Newsletter Mai 2020","author":"dirkpeters","date":"15. Mai 2020","format":false,"excerpt":"100 000 Kirchenb\u00fccher online Vor 5 Jahren war noch nicht absehbar, wo wir heute stehen w\u00fcrden. Wir sind sehr dankbar f\u00fcr die Unterst\u00fctzung unserer KundInnen und die gute Kooperation mit unseren teilnehmenden Archiven. Unsere KundInnen und die Archive sind der Grund daf\u00fcr, dass k\u00fcrzlich das 100 000ste Kirchenbuch online gehen\u2026","rel":"","context":"In &quot;Ahnenforschung&quot;","block_context":{"text":"Ahnenforschung","link":"https:\/\/dirkpeters.info\/?cat=9"},"img":{"alt_text":"","src":"","width":0,"height":0},"classes":[]}],"jetpack_sharing_enabled":true,"jetpack_likes_enabled":true,"_links":{"self":[{"href":"https:\/\/dirkpeters.info\/index.php?rest_route=\/wp\/v2\/posts\/3593","targetHints":{"allow":["GET"]}}],"collection":[{"href":"https:\/\/dirkpeters.info\/index.php?rest_route=\/wp\/v2\/posts"}],"about":[{"href":"https:\/\/dirkpeters.info\/index.php?rest_route=\/wp\/v2\/types\/post"}],"author":[{"embeddable":true,"href":"https:\/\/dirkpeters.info\/index.php?rest_route=\/wp\/v2\/users\/1"}],"replies":[{"embeddable":true,"href":"https:\/\/dirkpeters.info\/index.php?rest_route=%2Fwp%2Fv2%2Fcomments&post=3593"}],"version-history":[{"count":3,"href":"https:\/\/dirkpeters.info\/index.php?rest_route=\/wp\/v2\/posts\/3593\/revisions"}],"predecessor-version":[{"id":3596,"href":"https:\/\/dirkpeters.info\/index.php?rest_route=\/wp\/v2\/posts\/3593\/revisions\/3596"}],"wp:featuredmedia":[{"embeddable":true,"href":"https:\/\/dirkpeters.info\/index.php?rest_route=\/wp\/v2\/media\/3271"}],"wp:attachment":[{"href":"https:\/\/dirkpeters.info\/index.php?rest_route=%2Fwp%2Fv2%2Fmedia&parent=3593"}],"wp:term":[{"taxonomy":"category","embeddable":true,"href":"https:\/\/dirkpeters.info\/index.php?rest_route=%2Fwp%2Fv2%2Fcategories&post=3593"},{"taxonomy":"post_tag","embeddable":true,"href":"https:\/\/dirkpeters.info\/index.php?rest_route=%2Fwp%2Fv2%2Ftags&post=3593"}],"curies":[{"name":"wp","href":"https:\/\/api.w.org\/{rel}","templated":true}]}}