{"id":3486,"date":"2019-08-30T20:30:53","date_gmt":"2019-08-30T18:30:53","guid":{"rendered":"https:\/\/dirkpeters.info\/?p=3486"},"modified":"2019-08-30T08:50:25","modified_gmt":"2019-08-30T06:50:25","slug":"genealogische-sammlung-ernst-kloss","status":"publish","type":"post","link":"https:\/\/dirkpeters.info\/?p=3486","title":{"rendered":"Genealogische Sammlung Ernst Kloss"},"content":{"rendered":"<p>Wer war Ernst Kloss? Ich wei\u00df es nicht. Das Internet gibt keine Informationen preis. Wichtiger ist jedoch, die <a href=\"https:\/\/www.bibliotekacyfrowa.pl\/\" rel=\"noopener noreferrer\" target=\"_blank\">Universit\u00e4tsbibliothek Breslau<\/a> hat seine genealogische Sammlung digitalisiert. Da die Sammlung teilweise Angaben vom Anfang des 20. Jahrhunderts enth\u00e4lt, sollte er da noch gelebt haben. Die Sammlung enth\u00e4lt handschriftliche  Informationen zu verschiedenen Adelsfamilien haupts\u00e4chlich aus dem s\u00e4chsischen und oberlausitzer Raum. Oft bestehen die Abschnitte zu den einzelnen Familien nur aus wenigen Seiten, manchmal jedoch sind die Abschnitte recht umfangreich. Zu drei Familien (Gersdorff, Kiesenwetter und Kyaw) ist ein ganzer Band enthalten. Aufgef\u00fchrt sind teilweise ganze handgeschriebene Stammtafeln, Abschriften von Urkunden und einzelne Notizen.<\/p>\n<p>Die Sammlung enth\u00e4lt Infomationen zu folgenden Familien:<\/p>\n<table class=\"kloss\">\n<tr>\n<td  class=\"kloss-titel\"><a href=\"https:\/\/www.bibliotekacyfrowa.pl\/dlibra\/publication\/95555\/edition\/94341\" rel=\"noopener noreferrer\" target=\"_blank\">Band 1<\/a><\/td>\n<td  class=\"kloss-titel\"><a href=\"https:\/\/www.bibliotekacyfrowa.pl\/dlibra\/publication\/95556\/edition\/94342\" rel=\"noopener noreferrer\" target=\"_blank\">Band 2<\/a><\/td>\n<td  class=\"kloss-titel\"><a href=\"https:\/\/www.bibliotekacyfrowa.pl\/dlibra\/publication\/95557\/edition\/94343\" rel=\"noopener noreferrer\" target=\"_blank\">Band 3<\/a><\/td>\n<\/tr>\n<tr>\n<td class=\"kloss-inhalt\">\n<ul>\n<li>von Abschatz<\/li>\n<li>von Arnim<\/li>\n<li>von Auritz (Eichler von Auritz)<\/li>\n<li>von Ax (Axt)<\/li>\n<li>von Barthelmes<\/li>\n<li>von Baudiss (von Baudissin)<\/li>\n<li>von Baruth<\/li>\n<li>Berka von der Duba<\/li>\n<li>Becker von Rosenfeld<\/li>\n<li>Grafen von Beichlingen<\/li>\n<li>von Below (B\u00fclau)<\/li>\n<li>von Bellwitz<\/li>\n<li>von Berbisdorff<\/li>\n<li>von Berg (Berge)<\/li>\n<li>von Bernheim<\/li>\n<li>von Beschwitz<\/li>\n<li>von Bex<\/li>\n<li>von Barnth<\/li>\n<li>von Bibran<\/li>\n<li>von Birckholtz<\/li>\n<li>von Bischofswerder<\/li>\n<li>von Bischofsheim<\/li>\n<\/ul>\n<\/td>\n<td class=\"kloss-inhalt\">\n<ul>\n<li>von Bindemann<\/li>\n<li>von Blossdorff<\/li>\n<li>von Bobelitz<\/li>\n<li>von Bolberitz<\/li>\n<li>von Blanckenfeld<\/li>\n<li>von Bomsdorff<\/li>\n<li>von Bose<\/li>\n<li>von Braun<\/li>\n<li>von Borau gen. Kessel<\/li>\n<li>von Breitenbach<\/li>\n<li>von Briesen<\/li>\n<li>von Bressler<\/li>\n<li>von Brettin<\/li>\n<li>von Broitzem<\/li>\n<li>von Br\u00fchl<\/li>\n<li>von Buchholtzer<\/li>\n<li>von B\u00fcnau<\/li>\n<li>von Burckersrode<\/li>\n<li>von Burgsdorff<\/li>\n<\/ul>\n<\/td>\n<td class=\"kloss-inhalt\">\n<ul>\n<li>von Callenberg<\/li>\n<li>von Camentz<\/li>\n<li>von Canitz<\/li>\n<li>von Carlowitz<\/li>\n<li>von Clam<\/li>\n<li>von Colditz<\/li>\n<li>von Commerstedt<\/li>\n<li>von Cottbus<\/li>\n<li>von Crapidel<\/li>\n<li>von Dallwitz<\/li>\n<li>von Damnitz<\/li>\n<li>von Denpold<\/li>\n<li>von Dieskau<\/li>\n<li>von Dobsch\u00fctz<\/li>\n<li>von Debschitz<\/li>\n<\/ul>\n<\/td>\n<\/tr>\n<tr>\n<td  class=\"kloss-titel\"><a href=\"https:\/\/www.bibliotekacyfrowa.pl\/dlibra\/publication\/102798\/edition\/96141\" rel=\"noopener noreferrer\" target=\"_blank\">Band 4<\/a><\/td>\n<td  class=\"kloss-titel\"><a href=\"https:\/\/www.bibliotekacyfrowa.pl\/dlibra\/publication\/102799\/edition\/96142\" rel=\"noopener noreferrer\" target=\"_blank\">Band 5<\/a><\/td>\n<td  class=\"kloss-titel\"><a href=\"https:\/\/www.bibliotekacyfrowa.pl\/dlibra\/publication\/102800\/edition\/96143\" rel=\"noopener noreferrer\" target=\"_blank\">Band 6<\/a><\/td>\n<\/tr>\n<tr>\n<td class=\"kloss-inhalt\">\n<ul>\n<li>zu Dohna<\/li>\n<li>von der Duba<\/li>\n<li>von Dyhrn<\/li>\n<li>von Eberhard<\/li>\n<li>von Eicke<\/li>\n<li>von Einsiedel<\/li>\n<li>von Eisesdorf<\/li>\n<li>von Emmerich<\/li>\n<li>von Fahrmann<\/li>\n<li>von Falkenhain<\/li>\n<li>von Faust Sturm gen.<\/li>\n<li>von Ferentheil<\/li>\n<li>von Flemming<\/li>\n<li>von Fletscher<\/li>\n<li>von Forst<\/li>\n<li>von Fromberg<\/li>\n<li>von Feuerbach<\/li>\n<li>Frentzel vom K\u00f6nigshayn<\/li>\n<li>Frentzel in und um G\u00f6rlitz<\/li>\n<li>Friesen<\/li>\n<li>von F\u00fcrstenau<\/li>\n<\/ul>\n<\/td>\n<td class=\"kloss-inhalt\">\n<ul>\n<li>von Gabelentz<\/li>\n<li>von Gallas<\/li>\n<li>von Gausig<\/li>\n<li>von Gehler<\/li>\n<li>von Geyersberg<\/li>\n<li>von G\u00f6tze<\/li>\n<li>von Gei\u00dflau<\/li>\n<li>von Grunau (Grunert)<\/li>\n<li>von Gr\u00fcnrodt<\/li>\n<li>von Gustedt<\/li>\n<li>von Haberland<\/li>\n<li>von Hartig<\/li>\n<li>von Haugwitz<\/li>\n<li>von Hessler<\/li>\n<li>von Heldreich<\/li>\n<li>von Hermsdorff<\/li>\n<li>von Hertzberg<\/li>\n<li>von Hock<\/li>\n<li>von Hofmann<\/li>\n<li>von Hohberg<\/li>\n<li>von Hohenthal<\/li>\n<li>von Holtzendorff<\/li>\n<li>Horle (Horll)<\/li>\n<li>von Horn<\/li>\n<li>von Hoym<\/li>\n<li>Hrczan von Harras<\/li>\n<li>von H\u00fclsen<\/li>\n<li>von Hulsenberg<\/li>\n<li>von Hund und Altengrotkau<\/li>\n<\/ul>\n<\/td>\n<td class=\"kloss-inhalt\">\n<ul>\n<li>von Gersdorff<\/li>\n<\/ul>\n<p><b>Der Inhalt wird leider auf der Webseite nicht angezeigt.<\/b><\/p>\n<\/td>\n<\/tr>\n<tr>\n<td  class=\"kloss-titel\"><a href=\"https:\/\/www.bibliotekacyfrowa.pl\/dlibra\/publication\/101698\/edition\/96101\" rel=\"noopener noreferrer\" target=\"_blank\">Band 7<\/a><\/td>\n<td  class=\"kloss-titel\"><a href=\"https:\/\/www.bibliotekacyfrowa.pl\/dlibra\/publication\/101921\/edition\/96105\" rel=\"noopener noreferrer\" target=\"_blank\">Band 8<\/a><\/td>\n<td  class=\"kloss-titel\"><a href=\"https:\/\/www.bibliotekacyfrowa.pl\/dlibra\/publication\/101922\/edition\/96124\" rel=\"noopener noreferrer\" target=\"_blank\">Band 9<\/a><\/td>\n<\/tr>\n<tr>\n<td class=\"kloss-inhalt\">\n<ul>\n<li>von Kiesenwetter<\/li>\n<\/ul>\n<\/td>\n<td class=\"kloss-inhalt\">\n<ul>\n<li>von Kyau<\/li>\n<\/ul>\n<\/td>\n<td class=\"kloss-inhalt\">\n<ul>\n<li>von Ingenhof<\/li>\n<li>von Josnitz<\/li>\n<li>von Kalckreuth<\/li>\n<li>Reichwald von K\u00e4mpffen<\/li>\n<li>von Kayserlingk<\/li>\n<li>von Klette<\/li>\n<li>von Klockher<\/li>\n<li>Klug von Scharfeneck<\/li>\n<li>von Kl\u00fcx<\/li>\n<li>von Knebel<\/li>\n<li>von Knobloch<\/li>\n<li>von Kober<\/li>\n<li>von Kospot<\/li>\n<li>von Kottwitz<\/li>\n<li>von Kuppritz<\/li>\n<li>von Kreysch<\/li>\n<li>von Lanckisch<\/li>\n<li>Langen von Langenau<\/li>\n<li>von Lest<\/li>\n<li>von Leubnitz<\/li>\n<li>von Lidlaw<\/li>\n<li>von List<\/li>\n<li>von L\u00f6ben<\/li>\n<li>von Lossow<\/li>\n<li>von L\u00fctzelburg<\/li>\n<li>von Luttitz<\/li>\n<\/ul>\n<\/td>\n<\/tr>\n<tr>\n<td  class=\"kloss-titel\"><a href=\"https:\/\/www.bibliotekacyfrowa.pl\/dlibra\/publication\/101923\/edition\/96125\" rel=\"noopener noreferrer\" target=\"_blank\">Band 10<\/a><\/td>\n<td  class=\"kloss-titel\"><a href=\"https:\/\/www.bibliotekacyfrowa.pl\/dlibra\/publication\/102757\/edition\/96129\" rel=\"noopener noreferrer\" target=\"_blank\">Band 11<\/a><\/td>\n<td  class=\"kloss-titel\"><a href=\"https:\/\/www.bibliotekacyfrowa.pl\/dlibra\/publication\/102758\/edition\/96130\" rel=\"noopener noreferrer\" target=\"_blank\">Band 12<\/a><\/td>\n<\/tr>\n<tr>\n<td class=\"kloss-inhalt\">\n<ul>\n<p><b>Der Inhalt wird leider auf der Webseite nicht angezeigt, statt dessen wird der vorherige Band angezeigt.<\/b><\/p>\n<\/ul>\n<\/td>\n<td class=\"kloss-inhalt\">\n<ul>\n<li>Oberland<\/li>\n<li>von Obyrn<\/li>\n<li>von Pannwitz<\/li>\n<li>von Pentzig<\/li>\n<li>Peuck<\/li>\n<li>Pfl\u00fcger<\/li>\n<li>von Pf\u00f6rtner<\/li>\n<li>von Planitz<\/li>\n<\/ul>\n<\/td>\n<td class=\"kloss-inhalt\">\n<ul>\n<li>von Ploetz<\/li>\n<li>von Polentz<\/li>\n<li>von Ponickau<\/li>\n<li>von Posadowsky<\/li>\n<li>von Promnitz<\/li>\n<\/ul>\n<\/td>\n<\/tr>\n<tr>\n<td  class=\"kloss-titel\"><a href=\"https:\/\/www.bibliotekacyfrowa.pl\/dlibra\/publication\/102755\/edition\/96131\" rel=\"noopener noreferrer\" target=\"_blank\">Band 13<\/a><\/td>\n<td  class=\"kloss-titel\"><a href=\"https:\/\/www.bibliotekacyfrowa.pl\/dlibra\/publication\/102754\/edition\/96133\" rel=\"noopener noreferrer\" target=\"_blank\">Band 14<\/a><\/td>\n<td  class=\"kloss-titel\"><a href=\"https:\/\/www.bibliotekacyfrowa.pl\/dlibra\/publication\/102753\/edition\/96134\" rel=\"noopener noreferrer\" target=\"_blank\">Band 15<\/a><\/td>\n<\/tr>\n<tr>\n<td class=\"kloss-inhalt\">\n<ul>\n<li>von Rabenau<\/li>\n<li>von Rackel<\/li>\n<li>von Radeburg<\/li>\n<li>von Rau\u00dfendorf<\/li>\n<li>von Rechenberg<\/li>\n<li>von Redern<\/li>\n<\/ul>\n<\/td>\n<td class=\"kloss-inhalt\">\n<ul>\n<li>von Rothenburg<\/li>\n<li>Reuss zu Plauen<\/li>\n<li>Rex<\/li>\n<li>von Riedt<\/li>\n<li>von Rindfleisch<\/li>\n<li>Ritter<\/li>\n<li>von Rodewitz<\/li>\n<li>Rosen<\/li>\n<li>R\u00f6\u00dfler<\/li>\n<li>Rosenberg<\/li>\n<li>Rosenhayn (Rosenhagen)<\/li>\n<li>Ro\u00dfmann<\/li>\n<li>von Roy<\/li>\n<li>von Ryssel<\/li>\n<li>von R\u00fcdiger (Riedinger, Rudinger)<\/li>\n<li>von Runckel<\/li>\n<\/ul>\n<\/td>\n<td class=\"kloss-inhalt\">\n<ul>\n<li>von Saltza<\/li>\n<li>von Sander<\/li>\n<li>von Schachmann<\/li>\n<li>von Scharffenberg<\/li>\n<li>von Schellendorf<\/li>\n<li>von Schindel<\/li>\n<li>von Schittler<\/li>\n<li>Schley<\/li>\n<li>von Schkopp<\/li>\n<li>von Schlieben<\/li>\n<li>Salmour<\/li>\n<\/ul>\n<\/td>\n<\/tr>\n<tr>\n<td  class=\"kloss-titel\"><a href=\"https:\/\/www.bibliotekacyfrowa.pl\/dlibra\/publication\/102752\/edition\/96135\" rel=\"noopener noreferrer\" target=\"_blank\">Band 16<\/a><\/td>\n<td  class=\"kloss-titel\"><a href=\"https:\/\/www.bibliotekacyfrowa.pl\/dlibra\/publication\/101997\/edition\/96126\" rel=\"noopener noreferrer\" target=\"_blank\">Band 17<\/a><\/td>\n<td  class=\"kloss-titel\"><a href=\"https:\/\/www.bibliotekacyfrowa.pl\/dlibra\/publication\/102751\/edition\/96137\" rel=\"noopener noreferrer\" target=\"_blank\">Band 18<\/a><\/td>\n<\/tr>\n<tr>\n<td class=\"kloss-inhalt\">\n<ul>\n<li>Schmied von Schmiedebach<\/li>\n<li>Schmied von Schmiedeburg<\/li>\n<li>Schmiskall \/ Schmoskall<\/li>\n<li>Schneider (al. Schnatter)<\/li>\n<li>von Sch\u00f6nberg<\/li>\n<li>von Schreibersdorff<\/li>\n<li>Schr\u00f6ter<\/li>\n<li>Scholtz von Schollenstein<\/li>\n<li>Sch\u00fctz<\/li>\n<li>Schwalbe<\/li>\n<li>von Schwanitz<\/li>\n<li>von Schweinitz<\/li>\n<li>Scorler<\/li>\n<li>von Seeliger<\/li>\n<li>von Solms<\/li>\n<li>von Sommerfeld<\/li>\n<li>Span (Sparn, Spaan)<\/li>\n<li>Specht<\/li>\n<li>Spiller<\/li>\n<li>von Stammer<\/li>\n<li>von Staupitz<\/li>\n<li>Steinr\u00fcck<\/li>\n<\/ul>\n<\/td>\n<td class=\"kloss-inhalt\">\n<ul>\n<li>von Taupadel<\/li>\n<li>von Temritz<\/li>\n<li>von Tempsky (Demsky)<\/li>\n<li>von Tschirnhaus<\/li>\n<li>von Tuppau (Toppau)<\/li>\n<li>Vitzthum von Eckstedt<\/li>\n<li>von \u00dcchtritz<\/li>\n<li>von Ullersdorf<\/li>\n<li>Utmann<\/li>\n<\/ul>\n<\/td>\n<td class=\"kloss-inhalt\">\n<ul>\n<li>von Waltersdorff<\/li>\n<li>von Warnsdorff<\/li>\n<li>Watzdorf<\/li>\n<li>von Wehlen<\/li>\n<li>von Weigsdorff<\/li>\n<li>von Wiedebach<\/li>\n<li>Wirsicke (Wirsing)<\/li>\n<li>Wobeser<\/li>\n<li>von Zetschwitz<\/li>\n<li>von Zech<\/li>\n<li>von Zetteritz<\/li>\n<li>von Ziegler<\/li>\n<li>von Zinzendorf<\/li>\n<\/ul>\n<\/td>\n<\/tr>\n<\/table>\n","protected":false},"excerpt":{"rendered":"<p>Wer war Ernst Kloss? Ich wei\u00df es nicht. Das Internet gibt keine Informationen preis. Wichtiger ist jedoch, die Universit\u00e4tsbibliothek Breslau hat seine genealogische Sammlung digitalisiert. Da die Sammlung teilweise Angaben<\/p>\n<div><a href=\"https:\/\/dirkpeters.info\/?p=3486\" class=\"exp-read-more exp-read-more-underlined\">Read More<\/a><\/div>\n","protected":false},"author":1,"featured_media":3507,"comment_status":"open","ping_status":"open","sticky":false,"template":"","format":"standard","meta":{"jetpack_post_was_ever_published":false,"_jetpack_newsletter_access":"","_jetpack_dont_email_post_to_subs":false,"_jetpack_newsletter_tier_id":0,"_jetpack_memberships_contains_paywalled_content":false,"_jetpack_memberships_contains_paid_content":false,"footnotes":"","_links_to":"","_links_to_target":""},"categories":[1],"tags":[],"class_list":["post-3486","post","type-post","status-publish","format-standard","has-post-thumbnail","hentry","category-allgemein"],"jetpack_featured_media_url":"https:\/\/i0.wp.com\/dirkpeters.info\/wp-content\/uploads\/2019\/08\/kloss.jpg?fit=1500%2C1303&ssl=1","jetpack_shortlink":"https:\/\/wp.me\/p8HCXc-Ue","jetpack-related-posts":[{"id":1269,"url":"https:\/\/dirkpeters.info\/?p=1269","url_meta":{"origin":3486,"position":0},"title":"Neue Datenbanken bei Ancestry","author":"dirkpeters","date":"8. April 2015","format":false,"excerpt":"Es gibt bei Ancestry.de neue Datenbanken zu j\u00fcdischen Opfern des Dritten Reiches: Reichenberg, Deutschland, Opfer des Holocaust, 1938-1945: Im Oktober 1938 flohen etwa 1.600 j\u00fcdische Einwohner der Stadt Reichenberg (heute Liberec in der Tschechischen Republik) und Umgebung aufgrund des Anschlusses des Sudetenlandes ans Deutsche Reich nach Prag. Diese Sammlung enth\u00e4lt\u2026","rel":"","context":"In &quot;Datenbanken&quot;","block_context":{"text":"Datenbanken","link":"https:\/\/dirkpeters.info\/?cat=86"},"img":{"alt_text":"","src":"","width":0,"height":0},"classes":[]},{"id":1481,"url":"https:\/\/dirkpeters.info\/?p=1481","url_meta":{"origin":3486,"position":1},"title":"Datenbanken","author":"dirkpeters","date":"14. September 2014","format":false,"excerpt":"kostenfreie Datenbanken f\u00fcr den Familienforscher \u00c1rbol Completo - eine TNG-Datenbank zum spanischen Adel BGG - Adressb\u00fccher - Die Adressbuchdatenbank ist ein teiloffenes Projekt der Brandenburgischen Genealogischen Gesellschaft \u201cRoter Adler\u201d e.V. Mitmachen k\u00f6nnen hier nicht nur Vereinsmitglieder, sondern auch alle anderen Interessierten. Jeder Einsender von Daten kann hierbei selbst entscheiden, ob\u2026","rel":"","context":"In &quot;Ahnenforschung&quot;","block_context":{"text":"Ahnenforschung","link":"https:\/\/dirkpeters.info\/?cat=9"},"img":{"alt_text":"","src":"","width":0,"height":0},"classes":[]},{"id":1283,"url":"https:\/\/dirkpeters.info\/?p=1283","url_meta":{"origin":3486,"position":2},"title":"Neues bei Ancestry","author":"dirkpeters","date":"5. Juni 2015","format":false,"excerpt":"Bei ANCESTRY.DE gibt es wieder neue Unterlagen: Speyer, Gesinderegister, 1875-1914 Rum\u00e4nien, Lebensdaten aus ausgew\u00e4hlten Regionen, 1607-1914 Hamburg, Sterberegister, 1876-1932 Prenzlau Geburten, 1874-1901 Sterbef\u00e4lle, 1874-1950 Heiraten, 1874-1923 Pommern, Passagierlisten, 1869-1901 Speyer, Gesinderegister, 1875-1914 Diese Sammlung - Gesinderegister genannt - enth\u00e4lt Register von Angestellten, Arbeitern und Dienstboten aus Speyer und umfasst die\u2026","rel":"","context":"In &quot;Ahnenforschung&quot;","block_context":{"text":"Ahnenforschung","link":"https:\/\/dirkpeters.info\/?cat=9"},"img":{"alt_text":"","src":"","width":0,"height":0},"classes":[]},{"id":1533,"url":"https:\/\/dirkpeters.info\/?p=1533","url_meta":{"origin":3486,"position":3},"title":"Sammlung Jacobi","author":"dirkpeters","date":"11. September 2014","format":false,"excerpt":"Stammtafeln u. Familienwappen nach Handschriften von Christian Friedrich Jacobi. Diese Handschriftensammlung befindet sich in der BSB M\u00fcnchen. Unter der Signatur Cgm 8018 ist das von Oswald Spohr erstellte Register mit nachfolgenden Digitalisaten zu finden. Zu folgenden Familien konnte ich schon Digitalisate finden: v. Angern v. Artzatt v. Bendeleben v. Bomsdorff\u2026","rel":"","context":"In &quot;Adel&quot;","block_context":{"text":"Adel","link":"https:\/\/dirkpeters.info\/?cat=44"},"img":{"alt_text":"Stammtafel Bomsdorff aus der Sammlung Jacobi","src":"https:\/\/i0.wp.com\/test.dirkpeters.net\/wp-content\/uploads\/2017\/05\/bomsdorff-1024x435.jpg?resize=350%2C200","width":350,"height":200,"srcset":"https:\/\/i0.wp.com\/test.dirkpeters.net\/wp-content\/uploads\/2017\/05\/bomsdorff-1024x435.jpg?resize=350%2C200 1x, https:\/\/i0.wp.com\/test.dirkpeters.net\/wp-content\/uploads\/2017\/05\/bomsdorff-1024x435.jpg?resize=525%2C300 1.5x, https:\/\/i0.wp.com\/test.dirkpeters.net\/wp-content\/uploads\/2017\/05\/bomsdorff-1024x435.jpg?resize=700%2C400 2x"},"classes":[]},{"id":3845,"url":"https:\/\/dirkpeters.info\/?p=3845","url_meta":{"origin":3486,"position":4},"title":"Hoerschelmanns Sammlung zuverl\u00e4ssiger Stamm- und Ahnentafeln","author":"dirkpeters","date":"30. Juli 2020","format":false,"excerpt":"Friedrich Ludwig Anton Hoerschelmann: Sammlung zuverl\u00e4ssiger Stamm- und Ahnentafeln verschiedener jetzt florirender adelichen und freyherrl. Familien, Coburg 1774 Aus dem Vorwort: Die abgek\u00fcrzten Stammtafeln der reichsgr\u00e4flichen H\u00e4user, die Herr Krebel zu Leipzig, in dem 2ten Theile des vormaligen Schumannischen, in der Gleditschen Buchhandlung herauskommenden genealogischen Handbuchs[1] geliefert hat, haben vielen\u2026","rel":"","context":"In &quot;Adel&quot;","block_context":{"text":"Adel","link":"https:\/\/dirkpeters.info\/?cat=44"},"img":{"alt_text":"","src":"https:\/\/i0.wp.com\/dirkpeters.info\/wp-content\/uploads\/2020\/07\/sammlung.jpg?fit=600%2C845&ssl=1&resize=350%2C200","width":350,"height":200,"srcset":"https:\/\/i0.wp.com\/dirkpeters.info\/wp-content\/uploads\/2020\/07\/sammlung.jpg?fit=600%2C845&ssl=1&resize=350%2C200 1x, https:\/\/i0.wp.com\/dirkpeters.info\/wp-content\/uploads\/2020\/07\/sammlung.jpg?fit=600%2C845&ssl=1&resize=525%2C300 1.5x"},"classes":[]},{"id":812,"url":"https:\/\/dirkpeters.info\/?p=812","url_meta":{"origin":3486,"position":5},"title":"Geschlechtsregister aus Halle an der Saale","author":"dirkpeters","date":"17. Januar 2011","format":false,"excerpt":"Dreyhaupt, Johann Christoph von: Genealogische Tabellen oder Geschlechtsregister sowohl derer vornehmsten im Saal-Creyse mit Ritter-G\u00fctern angesessenen Adelichen Familien als auch derer vornehmsten alten und neuen, theils abgestorbenen Adelichen, Patricien und B\u00fcrgerlichen Geschlechter zu Halle, Halle, Emanuel Schneider, 1750 Link: http:\/\/digitale.bibliothek.uni-halle.de\/vd18\/id\/1692976Das Buch von Johann Christoph von Dreyhaupt enth\u00e4lt wie der Name\u2026","rel":"","context":"In &quot;B\u00fccher&quot;","block_context":{"text":"B\u00fccher","link":"https:\/\/dirkpeters.info\/?cat=3"},"img":{"alt_text":"","src":"","width":0,"height":0},"classes":[]}],"jetpack_sharing_enabled":true,"jetpack_likes_enabled":true,"_links":{"self":[{"href":"https:\/\/dirkpeters.info\/index.php?rest_route=\/wp\/v2\/posts\/3486","targetHints":{"allow":["GET"]}}],"collection":[{"href":"https:\/\/dirkpeters.info\/index.php?rest_route=\/wp\/v2\/posts"}],"about":[{"href":"https:\/\/dirkpeters.info\/index.php?rest_route=\/wp\/v2\/types\/post"}],"author":[{"embeddable":true,"href":"https:\/\/dirkpeters.info\/index.php?rest_route=\/wp\/v2\/users\/1"}],"replies":[{"embeddable":true,"href":"https:\/\/dirkpeters.info\/index.php?rest_route=%2Fwp%2Fv2%2Fcomments&post=3486"}],"version-history":[{"count":10,"href":"https:\/\/dirkpeters.info\/index.php?rest_route=\/wp\/v2\/posts\/3486\/revisions"}],"predecessor-version":[{"id":3509,"href":"https:\/\/dirkpeters.info\/index.php?rest_route=\/wp\/v2\/posts\/3486\/revisions\/3509"}],"wp:featuredmedia":[{"embeddable":true,"href":"https:\/\/dirkpeters.info\/index.php?rest_route=\/wp\/v2\/media\/3507"}],"wp:attachment":[{"href":"https:\/\/dirkpeters.info\/index.php?rest_route=%2Fwp%2Fv2%2Fmedia&parent=3486"}],"wp:term":[{"taxonomy":"category","embeddable":true,"href":"https:\/\/dirkpeters.info\/index.php?rest_route=%2Fwp%2Fv2%2Fcategories&post=3486"},{"taxonomy":"post_tag","embeddable":true,"href":"https:\/\/dirkpeters.info\/index.php?rest_route=%2Fwp%2Fv2%2Ftags&post=3486"}],"curies":[{"name":"wp","href":"https:\/\/api.w.org\/{rel}","templated":true}]}}