{"id":3123,"date":"2017-05-20T13:02:42","date_gmt":"2017-05-20T11:02:42","guid":{"rendered":"https:\/\/dirkpeters.info\/?p=3123"},"modified":"2019-02-01T13:34:19","modified_gmt":"2019-02-01T12:34:19","slug":"deutsche-sammlungen-bei-ancestry-teil-6","status":"publish","type":"post","link":"https:\/\/dirkpeters.info\/?p=3123","title":{"rendered":"Deutsche Sammlungen bei Ancestry \u2013 Teil 6"},"content":{"rendered":"<p>\u00dcberblick \u00fcber die vorhandenen deutschen Unterlagen bei Ancestry.<\/p>\n<h2>Orts- und Familiengeschichten<\/h2>\n<ul>\n<li><a href=\"?p=1493\">Volksz\u00e4hlungen und W\u00e4hlerlisten<\/a><\/li>\n<li><a href=\"?p=1498\">Geburts-, Heirats- und Sterberegister<\/a><\/li>\n<li><a href=\"?p=1501\">Milit\u00e4rische Aufzeichnungen<\/a><\/li>\n<li><a href=\"?p=3110\">Einwanderung und Auswanderung<\/a><\/li>\n<li><a href=\"?p=3116\">Zeitungen und Zeitschriften<\/a><\/li>\n<li><a href=\"?p=3116\">Fotos<\/a><\/li>\n<li><a href=\"?p=3131\">Landkarten und Ortsverzeichnisse<\/a><\/li>\n<li><a href=\"?p=3140\">Adressb\u00fccher und Verzeichnisse<\/a><\/li>\n<li><a href=\"?p=3141\">Steuerregister, Kriminalregister, Grundbesitzregister und Testamente<\/a><\/li>\n<\/ul>\n<table style=\"width:100%\">\n<tr>\n<td colspan=3 class=\"registerabschnitt\" id=\"orts\">Orts- und Familiengeschichten<\/td>\n<\/tr>\n<tr>\n<td class=\"registernr\">Nr.<\/td>\n<td class=\"registertitel\">Titel<\/td>\n<td class=\"registeraufz\">Aufzeichnungen<\/td>\n<\/tr>\n<tr>\n<td>1<\/td>\n<td><a href=\"https:\/\/search.ancestry.de\/search\/db.aspx?dbid=31427\" target=\"_blank\">Abri\u00df der Geschichte der Mennoniten. Band 1<\/a><\/td>\n<td>82<\/td>\n<\/tr>\n<tr>\n<td>2<\/td>\n<td><a href=\"https:\/\/search.ancestry.de\/search\/db.aspx?dbid=31428\" target=\"_blank\">Abri\u00df der Geschichte der Mennoniten. Band 2<\/a><\/td>\n<td>94<\/td>\n<\/tr>\n<tr>\n<td>3<\/td>\n<td><a href=\"https:\/\/search.ancestry.de\/search\/db.aspx?dbid=31429\" target=\"_blank\">Abri\u00df der Geschichte der Mennoniten. Band 3<\/a><\/td>\n<td>108<\/td>\n<\/tr>\n<tr>\n<td>4<\/td>\n<td><a href=\"https:\/\/search.ancestry.de\/search\/db.aspx?dbid=31430\" target=\"_blank\">Abri\u00df der Geschichte der Mennoniten. Band 4<\/a><\/td>\n<td>108<\/td>\n<\/tr>\n<tr>\n<td>5<\/td>\n<td><a href=\"https:\/\/search.ancestry.de\/search\/db.aspx?dbid=29578\" target=\"_blank\">Abriss der Geschichte des Geschlechts von Heimburg<\/a><\/td>\n<td>75<\/td>\n<\/tr>\n<tr>\n<td>6<\/td>\n<td><a href=\"https:\/\/search.ancestry.de\/search\/db.aspx?dbid=31782\" target=\"_blank\">Abriss der Urkundlichen Geschichte des reichsritterlichen Geschlechts Eberstein vom Eberstein auf der Rh\u00f6n<\/a><\/td>\n<td>86<\/td>\n<\/tr>\n<tr>\n<td>7<\/td>\n<td><a href=\"https:\/\/search.ancestry.de\/search\/db.aspx?dbid=32327\" target=\"_blank\">Actenm\u00e4ssige Geschichte der Waldenser Siedelung M\u00f6rfelden-Gundhof<\/a><\/td>\n<td>11<\/td>\n<\/tr>\n<tr>\n<td>8<\/td>\n<td><a href=\"https:\/\/search.ancestry.de\/search\/db.aspx?dbid=32259\" target=\"_blank\">Adels-Almanach, 1882<\/a><\/td>\n<td>134<\/td>\n<\/tr>\n<tr>\n<td>9<\/td>\n<td><a href=\"https:\/\/search.ancestry.de\/search\/db.aspx?dbid=31624\" target=\"_blank\">Afraner Album: Verzeichnis s\u00e4mmtlicher Sch\u00fcler der K\u00f6niglichen Landesschule zu Meissen<\/a><\/td>\n<td>329<\/td>\n<\/tr>\n<tr>\n<td>10<\/td>\n<td><a href=\"https:\/\/search.ancestry.de\/search\/db.aspx?dbid=60786\" target=\"_blank\">Ahlem, Deutschland, j\u00fcdische \u00dcberlebende, 1945 (auf Englisch)<\/a><\/td>\n<td>243<\/td>\n<\/tr>\n<tr>\n<td>11<\/td>\n<td><a href=\"https:\/\/search.ancestry.de\/search\/db.aspx?dbid=60785\" target=\"_blank\">Ahlem, Deutschland, Todesf\u00e4lle von Gefangenen, 1944-1945 (auf Englisch)<\/a><\/td>\n<td>257<\/td>\n<\/tr>\n<tr>\n<td>12<\/td>\n<td><a href=\"https:\/\/search.ancestry.de\/search\/db.aspx?dbid=31767\" target=\"_blank\">Ahnentafeln der letzten regierenden Markgrafen von Baden-Baden und Baden-Durlach.<\/a><\/td>\n<td>190<\/td>\n<\/tr>\n<tr>\n<td>13<\/td>\n<td><a href=\"https:\/\/search.ancestry.de\/search\/db.aspx?dbid=32331\" target=\"_blank\">Aktenm\u00e4ssige Geschichte der Siedelung Neu-Kelsterbach<\/a><\/td>\n<td>10<\/td>\n<\/tr>\n<tr>\n<td>14<\/td>\n<td><a href=\"https:\/\/search.ancestry.de\/search\/db.aspx?dbid=60788\" target=\"_blank\">Algerien, Gefangenenaustausch von Bergen-Belsen ins UNRRA-Lager, 1945 (auf Englisch)<\/a><\/td>\n<td>200<\/td>\n<\/tr>\n<tr>\n<td>15<\/td>\n<td><a href=\"https:\/\/search.ancestry.de\/search\/db.aspx?dbid=34418\" target=\"_blank\">Allgemeines historisches Lexicon (auf Englisch)<\/a><\/td>\n<td>1450<\/td>\n<\/tr>\n<tr>\n<td>16<\/td>\n<td><a href=\"https:\/\/search.ancestry.de\/search\/db.aspx?dbid=34054\" target=\"_blank\">Almanac de Saxe, pour l&#8217;ann\u00e9e 1802 (auf Franz\u00f6sisch)<\/a><\/td>\n<td>118<\/td>\n<\/tr>\n<tr>\n<td>17<\/td>\n<td><a href=\"https:\/\/search.ancestry.de\/search\/db.aspx?dbid=30781\" target=\"_blank\">Alt-Wiener Kalendar f\u00fcr das Jahr 1918<\/a><\/td>\n<td>208<\/td>\n<\/tr>\n<tr>\n<td>18<\/td>\n<td><a href=\"https:\/\/search.ancestry.de\/search\/db.aspx?dbid=32027\" target=\"_blank\">Amtsblatt der K\u00f6niglichen Regierung zu K\u00f6ln<\/a><\/td>\n<td>362<\/td>\n<\/tr>\n<tr>\n<td>19<\/td>\n<td><a href=\"https:\/\/search.ancestry.de\/search\/db.aspx?dbid=32236\" target=\"_blank\">Annalen des historischen Vereins f\u00fcr den Niederrhein<\/a><\/td>\n<td>40<\/td>\n<\/tr>\n<tr>\n<td>20<\/td>\n<td><a href=\"https:\/\/search.ancestry.de\/search\/db.aspx?dbid=31993\" target=\"_blank\">Annals of the house of Hanover. Vol. 1 (auf Englisch)<\/a><\/td>\n<td>237<\/td>\n<\/tr>\n<tr>\n<td>21<\/td>\n<td><a href=\"https:\/\/search.ancestry.de\/search\/db.aspx?dbid=31992\" target=\"_blank\">Annals of the house of Hanover. Vol. 2 (auf Englisch)<\/a><\/td>\n<td>298<\/td>\n<\/tr>\n<tr>\n<td>22<\/td>\n<td><a href=\"https:\/\/search.ancestry.de\/search\/db.aspx?dbid=32183\" target=\"_blank\">Ansiedlungen und Wanderungen Deutscher St\u00e4mme : zumeist nach hessischen Ortsnamen<\/a><\/td>\n<td>358<\/td>\n<\/tr>\n<tr>\n<td>23<\/td>\n<td><a href=\"https:\/\/search.ancestry.de\/search\/db.aspx?dbid=31757\" target=\"_blank\">Archiv Benkendorp : Viertelj\u00e4hrliche Nachrichten von und f\u00fcr die Familie Benckendorff<\/a><\/td>\n<td>290<\/td>\n<\/tr>\n<tr>\n<td>24<\/td>\n<td><a href=\"https:\/\/search.ancestry.de\/search\/db.aspx?dbid=31746\" target=\"_blank\">Archiv der &#8218;Brandenburgia&#8216; Gesellschaft f\u00fcr Heimatkunde der Provinz Brandenburg zu Berlin<\/a><\/td>\n<td>79<\/td>\n<\/tr>\n<tr>\n<td>25<\/td>\n<td><a href=\"https:\/\/search.ancestry.de\/search\/db.aspx?dbid=31658\" target=\"_blank\">Aufzeichnungen \u00fcber die erloschenen Linien der Familien Dohna<\/a><\/td>\n<td>424<\/td>\n<\/tr>\n<tr>\n<td>26<\/td>\n<td><a href=\"https:\/\/search.ancestry.de\/search\/db.aspx?dbid=31942\" target=\"_blank\">Aus dem Archiv der Familie von Carlowitz<\/a><\/td>\n<td>151<\/td>\n<\/tr>\n<tr>\n<td>27<\/td>\n<td><a href=\"https:\/\/search.ancestry.de\/search\/db.aspx?dbid=31753\" target=\"_blank\">Aus dem Jahrhundert des gro\u00dfen Krieges<\/a><\/td>\n<td>244<\/td>\n<\/tr>\n<tr>\n<td>28<\/td>\n<td><a href=\"https:\/\/search.ancestry.de\/search\/db.aspx?dbid=31722\" target=\"_blank\">Aus der Vergangenheit des Welfischen Hauses : sechs Vortr\u00e4ge<\/a><\/td>\n<td>130<\/td>\n<\/tr>\n<tr>\n<td>29<\/td>\n<td><a href=\"https:\/\/search.ancestry.de\/search\/db.aspx?dbid=33553\" target=\"_blank\">Aus Hamburgs Vergangenheit: Kulturhistorische Bilder aus verschiedenen Jahrhunderten (auf Englisch)<\/a><\/td>\n<td>448<\/td>\n<\/tr>\n<tr>\n<td>30<\/td>\n<td><a href=\"https:\/\/search.ancestry.de\/search\/db.aspx?dbid=31766\" target=\"_blank\">Aus Vergangenheit und Gegenwart der Juden und der j\u00fcd. Germeinden in den Posener Landen : nach gedruckten und ungedruckten Quellen. Band 1<\/a><\/td>\n<td>286<\/td>\n<\/tr>\n<tr>\n<td>31<\/td>\n<td><a href=\"https:\/\/search.ancestry.de\/search\/db.aspx?dbid=31764\" target=\"_blank\">Aus Vergangenheit und Gegenwart der Juden und der j\u00fcd. Germeinden in den Posener Landen : nach gedruckten und ungedruckten Quellen. Band 2<\/a><\/td>\n<td>243<\/td>\n<\/tr>\n<tr>\n<td>32<\/td>\n<td><a href=\"https:\/\/search.ancestry.de\/search\/db.aspx?dbid=30251\" target=\"_blank\">Auswanderung und Koloniegr\u00fcndungen der Pf\u00e4lzer im 18. Jahrhundert<\/a><\/td>\n<td>286<\/td>\n<\/tr>\n<tr>\n<td>33<\/td>\n<td><a href=\"https:\/\/search.ancestry.de\/search\/db.aspx?dbid=31676\" target=\"_blank\">Auszug aus den von den Mitgliedern des Vereins der deutschen Standesherren ..<\/a><\/td>\n<td>247<\/td>\n<\/tr>\n<tr>\n<td>34<\/td>\n<td><a href=\"https:\/\/search.ancestry.de\/search\/db.aspx?dbid=31443\" target=\"_blank\">Ausz\u00fcge aus den \u00e4ltesten Kirchenb\u00fcchern der Marienkirche zu Stendal<\/a><\/td>\n<td>77<\/td>\n<\/tr>\n<tr>\n<td>35<\/td>\n<td><a href=\"https:\/\/search.ancestry.de\/search\/db.aspx?dbid=32089\" target=\"_blank\">Ausz\u00fcge aus den Kirchenb\u00fcchern des St. Petersburger Konsistorialbezirks<\/a><\/td>\n<td>84<\/td>\n<\/tr>\n<tr>\n<td>36<\/td>\n<td><a href=\"https:\/\/search.ancestry.de\/search\/db.aspx?dbid=30459\" target=\"_blank\">Badischer Gesch\u00e4fts-Kalender f\u00fcr 1925<\/a><\/td>\n<td>521<\/td>\n<\/tr>\n<tr>\n<td>37<\/td>\n<td><a href=\"https:\/\/search.ancestry.de\/search\/db.aspx?dbid=31741\" target=\"_blank\">Baltische Studien. Alte Folge : Gesellschaft f\u00fcr Pommersche Geschichte und Altertumskunde Bd. 1-46 Index<\/a><\/td>\n<td>254<\/td>\n<\/tr>\n<tr>\n<td>38<\/td>\n<td><a href=\"https:\/\/search.ancestry.de\/search\/db.aspx?dbid=31877\" target=\"_blank\">Baltische Studien. Alte Folge : Gesellschaft f\u00fcr Pommersche Geschichte und Altertumskunde Bd.46<\/a><\/td>\n<td>131<\/td>\n<\/tr>\n<tr>\n<td>39<\/td>\n<td><a href=\"https:\/\/search.ancestry.de\/search\/db.aspx?dbid=31607\" target=\"_blank\">Bayerischer L\u00f6w, das ist: Historisches und heraldisches Verzeichni\u00df der bayerischen Turnierer und Helden welche die vom K\u00f6nige Heinrich dem Vogler, bis auf den Kaiser Maximi- lian den Ersten im Heil. R\u00f6m. Reiche gehaltene \u00f6ffentlichen Ritter- spiele der<\/a><\/td>\n<td>365<\/td>\n<\/tr>\n<tr>\n<td>40<\/td>\n<td><a href=\"https:\/\/search.ancestry.de\/search\/db.aspx?dbid=32021\" target=\"_blank\">Beitr\u00e4ge zu einer Familien-Geschichte der Freiherren von Wangenheim : beider St\u00e4mme, Wangenheim und Winterstein, auf den Grund der vorangegangenen beiden Urkunden-Sammlungen<\/a><\/td>\n<td>585<\/td>\n<\/tr>\n<tr>\n<td>41<\/td>\n<td><a href=\"https:\/\/search.ancestry.de\/search\/db.aspx?dbid=31967\" target=\"_blank\">Beitr\u00e4ge zu einer Stammtafel der Familie Nolte<\/a><\/td>\n<td>31<\/td>\n<\/tr>\n<tr>\n<td>42<\/td>\n<td><a href=\"https:\/\/search.ancestry.de\/search\/db.aspx?dbid=31812\" target=\"_blank\">Beitr\u00e4ge zur Familiengeschichte des Geschlechtes Callisen<\/a><\/td>\n<td>179<\/td>\n<\/tr>\n<tr>\n<td>43<\/td>\n<td><a href=\"https:\/\/search.ancestry.de\/search\/db.aspx?dbid=34341\" target=\"_blank\">Beitrage Zur Genealogie der familien v. Hammerstein, v. Oldershausen, v. Gustedt, v. Flemming<\/a><\/td>\n<td>48<\/td>\n<\/tr>\n<tr>\n<td>44<\/td>\n<td><a href=\"https:\/\/search.ancestry.de\/search\/db.aspx?dbid=32277\" target=\"_blank\">Beitr\u00e4ge zur Genealogie der Familien von Hammerstein, von Oldershausen, von Gustedt, von Flemming<\/a><\/td>\n<td>47<\/td>\n<\/tr>\n<tr>\n<td>45<\/td>\n<td><a href=\"https:\/\/search.ancestry.de\/search\/db.aspx?dbid=31797\" target=\"_blank\">Beitr\u00e4ge zur Genealogie und Geschichte der steirischen Liechtensteine<\/a><\/td>\n<td>41<\/td>\n<\/tr>\n<tr>\n<td>46<\/td>\n<td><a href=\"https:\/\/search.ancestry.de\/search\/db.aspx?dbid=31871\" target=\"_blank\">Beitr\u00e4ge zur Geschichte der Familie Bachoven von Echt<\/a><\/td>\n<td>43<\/td>\n<\/tr>\n<tr>\n<td>47<\/td>\n<td><a href=\"https:\/\/search.ancestry.de\/search\/db.aspx?dbid=32093\" target=\"_blank\">Beitr\u00e4ge zur Geschichte der Familie Hennings (1500-1905) und der Familie Witt (1650-1905)<\/a><\/td>\n<td>279<\/td>\n<\/tr>\n<tr>\n<td>48<\/td>\n<td><a href=\"https:\/\/search.ancestry.de\/search\/db.aspx?dbid=31583\" target=\"_blank\">Beitr\u00e4ge zur Geschichte der Familie Meister<\/a><\/td>\n<td>41<\/td>\n<\/tr>\n<tr>\n<td>49<\/td>\n<td><a href=\"https:\/\/search.ancestry.de\/search\/db.aspx?dbid=31829\" target=\"_blank\">Beitr\u00e4ge zur Geschichte der Familie Schoepplenberg<\/a><\/td>\n<td>232<\/td>\n<\/tr>\n<tr>\n<td>50<\/td>\n<td><a href=\"https:\/\/search.ancestry.de\/search\/db.aspx?dbid=29551\" target=\"_blank\">Beitr\u00e4ge zur Geschichte der Familie Thamerus<\/a><\/td>\n<td>60<\/td>\n<\/tr>\n<tr>\n<td>51<\/td>\n<td><a href=\"https:\/\/search.ancestry.de\/search\/db.aspx?dbid=32055\" target=\"_blank\">Beitr\u00e4ge zur Geschichte der Familie von Seydewitz : den Zeitraum von 1299 bis 1875 umfassend<\/a><\/td>\n<td>36<\/td>\n<\/tr>\n<tr>\n<td>52<\/td>\n<td><a href=\"https:\/\/search.ancestry.de\/search\/db.aspx?dbid=31582\" target=\"_blank\">Beitr\u00e4ge zur Geschichte der Grafen und Herren von Schack Band 2<\/a><\/td>\n<td>119<\/td>\n<\/tr>\n<tr>\n<td>53<\/td>\n<td><a href=\"https:\/\/search.ancestry.de\/search\/db.aspx?dbid=31481\" target=\"_blank\">Beitr\u00e4ge zur Geschichte der Grafen und Herren von Schack. Band 1<\/a><\/td>\n<td>121<\/td>\n<\/tr>\n<tr>\n<td>54<\/td>\n<td><a href=\"https:\/\/search.ancestry.de\/search\/db.aspx?dbid=31480\" target=\"_blank\">Beitr\u00e4ge zur Geschichte der Grafen und Herren von Schack. Band 2<\/a><\/td>\n<td>123<\/td>\n<\/tr>\n<tr>\n<td>55<\/td>\n<td><a href=\"https:\/\/search.ancestry.de\/search\/db.aspx?dbid=31750\" target=\"_blank\">Beitr\u00e4ge zur Geschichte der Stadt Weilburg<\/a><\/td>\n<td>53<\/td>\n<\/tr>\n<tr>\n<td>56<\/td>\n<td><a href=\"https:\/\/search.ancestry.de\/search\/db.aspx?dbid=32108\" target=\"_blank\">Beitr\u00e4ge zur Geschichte des Braunschweig-L\u00fcneburgischen Hauses und Hofes<\/a><\/td>\n<td>84<\/td>\n<\/tr>\n<tr>\n<td>57<\/td>\n<td><a href=\"https:\/\/search.ancestry.de\/search\/db.aspx?dbid=32298\" target=\"_blank\">Beitr\u00e4ge zur Geschichte des Geschlechtes von Olvenstedt : und des Geschlechts von Wodenswegen<\/a><\/td>\n<td>56<\/td>\n<\/tr>\n<tr>\n<td>58<\/td>\n<td><a href=\"https:\/\/search.ancestry.de\/search\/db.aspx?dbid=31776\" target=\"_blank\">Beitr\u00e4ge zur Geschichte des uradeligen Geschlechts von Stojentin, Pommerschen Ursprungs<\/a><\/td>\n<td>199<\/td>\n<\/tr>\n<tr>\n<td>59<\/td>\n<td><a href=\"https:\/\/search.ancestry.de\/search\/db.aspx?dbid=31923\" target=\"_blank\">Beitr\u00e4ge zur Geschichte des von Arnim&#8217;schen Geschlecht&#8217;s : Beilage<\/a><\/td>\n<td>8<\/td>\n<\/tr>\n<tr>\n<td>60<\/td>\n<td><a href=\"https:\/\/search.ancestry.de\/search\/db.aspx?dbid=31700\" target=\"_blank\">Beitr\u00e4ge zur Geschichte des von Arnim&#8217;schen Geschlecht&#8217;s : I. Teil<\/a><\/td>\n<td>186<\/td>\n<\/tr>\n<tr>\n<td>61<\/td>\n<td><a href=\"https:\/\/search.ancestry.de\/search\/db.aspx?dbid=31460\" target=\"_blank\">Beitr\u00e4ge zur Geschichte und Genealogie der Familie Weissker<\/a><\/td>\n<td>309<\/td>\n<\/tr>\n<tr>\n<td>62<\/td>\n<td><a href=\"https:\/\/search.ancestry.de\/search\/db.aspx?dbid=31899\" target=\"_blank\">Beitr\u00e4ge zur H\u00e4user-Chronik der Stadt Langensalza, Heft 1-3<\/a><\/td>\n<td>174<\/td>\n<\/tr>\n<tr>\n<td>63<\/td>\n<td><a href=\"https:\/\/search.ancestry.de\/search\/db.aspx?dbid=60772\" target=\"_blank\">Bergen, Deutschland, verlorener Zug auf der Strecke von Bergen-Belsen nach Tr\u00f6bitz, 1945<\/a><\/td>\n<td>704<\/td>\n<\/tr>\n<tr>\n<td>64<\/td>\n<td><a href=\"https:\/\/search.ancestry.de\/search\/db.aspx?dbid=60774\" target=\"_blank\">Berlin, Deutschland, j\u00fcdische Zwangsarbeit, 1941-1943 (auf Englisch)<\/a><\/td>\n<td>533<\/td>\n<\/tr>\n<tr>\n<td>65<\/td>\n<td><a href=\"https:\/\/search.ancestry.de\/search\/db.aspx?dbid=60781\" target=\"_blank\">Berlin, Deutschland, Juden, die in Berlin starben, 1943-1945 (auf Englisch)<\/a><\/td>\n<td>480<\/td>\n<\/tr>\n<tr>\n<td>66<\/td>\n<td><a href=\"https:\/\/search.ancestry.de\/search\/db.aspx?dbid=33552\" target=\"_blank\">Ber\u00fchmte M\u00e4nner Berlins und ihre Wohnst\u00e4tten: Vom 16. Jahrhundert bis zur Zeit Friedrichs des Gro\u00dfen (auf Englisch)<\/a><\/td>\n<td>207<\/td>\n<\/tr>\n<tr>\n<td>67<\/td>\n<td><a href=\"https:\/\/search.ancestry.de\/search\/db.aspx?dbid=60768\" target=\"_blank\">Beuthen, Deutschland, j\u00fcdische Deportierte, 1942 (auf Englisch)<\/a><\/td>\n<td>949<\/td>\n<\/tr>\n<tr>\n<td>68<\/td>\n<td><a href=\"https:\/\/search.ancestry.de\/search\/db.aspx?dbid=33543\" target=\"_blank\">Bibliographisches Lexicon der gesammten j\u00fcdischen Literatur der Gegenwart und Adress-Anzeiger<\/a><\/td>\n<td>726<\/td>\n<\/tr>\n<tr>\n<td>69<\/td>\n<td><a href=\"https:\/\/search.ancestry.de\/search\/db.aspx?dbid=32118\" target=\"_blank\">Bilder aus der Geschichte der Hamburgischen Kirche seit der Reformation<\/a><\/td>\n<td>231<\/td>\n<\/tr>\n<tr>\n<td>70<\/td>\n<td><a href=\"https:\/\/search.ancestry.de\/search\/db.aspx?dbid=31786\" target=\"_blank\">Biographie Assmanns von Abschatz nebst einem Exkurs \u00fcber seine Familie<\/a><\/td>\n<td>27<\/td>\n<\/tr>\n<tr>\n<td>71<\/td>\n<td><a href=\"https:\/\/search.ancestry.de\/search\/db.aspx?dbid=32203\" target=\"_blank\">Biographisch-genealogische Bl\u00e4tter aus und \u00fcber Schwaben<\/a><\/td>\n<td>638<\/td>\n<\/tr>\n<tr>\n<td>72<\/td>\n<td><a href=\"https:\/\/search.ancestry.de\/search\/db.aspx?dbid=31662\" target=\"_blank\">Bismarck memorial : the passing of Germany&#8217;s great chancellor (auf Englisch)<\/a><\/td>\n<td>37<\/td>\n<\/tr>\n<tr>\n<td>73<\/td>\n<td><a href=\"https:\/\/search.ancestry.de\/search\/db.aspx?dbid=32206\" target=\"_blank\">B\u00f6ckle Familien-Chronik<\/a><\/td>\n<td>8<\/td>\n<\/tr>\n<tr>\n<td>74<\/td>\n<td><a href=\"https:\/\/search.ancestry.de\/search\/db.aspx?dbid=31910\" target=\"_blank\">Bosshard family of Oberleimbach-Kilchberg, Z\u00fcrich, Switzerland (auf Englisch)<\/a><\/td>\n<td>22<\/td>\n<\/tr>\n<tr>\n<td>75<\/td>\n<td><a href=\"https:\/\/search.ancestry.de\/search\/db.aspx?dbid=60787\" target=\"_blank\">Braunschweig, Deutschland, Zwangsarbeiter, die in Braunschweig starben, 1939-1945 (auf Englisch)<\/a><\/td>\n<td>218<\/td>\n<\/tr>\n<tr>\n<td>76<\/td>\n<td><a href=\"https:\/\/search.ancestry.de\/search\/db.aspx?dbid=31498\" target=\"_blank\">Brevis deductio juris : quod serenissimae domui Palatino-Neoburgicae, contra serenissimam domum Electoralem Brandenburgicam in ditionibus Juliacensibus, Clivensibus&#8230; (auf Italienisch)<\/a><\/td>\n<td>140<\/td>\n<\/tr>\n<tr>\n<td>77<\/td>\n<td><a href=\"https:\/\/search.ancestry.de\/search\/db.aspx?dbid=30255\" target=\"_blank\">&#8218;Burg, Stadt und Dorf&#8216; Zuzenhausen im Elsenzgau<\/a><\/td>\n<td>254<\/td>\n<\/tr>\n<tr>\n<td>78<\/td>\n<td><a href=\"https:\/\/search.ancestry.de\/search\/db.aspx?dbid=31835\" target=\"_blank\">B\u00fcrgerbuch der Stadt St. Gallen : abgeschl\u00f6ssen auf 31. Dezember 1900<\/a><\/td>\n<td>306<\/td>\n<\/tr>\n<tr>\n<td>79<\/td>\n<td><a href=\"https:\/\/search.ancestry.de\/search\/db.aspx?dbid=31854\" target=\"_blank\">Carl Ertzhertzog zu Osterreich [sic] : Hertzog zu Burgundi, Steyr, K\u00e4rnten, Crdin und Wirtenberg, Graue zu Tyroll und G\u00f6rtz<\/a><\/td>\n<td>34<\/td>\n<\/tr>\n<tr>\n<td>80<\/td>\n<td><a href=\"https:\/\/search.ancestry.de\/search\/db.aspx?dbid=32029\" target=\"_blank\">Castell : Bilder aus der Vergangenheit eines deutschen Dynastengeschlechtes<\/a><\/td>\n<td>299<\/td>\n<\/tr>\n<tr>\n<td>81<\/td>\n<td><a href=\"https:\/\/search.ancestry.de\/search\/db.aspx?dbid=25074\" target=\"_blank\">Christian Thomasius, Leben und Lebenswerk<\/a><\/td>\n<td>580<\/td>\n<\/tr>\n<tr>\n<td>82<\/td>\n<td><a href=\"https:\/\/search.ancestry.de\/search\/db.aspx?dbid=31466\" target=\"_blank\">Chronicon der Stadt und Vestung Wolffenb\u00fcttel<\/a><\/td>\n<td>437<\/td>\n<\/tr>\n<tr>\n<td>83<\/td>\n<td><a href=\"https:\/\/search.ancestry.de\/search\/db.aspx?dbid=31620\" target=\"_blank\">Chronik der alten Bergstadt Lauenstein, nebst einer Geschichte der Burg und ihrer Besitzer<\/a><\/td>\n<td>72<\/td>\n<\/tr>\n<tr>\n<td>84<\/td>\n<td><a href=\"https:\/\/search.ancestry.de\/search\/db.aspx?dbid=29576\" target=\"_blank\">Chronik der aus Lauban stammenden Familie Schulze (Schultze)<\/a><\/td>\n<td>174<\/td>\n<\/tr>\n<tr>\n<td>85<\/td>\n<td><a href=\"https:\/\/search.ancestry.de\/search\/db.aspx?dbid=32078\" target=\"_blank\">Chronik der aus Lauban stammenden Familie Schulze (Schultze) : nebst einigen Nachrichten \u00fcber die mit derselben verwandten und verschw\u00e4gerten Familien<\/a><\/td>\n<td>89<\/td>\n<\/tr>\n<tr>\n<td>86<\/td>\n<td><a href=\"https:\/\/search.ancestry.de\/search\/db.aspx?dbid=32090\" target=\"_blank\">Chronik der familie Baumann aus dem D\u00fcrrenmoos : die Erlenbnisse der familie von 1393 bis 1912<\/a><\/td>\n<td>165<\/td>\n<\/tr>\n<tr>\n<td>87<\/td>\n<td><a href=\"https:\/\/search.ancestry.de\/search\/db.aspx?dbid=31861\" target=\"_blank\">Chronik der Familie Denck<\/a><\/td>\n<td>56<\/td>\n<\/tr>\n<tr>\n<td>88<\/td>\n<td><a href=\"https:\/\/search.ancestry.de\/search\/db.aspx?dbid=31997\" target=\"_blank\">Chronik der Familie Krauss : II. Teil. Dr. med. Georg Friedrich Krau\u00df, sein Leben und Wirken ; mit einem Anhang: Anna Margareta Krau\u00df, geb. Ruffersh\u00f6fer<\/a><\/td>\n<td>83<\/td>\n<\/tr>\n<tr>\n<td>89<\/td>\n<td><a href=\"https:\/\/search.ancestry.de\/search\/db.aspx?dbid=32005\" target=\"_blank\">Chronik der Familie L\u00f6bbecke<\/a><\/td>\n<td>279<\/td>\n<\/tr>\n<tr>\n<td>90<\/td>\n<td><a href=\"https:\/\/search.ancestry.de\/search\/db.aspx?dbid=31715\" target=\"_blank\">Chronik der Familie Petersen<\/a><\/td>\n<td>164<\/td>\n<\/tr>\n<tr>\n<td>91<\/td>\n<td><a href=\"https:\/\/search.ancestry.de\/search\/db.aspx?dbid=32011\" target=\"_blank\">Chronik der Familie von Planta, nebst verschiedenen Mittheilungen aus der Vergangenheit Rh\u00e4tiens<\/a><\/td>\n<td>211<\/td>\n<\/tr>\n<tr>\n<td>92<\/td>\n<td><a href=\"https:\/\/search.ancestry.de\/search\/db.aspx?dbid=32113\" target=\"_blank\">Chronik der Familie Wachler : vom Ende des 16. Jahrhunderts bis zur Gegenwart&#8230;<\/a><\/td>\n<td>163<\/td>\n<\/tr>\n<tr>\n<td>93<\/td>\n<td><a href=\"https:\/\/search.ancestry.de\/search\/db.aspx?dbid=32043\" target=\"_blank\">Chronik der Familie Wigand<\/a><\/td>\n<td>72<\/td>\n<\/tr>\n<tr>\n<td>94<\/td>\n<td><a href=\"https:\/\/search.ancestry.de\/search\/db.aspx?dbid=32329\" target=\"_blank\">Chronik der franz\u00f6sischen Kolonie Schwabendorf : Zur Feier ihres 250j\u00e4hrigen Bestehens<\/a><\/td>\n<td>27<\/td>\n<\/tr>\n<tr>\n<td>95<\/td>\n<td><a href=\"https:\/\/search.ancestry.de\/search\/db.aspx?dbid=31990\" target=\"_blank\">Chronik der Freiherrlichen Familie von Roggenbach<\/a><\/td>\n<td>75<\/td>\n<\/tr>\n<tr>\n<td>96<\/td>\n<td><a href=\"https:\/\/search.ancestry.de\/search\/db.aspx?dbid=32015\" target=\"_blank\">Chronik der Gemeinde St\u00e4fa<\/a><\/td>\n<td>153<\/td>\n<\/tr>\n<tr>\n<td>97<\/td>\n<td><a href=\"https:\/\/search.ancestry.de\/search\/db.aspx?dbid=31841\" target=\"_blank\">Chronik der Grafen des Heil. R\u00f6m. Reichs von und zu Arco genannt Bogen<\/a><\/td>\n<td>254<\/td>\n<\/tr>\n<tr>\n<td>98<\/td>\n<td><a href=\"https:\/\/search.ancestry.de\/search\/db.aspx?dbid=32105\" target=\"_blank\">Chronik der in Ostpreu\u00dfen belegenen Sr. Hoheit dem regierenden Herzoge von Anhalt geh\u00f6rigen Norkitten&#8217;schen G\u00fcter : nach actenm\u00e4\u00dfigen und anderen authentischen Quellen<\/a><\/td>\n<td>47<\/td>\n<\/tr>\n<tr>\n<td>99<\/td>\n<td><a href=\"https:\/\/search.ancestry.de\/search\/db.aspx?dbid=31866\" target=\"_blank\">Chronik der Kirchengemeinde Pronstorf<\/a><\/td>\n<td>58<\/td>\n<\/tr>\n<tr>\n<td>100<\/td>\n<td><a href=\"https:\/\/search.ancestry.de\/search\/db.aspx?dbid=31614\" target=\"_blank\">Chronik der Stadt Hildburghausen<\/a><\/td>\n<td>381<\/td>\n<\/tr>\n<tr>\n<td>101<\/td>\n<td><a href=\"https:\/\/search.ancestry.de\/search\/db.aspx?dbid=31972\" target=\"_blank\">Chronik der Stadt und Landschaft Schaffhausen Index<\/a><\/td>\n<td>113<\/td>\n<\/tr>\n<tr>\n<td>102<\/td>\n<td><a href=\"https:\/\/search.ancestry.de\/search\/db.aspx?dbid=31979\" target=\"_blank\">Chronik der Stadt und Landschaft Schaffhausen, Vol 1<\/a><\/td>\n<td>286<\/td>\n<\/tr>\n<tr>\n<td>103<\/td>\n<td><a href=\"https:\/\/search.ancestry.de\/search\/db.aspx?dbid=31721\" target=\"_blank\">Chronik des evangel. Kirchspiels Str\u00fcmpfelbrunn<\/a><\/td>\n<td>85<\/td>\n<\/tr>\n<tr>\n<td>104<\/td>\n<td><a href=\"https:\/\/search.ancestry.de\/search\/db.aspx?dbid=31438\" target=\"_blank\">Chronik und Stammbaum der Familie Ernst Hemesoth gt. K\u00f6per<\/a><\/td>\n<td>43<\/td>\n<\/tr>\n<tr>\n<td>105<\/td>\n<td><a href=\"https:\/\/search.ancestry.de\/search\/db.aspx?dbid=29546\" target=\"_blank\">Chronik und Stammbaum der Familie Ernst Hemesoth gt. K\u00f6per, Volksschullehrer in Langendreer<\/a><\/td>\n<td>49<\/td>\n<\/tr>\n<tr>\n<td>106<\/td>\n<td><a href=\"https:\/\/search.ancestry.de\/search\/db.aspx?dbid=32158\" target=\"_blank\">Chronik von Bendeleben<\/a><\/td>\n<td>102<\/td>\n<\/tr>\n<tr>\n<td>107<\/td>\n<td><a href=\"https:\/\/search.ancestry.de\/search\/db.aspx?dbid=32023\" target=\"_blank\">Chronik von Glauchau : eine historische Beschreibung der Stadt : verbunden mit einem Jahrbuche \u00fcber die wichtigsten Ereigni\u00dfe und einer Geschichte des Hauses Sch\u00f6nburg<\/a><\/td>\n<td>361<\/td>\n<\/tr>\n<tr>\n<td>108<\/td>\n<td><a href=\"https:\/\/search.ancestry.de\/search\/db.aspx?dbid=31725\" target=\"_blank\">Chronik von Wachau<\/a><\/td>\n<td>74<\/td>\n<\/tr>\n<tr>\n<td>109<\/td>\n<td><a href=\"https:\/\/search.ancestry.de\/search\/db.aspx?dbid=31697\" target=\"_blank\">Codex diplomaticus Alvenslebianus : Urkunden-Sammlung zur Geschichte des Geschlechts von Alvensleben und seiner Besitzungen Band 1<\/a><\/td>\n<td>365<\/td>\n<\/tr>\n<tr>\n<td>110<\/td>\n<td><a href=\"https:\/\/search.ancestry.de\/search\/db.aspx?dbid=31696\" target=\"_blank\">Codex diplomaticus Alvenslebianus : Urkunden-Sammlung zur Geschichte des Geschlechts von Alvensleben und seiner Besitzungen Band 2<\/a><\/td>\n<td>330<\/td>\n<\/tr>\n<tr>\n<td>111<\/td>\n<td><a href=\"https:\/\/search.ancestry.de\/search\/db.aspx?dbid=31695\" target=\"_blank\">Codex diplomaticus Alvenslebianus : Urkunden-Sammlung zur Geschichte des Geschlechts von Alvensleben und seiner Besitzungen Band 3<\/a><\/td>\n<td>313<\/td>\n<\/tr>\n<tr>\n<td>112<\/td>\n<td><a href=\"https:\/\/search.ancestry.de\/search\/db.aspx?dbid=31656\" target=\"_blank\">Codex diplomaticus Alvenslebianus : Urkunden-Sammlung zur Geschichte des Geschlechts von Alvensleben und seiner Besitzungen Band 4<\/a><\/td>\n<td>407<\/td>\n<\/tr>\n<tr>\n<td>113<\/td>\n<td><a href=\"https:\/\/search.ancestry.de\/search\/db.aspx?dbid=31727\" target=\"_blank\">Codex Plawensis oder Urkundenbuch der Stadt Plau<\/a><\/td>\n<td>72<\/td>\n<\/tr>\n<tr>\n<td>114<\/td>\n<td><a href=\"https:\/\/search.ancestry.de\/search\/db.aspx?dbid=60823\" target=\"_blank\">Kompilierte Liste von Juden in Konzentrationslagern, 1945 (auf Englisch)<\/a><\/td>\n<td>987<\/td>\n<\/tr>\n<tr>\n<td>115<\/td>\n<td><a href=\"https:\/\/search.ancestry.de\/search\/db.aspx?dbid=31762\" target=\"_blank\">A complete history of Germany : comprehending the lives and reigns of all the emperors from its origin to this time (auf Englisch)<\/a><\/td>\n<td>308<\/td>\n<\/tr>\n<tr>\n<td>116<\/td>\n<td><a href=\"https:\/\/search.ancestry.de\/search\/db.aspx?dbid=31479\" target=\"_blank\">Copia Schreibens an einen Ministrum eines F\u00fcrstlichen Hoffs, sub dato Stra\u00dfburg den 26. Januarij 1722 : des Chur- und F\u00fcrstl. Hausses der Pfaltz succession \u00fcberhaupt; insonderheit aber die k\u00fcnfftige Erb-Folge im F\u00fcrstenthum Zweybr\u00fccken betreffend<\/a><\/td>\n<td>58<\/td>\n<\/tr>\n<tr>\n<td>117<\/td>\n<td><a href=\"https:\/\/search.ancestry.de\/search\/db.aspx?dbid=60773\" target=\"_blank\">Dachau, Deutschland, j\u00fcdische Todesf\u00e4lle nach der Befreiung, 1945<\/a><\/td>\n<td>555<\/td>\n<\/tr>\n<tr>\n<td>118<\/td>\n<td><a href=\"https:\/\/search.ancestry.de\/search\/db.aspx?dbid=32313\" target=\"_blank\">Daniel Toussain, Sieur de Beaumont, nach seiner Bedeutung f\u00fcr die Gemeinden des pf\u00e4lzischen Refuge<\/a><\/td>\n<td>13<\/td>\n<\/tr>\n<tr>\n<td>119<\/td>\n<td><a href=\"https:\/\/search.ancestry.de\/search\/db.aspx?dbid=31707\" target=\"_blank\">Darmst\u00e4dter Namenb\u00fcchlein<\/a><\/td>\n<td>83<\/td>\n<\/tr>\n<tr>\n<td>120<\/td>\n<td><a href=\"https:\/\/search.ancestry.de\/search\/db.aspx?dbid=32262\" target=\"_blank\">Das Album der Familie Groeger : ein Familien Gedenkblatt<\/a><\/td>\n<td>33<\/td>\n<\/tr>\n<tr>\n<td>121<\/td>\n<td><a href=\"https:\/\/search.ancestry.de\/search\/db.aspx?dbid=31980\" target=\"_blank\">Das \u00e4lteste Stader Stadtbuch von 1286 : Heft 1-2<\/a><\/td>\n<td>158<\/td>\n<\/tr>\n<tr>\n<td>122<\/td>\n<td><a href=\"https:\/\/search.ancestry.de\/search\/db.aspx?dbid=20542\" target=\"_blank\">Das Bibliographische Institut : Festschrift zu seiner Jahrhundertfeier<\/a><\/td>\n<td>368<\/td>\n<\/tr>\n<tr>\n<td>123<\/td>\n<td><a href=\"https:\/\/search.ancestry.de\/search\/db.aspx?dbid=32357\" target=\"_blank\">Das B\u00fcrgerrecht der Hugenotten zu Frankfurt a. d. Oder<\/a><\/td>\n<td>34<\/td>\n<\/tr>\n<tr>\n<td>124<\/td>\n<td><a href=\"https:\/\/search.ancestry.de\/search\/db.aspx?dbid=31962\" target=\"_blank\">Das Casseler Burgerbuch (1520 bis 1699) : nach dem Originale des Casseler Stadtarchivs herausgegeben und mit Anmerkungen versehen<\/a><\/td>\n<td>171<\/td>\n<\/tr>\n<tr>\n<td>125<\/td>\n<td><a href=\"https:\/\/search.ancestry.de\/search\/db.aspx?dbid=33548\" target=\"_blank\">Das Deutsche Reich: Seine Geschichte von der Gr\u00fcndung bis zur Gegenwart, Band I (auf Englisch)<\/a><\/td>\n<td>513<\/td>\n<\/tr>\n<tr>\n<td>126<\/td>\n<td><a href=\"https:\/\/search.ancestry.de\/search\/db.aspx?dbid=33549\" target=\"_blank\">Das Deutsche Reich: Seine Geschichte von der Gr\u00fcndung bis zur Gegenwart, Band II (auf Englisch)<\/a><\/td>\n<td>410<\/td>\n<\/tr>\n<tr>\n<td>127<\/td>\n<td><a href=\"https:\/\/search.ancestry.de\/search\/db.aspx?dbid=33551\" target=\"_blank\">Das Eiserne Buch der Stadt Mengen: Krieger-Ehrenbuch und Ortschronik der Kriegsjahre 1914-1918 mit einem Anhang (auf Englisch)<\/a><\/td>\n<td>327<\/td>\n<\/tr>\n<tr>\n<td>128<\/td>\n<td><a href=\"https:\/\/search.ancestry.de\/search\/db.aspx?dbid=32317\" target=\"_blank\">Das Franz\u00f6sische Koloniegericht und der Koloniekommissar zu Hameln<\/a><\/td>\n<td>14<\/td>\n<\/tr>\n<tr>\n<td>129<\/td>\n<td><a href=\"https:\/\/search.ancestry.de\/search\/db.aspx?dbid=32164\" target=\"_blank\">Das Frommannsche Haus und seine Freunde<\/a><\/td>\n<td>103<\/td>\n<\/tr>\n<tr>\n<td>130<\/td>\n<td><a href=\"https:\/\/search.ancestry.de\/search\/db.aspx?dbid=31587\" target=\"_blank\">Das gepriesene Andencken der Pommerschen Hertzoge<\/a><\/td>\n<td>84<\/td>\n<\/tr>\n<tr>\n<td>131<\/td>\n<td><a href=\"https:\/\/search.ancestry.de\/search\/db.aspx?dbid=31497\" target=\"_blank\">Das Geschlecht von der Schulenburg Band 1<\/a><\/td>\n<td>136<\/td>\n<\/tr>\n<tr>\n<td>132<\/td>\n<td><a href=\"https:\/\/search.ancestry.de\/search\/db.aspx?dbid=31496\" target=\"_blank\">Das Geschlecht von der Schulenburg Band 2<\/a><\/td>\n<td>491<\/td>\n<\/tr>\n<tr>\n<td>133<\/td>\n<td><a href=\"https:\/\/search.ancestry.de\/search\/db.aspx?dbid=31453\" target=\"_blank\">Das Geschlecht von der Schulenburg. Band 3<\/a><\/td>\n<td>72<\/td>\n<\/tr>\n<tr>\n<td>134<\/td>\n<td><a href=\"https:\/\/search.ancestry.de\/search\/db.aspx?dbid=31780\" target=\"_blank\">Das Haus Braunschweig-Grubenhagen : ein genealogisch-biographischer Versuch<\/a><\/td>\n<td>43<\/td>\n<\/tr>\n<tr>\n<td>135<\/td>\n<td><a href=\"https:\/\/search.ancestry.de\/search\/db.aspx?dbid=31774\" target=\"_blank\">Das Haus der Grafen von T\u00f6rringen : und die Standesherrschaft Gutenzell<\/a><\/td>\n<td>53<\/td>\n<\/tr>\n<tr>\n<td>136<\/td>\n<td><a href=\"https:\/\/search.ancestry.de\/search\/db.aspx?dbid=31590\" target=\"_blank\">Das Haus Rantzau : eine Familien-Chronik<\/a><\/td>\n<td>166<\/td>\n<\/tr>\n<tr>\n<td>137<\/td>\n<td><a href=\"https:\/\/search.ancestry.de\/search\/db.aspx?dbid=31731\" target=\"_blank\">Das herzogliche Haus W\u00fcrttemberg zu Carlsruhe in Schlesien<\/a><\/td>\n<td>118<\/td>\n<\/tr>\n<tr>\n<td>138<\/td>\n<td><a href=\"https:\/\/search.ancestry.de\/search\/db.aspx?dbid=29754\" target=\"_blank\">Das j\u00fcdische Amerika : Wahrnehmungen und Betrachtungen<\/a><\/td>\n<td>168<\/td>\n<\/tr>\n<tr>\n<td>139<\/td>\n<td><a href=\"https:\/\/search.ancestry.de\/search\/db.aspx?dbid=32053\" target=\"_blank\">Das j\u00fclichsche Geschlecht von Werth<\/a><\/td>\n<td>18<\/td>\n<\/tr>\n<tr>\n<td>140<\/td>\n<td><a href=\"https:\/\/search.ancestry.de\/search\/db.aspx?dbid=31448\" target=\"_blank\">Das Kirchenbuch der franz\u00f6sischen reformierten Gemeinde zu Heidelberg 1569-1577 und Frankenthal in der Pfalz 1577-1596<\/a><\/td>\n<td>77<\/td>\n<\/tr>\n<tr>\n<td>141<\/td>\n<td><a href=\"https:\/\/search.ancestry.de\/search\/db.aspx?dbid=31694\" target=\"_blank\">Das Kreuzkantorat zu Dresden<\/a><\/td>\n<td>35<\/td>\n<\/tr>\n<tr>\n<td>142<\/td>\n<td><a href=\"https:\/\/search.ancestry.de\/search\/db.aspx?dbid=31690\" target=\"_blank\">Das Lagerbuch des Amtes Winsen von 1681<\/a><\/td>\n<td>73<\/td>\n<\/tr>\n<tr>\n<td>143<\/td>\n<td><a href=\"https:\/\/search.ancestry.de\/search\/db.aspx?dbid=31446\" target=\"_blank\">Das Landeswappen der Steiermark<\/a><\/td>\n<td>255<\/td>\n<\/tr>\n<tr>\n<td>144<\/td>\n<td><a href=\"https:\/\/search.ancestry.de\/search\/db.aspx?dbid=31457\" target=\"_blank\">Das Ministerialengeschlecht von Wildonie<\/a><\/td>\n<td>155<\/td>\n<\/tr>\n<tr>\n<td>145<\/td>\n<td><a href=\"https:\/\/search.ancestry.de\/search\/db.aspx?dbid=31691\" target=\"_blank\">Das Ritter-Wesen und die Templer, Johanniter und Marianer oder Deutsch-Ordens-Ritter insbesondere<\/a><\/td>\n<td>225<\/td>\n<\/tr>\n<tr>\n<td>146<\/td>\n<td><a href=\"https:\/\/search.ancestry.de\/search\/db.aspx?dbid=32131\" target=\"_blank\">Das Stammbuch des Andreas Chemnitius, 1597-1626<\/a><\/td>\n<td>73<\/td>\n<\/tr>\n<tr>\n<td>147<\/td>\n<td><a href=\"https:\/\/search.ancestry.de\/search\/db.aspx?dbid=31820\" target=\"_blank\">Das Totenbuch des Pr\u00e4monstratenserinnen-Klosters Zuckau bei Danzig<\/a><\/td>\n<td>81<\/td>\n<\/tr>\n<tr>\n<td>148<\/td>\n<td><a href=\"https:\/\/search.ancestry.de\/search\/db.aspx?dbid=31814\" target=\"_blank\">Das Urbarbuch des Klosters zu Sonnenburg<\/a><\/td>\n<td>42<\/td>\n<\/tr>\n<tr>\n<td>149<\/td>\n<td><a href=\"https:\/\/search.ancestry.de\/search\/db.aspx?dbid=32154\" target=\"_blank\">Das Wachstum der Bev\u00f6lkerung und die Entwickelung der Aus- und Einwanderungen, Ab- und Zuz\u00fcge in Preu\u00dfen und Preu\u00dfens einzelen Provinzen, Bezirken und Kreisgruppen von 1824 bis 1885<\/a><\/td>\n<td>119<\/td>\n<\/tr>\n<tr>\n<td>150<\/td>\n<td><a href=\"https:\/\/search.ancestry.de\/search\/db.aspx?dbid=32216\" target=\"_blank\">Dat Slechtbok : Geschlechtsregister der Hamburgischen Familie Moller (vom Hirsch), verfasst im Jahre 1541 von Joachim Moller<\/a><\/td>\n<td>75<\/td>\n<\/tr>\n<tr>\n<td>151<\/td>\n<td><a href=\"https:\/\/search.ancestry.de\/search\/db.aspx?dbid=27859\" target=\"_blank\">Denkschrift f\u00fcr die evangel. Kirchgemeinde Ludwigsdorf bei dem Jubelfeste ihres Gotteshauses am 10 Sonntage post Trinitatis den 31 Juli 1842<\/a><\/td>\n<td>60<\/td>\n<\/tr>\n<tr>\n<td>152<\/td>\n<td><a href=\"https:\/\/search.ancestry.de\/search\/db.aspx?dbid=30405\" target=\"_blank\">Denkschrift \u00fcber die Wiener October-Revolution<\/a><\/td>\n<td>908<\/td>\n<\/tr>\n<tr>\n<td>153<\/td>\n<td><a href=\"https:\/\/search.ancestry.de\/search\/db.aspx?dbid=32012\" target=\"_blank\">Denkschrift zur hundertj\u00e4hrigen Jubelfeier der Stiftung des Schulthessischen Familienfonds<\/a><\/td>\n<td>32<\/td>\n<\/tr>\n<tr>\n<td>154<\/td>\n<td><a href=\"https:\/\/search.ancestry.de\/search\/db.aspx?dbid=32335\" target=\"_blank\">Der Adel des K\u00f6nigreichs W\u00fcrttemberg<\/a><\/td>\n<td>249<\/td>\n<\/tr>\n<tr>\n<td>155<\/td>\n<td><a href=\"https:\/\/search.ancestry.de\/search\/db.aspx?dbid=31810\" target=\"_blank\">Der Adel in den Matriken der Stadt Graz<\/a><\/td>\n<td>336<\/td>\n<\/tr>\n<tr>\n<td>156<\/td>\n<td><a href=\"https:\/\/search.ancestry.de\/search\/db.aspx?dbid=31440\" target=\"_blank\">Der Adel von B\u00f6hmen, M\u00e4hren und Schlesien : genealogischheraldisches Repertorium s\u00e4mtlicher Standeserhebungen, Pr\u00e4dicate, Bef\u00f6rderungen, Incolats-Erteilungen, Wappen und Wappenverbesserungen des gesamten Adels der B\u00f6hmischen Krone mit Quellen und Wappen-N<\/a><\/td>\n<td>164<\/td>\n<\/tr>\n<tr>\n<td>157<\/td>\n<td><a href=\"https:\/\/search.ancestry.de\/search\/db.aspx?dbid=31679\" target=\"_blank\">Der Ambergau<\/a><\/td>\n<td>305<\/td>\n<\/tr>\n<tr>\n<td>158<\/td>\n<td><a href=\"https:\/\/search.ancestry.de\/search\/db.aspx?dbid=34414\" target=\"_blank\">Der Deutsche Herold, Zeitschrift f\u00fcr Wappen-, Siegel- und Familienkunde (auf Englisch)<\/a><\/td>\n<td>3787<\/td>\n<\/tr>\n<tr>\n<td>159<\/td>\n<td><a href=\"https:\/\/search.ancestry.de\/search\/db.aspx?dbid=32192\" target=\"_blank\">Der Deutsch-Franz\u00f6sische Krieg : seine Ursachen, Geschichte und Wirkungen, eine Vertheidigung der Deutschen Sache &#8230;<\/a><\/td>\n<td>180<\/td>\n<\/tr>\n<tr>\n<td>160<\/td>\n<td><a href=\"https:\/\/search.ancestry.de\/search\/db.aspx?dbid=31989\" target=\"_blank\">Der Familie von Sch\u00f6ning : Nachtr\u00e4ge zu der von Kurd Wolfgang von Sch\u00f6ning, General-Major und Historiograph der Armee, 1839 herausgegebenen Geschichte<\/a><\/td>\n<td>58<\/td>\n<\/tr>\n<tr>\n<td>161<\/td>\n<td><a href=\"https:\/\/search.ancestry.de\/search\/db.aspx?dbid=32312\" target=\"_blank\">Der Grosse Kurf\u00fcrst und die Hugenotten<\/a><\/td>\n<td>16<\/td>\n<\/tr>\n<tr>\n<td>162<\/td>\n<td><a href=\"https:\/\/search.ancestry.de\/search\/db.aspx?dbid=31756\" target=\"_blank\">Der Herrenstand im Mittelalter : eine sozialpolitische und rechtsgeschichtliche Untersuchung<\/a><\/td>\n<td>245<\/td>\n<\/tr>\n<tr>\n<td>163<\/td>\n<td><a href=\"https:\/\/search.ancestry.de\/search\/db.aspx?dbid=32362\" target=\"_blank\">Der Hugenottische Lehrstand, Wehrstand und N\u00e4hrstand zu Frankfurt a. d. Oder<\/a><\/td>\n<td>32<\/td>\n<\/tr>\n<tr>\n<td>164<\/td>\n<td><a href=\"https:\/\/search.ancestry.de\/search\/db.aspx?dbid=30298\" target=\"_blank\">Der Industrieort Velten und seine Umgegend, 1894<\/a><\/td>\n<td>1981<\/td>\n<\/tr>\n<tr>\n<td>165<\/td>\n<td><a href=\"https:\/\/search.ancestry.de\/search\/db.aspx?dbid=31794\" target=\"_blank\">Der Rote Adler : Brandenburgischer Kalender f\u00fcr 1904<\/a><\/td>\n<td>17<\/td>\n<\/tr>\n<tr>\n<td>166<\/td>\n<td><a href=\"https:\/\/search.ancestry.de\/search\/db.aspx?dbid=34348\" target=\"_blank\">Der Stammbaum der Familie Lenz in Livland, nach einem neuen System. Dazu als Pendant ein Goethe Stammbaum.<\/a><\/td>\n<td>53<\/td>\n<\/tr>\n<tr>\n<td>167<\/td>\n<td><a href=\"https:\/\/search.ancestry.de\/search\/db.aspx?dbid=32237\" target=\"_blank\">Der Stiftungsaltar des Grafen Rochus zu Lynar<\/a><\/td>\n<td>8<\/td>\n<\/tr>\n<tr>\n<td>168<\/td>\n<td><a href=\"https:\/\/search.ancestry.de\/search\/db.aspx?dbid=31901\" target=\"_blank\">Des Paulus Jovius Chronik der Grafen von Orlam\u00fcnde<\/a><\/td>\n<td>43<\/td>\n<\/tr>\n<tr>\n<td>169<\/td>\n<td><a href=\"https:\/\/search.ancestry.de\/search\/db.aspx?dbid=29758\" target=\"_blank\">Deutsch-Amerikanische Skizzen : f\u00fcr j\u00fcdische Auswanderer und Nichtauswanderer<\/a><\/td>\n<td>109<\/td>\n<\/tr>\n<tr>\n<td>170<\/td>\n<td><a href=\"https:\/\/search.ancestry.de\/search\/db.aspx?dbid=31442\" target=\"_blank\">Deutsche Adelsproben aus dem Deutschen Ordens-Central-Archive. Teil I<\/a><\/td>\n<td>346<\/td>\n<\/tr>\n<tr>\n<td>171<\/td>\n<td><a href=\"https:\/\/search.ancestry.de\/search\/db.aspx?dbid=31441\" target=\"_blank\">Deutsche Adelsproben aus dem Deutschen Ordens-Central-Archive. Teil II<\/a><\/td>\n<td>337<\/td>\n<\/tr>\n<tr>\n<td>172<\/td>\n<td><a href=\"https:\/\/search.ancestry.de\/search\/db.aspx?dbid=32196\" target=\"_blank\">Deutsche Geschichte Bd.2,3,4,5 T.2,6,7<\/a><\/td>\n<td>1641<\/td>\n<\/tr>\n<tr>\n<td>173<\/td>\n<td><a href=\"https:\/\/search.ancestry.de\/search\/db.aspx?dbid=32193\" target=\"_blank\">Deutsche Geschichte Bd.8,9 T.1<\/a><\/td>\n<td>656<\/td>\n<\/tr>\n<tr>\n<td>174<\/td>\n<td><a href=\"https:\/\/search.ancestry.de\/search\/db.aspx?dbid=31634\" target=\"_blank\">Deutsche Grafenh\u00e4user der Gegenwart in heraldischer, historischer, und genealogischer Beziehung, Band 1-2<\/a><\/td>\n<td>657<\/td>\n<\/tr>\n<tr>\n<td>175<\/td>\n<td><a href=\"https:\/\/search.ancestry.de\/search\/db.aspx?dbid=31633\" target=\"_blank\">Deutsche Grafenh\u00e4user der Gegenwart in heraldischer, historischer, und genealogischer Beziehung. Band 3<\/a><\/td>\n<td>265<\/td>\n<\/tr>\n<tr>\n<td>176<\/td>\n<td><a href=\"https:\/\/search.ancestry.de\/search\/db.aspx?dbid=33547\" target=\"_blank\">Deutschland als Weltmacht: Vierzig Jahre Deutsches Reich (auf Englisch)<\/a><\/td>\n<td>1013<\/td>\n<\/tr>\n<tr>\n<td>177<\/td>\n<td><a href=\"https:\/\/search.ancestry.de\/search\/db.aspx?dbid=33919\" target=\"_blank\">W\u00f6rterbuch der K\u00f6nigsh\u00e4user von Europa und anderen L\u00e4ndern von der fr\u00fchesten Zeit bis zur Gegenwart, B. 1 (auf Englisch)<\/a><\/td>\n<td>171<\/td>\n<\/tr>\n<tr>\n<td>178<\/td>\n<td><a href=\"https:\/\/search.ancestry.de\/search\/db.aspx?dbid=32288\" target=\"_blank\">Die 800 j\u00e4hrige Wettiner-Jubelfeier, Juni 1889, Festschrift<\/a><\/td>\n<td>51<\/td>\n<\/tr>\n<tr>\n<td>179<\/td>\n<td><a href=\"https:\/\/search.ancestry.de\/search\/db.aspx?dbid=32290\" target=\"_blank\">Die Abstammung der Grafen von Northeim und Kaltenburg von den Grafen von Stade : nebst biographischen Nachrichten \u00fcber die \u00e4lteren Glieder dieser H\u00e4user<\/a><\/td>\n<td>38<\/td>\n<\/tr>\n<tr>\n<td>180<\/td>\n<td><a href=\"https:\/\/search.ancestry.de\/search\/db.aspx?dbid=32318\" target=\"_blank\">Die Adligen und b\u00fcrgerlichen Hugenottenfamilien von L\u00fcneburg<\/a><\/td>\n<td>23<\/td>\n<\/tr>\n<tr>\n<td>181<\/td>\n<td><a href=\"https:\/\/search.ancestry.de\/search\/db.aspx?dbid=31974\" target=\"_blank\">Die Aichinger, Chronik eines bayrischen B\u00fcrgerhauses (1240-1909) auf Grund der von Christ. Aichinger ges. Urkunden bearbeitet : Mit Stammbaum und anderen Beilagen von Christian Aichinger Band 1<\/a><\/td>\n<td>95<\/td>\n<\/tr>\n<tr>\n<td>182<\/td>\n<td><a href=\"https:\/\/search.ancestry.de\/search\/db.aspx?dbid=22263\" target=\"_blank\">Die \u00e4lteren Pirckheimer : Geschichte eines N\u00fcrnberger Patriziergeschlechtes im Zeitalter des Fr\u00fchhumanismus (bis 1501)<\/a><\/td>\n<td>257<\/td>\n<\/tr>\n<tr>\n<td>183<\/td>\n<td><a href=\"https:\/\/search.ancestry.de\/search\/db.aspx?dbid=31988\" target=\"_blank\">Die \u00e4ltesten gro\u00dfpolnischen Grodb\u00fccher Bd.1<\/a><\/td>\n<td>225<\/td>\n<\/tr>\n<tr>\n<td>184<\/td>\n<td><a href=\"https:\/\/search.ancestry.de\/search\/db.aspx?dbid=31984\" target=\"_blank\">Die \u00e4ltesten gro\u00dfpolnischen Grodb\u00fccher Bd.2<\/a><\/td>\n<td>219<\/td>\n<\/tr>\n<tr>\n<td>185<\/td>\n<td><a href=\"https:\/\/search.ancestry.de\/search\/db.aspx?dbid=30437\" target=\"_blank\">Die \u00c4ltesten Todtenb\u00fccher des Benedictinerstiftes St. Lambrecht in Obersteier<\/a><\/td>\n<td>344<\/td>\n<\/tr>\n<tr>\n<td>186<\/td>\n<td><a href=\"https:\/\/search.ancestry.de\/search\/db.aspx?dbid=31615\" target=\"_blank\">Die \u00e4ltesten Urkunden des Bissthumes Freising, nach Kozroh&#8217;s Hand- schrift bis zum J. 835<\/a><\/td>\n<td>29<\/td>\n<\/tr>\n<tr>\n<td>187<\/td>\n<td><a href=\"https:\/\/search.ancestry.de\/search\/db.aspx?dbid=32227\" target=\"_blank\">Die Bernstorffs 2. Band, Johann Hartwig Ernst Bernstorff im Conseil Friedrichs V.<\/a><\/td>\n<td>184<\/td>\n<\/tr>\n<tr>\n<td>188<\/td>\n<td><a href=\"https:\/\/search.ancestry.de\/search\/db.aspx?dbid=31081\" target=\"_blank\">Die B\u00fcrgerb\u00fccher von C\u00f6lln an der Spree, 1508-1611 und 1689-1709 und Die chronikalischen Nachrichten des \u00e4ltesten C\u00f6llner B\u00fcrgerbuches, 1542-1610<\/a><\/td>\n<td>280<\/td>\n<\/tr>\n<tr>\n<td>189<\/td>\n<td><a href=\"https:\/\/search.ancestry.de\/search\/db.aspx?dbid=31805\" target=\"_blank\">Die Chroniken der nieders\u00e4chsischen St\u00e4dte. Braunschweig. auf Veranlassung Seiner Majest\u00e4t des K\u00f6nigs von Bayern herausgegeben durch die historische Commission bei der K\u00f6niglichen Akademie der &#8230;<\/a><\/td>\n<td>373<\/td>\n<\/tr>\n<tr>\n<td>190<\/td>\n<td><a href=\"https:\/\/search.ancestry.de\/search\/db.aspx?dbid=31968\" target=\"_blank\">Die Descendenz des &#8230; Frederik Ferdinand von Krogh und andere Familien-Nachrichten<\/a><\/td>\n<td>39<\/td>\n<\/tr>\n<tr>\n<td>191<\/td>\n<td><a href=\"https:\/\/search.ancestry.de\/search\/db.aspx?dbid=31631\" target=\"_blank\">Die Diaspora der Br\u00fcdergemeine in Deutschland<\/a><\/td>\n<td>123<\/td>\n<\/tr>\n<tr>\n<td>192<\/td>\n<td><a href=\"https:\/\/search.ancestry.de\/search\/db.aspx?dbid=31449\" target=\"_blank\">Die Dortmunder Rathslinie seit dem Jahre 1500<\/a><\/td>\n<td>111<\/td>\n<\/tr>\n<tr>\n<td>193<\/td>\n<td><a href=\"https:\/\/search.ancestry.de\/search\/db.aspx?dbid=32269\" target=\"_blank\">Die Dynasten, Freiherren und jetzigen Grafen von Bocholtz, nebst Genealogie derjenigen Familien, aus denen sie ihre Frauen genommen. Band 1-2<\/a><\/td>\n<td>344<\/td>\n<\/tr>\n<tr>\n<td>194<\/td>\n<td><a href=\"https:\/\/search.ancestry.de\/search\/db.aspx?dbid=32272\" target=\"_blank\">Die Dynasten, Freiherren und jetzigen Grafen von Bocholtz, nebst Genealogie derjenigen Familien, aus denen sie ihre Frauen genommen. Band 3-4<\/a><\/td>\n<td>281<\/td>\n<\/tr>\n<tr>\n<td>195<\/td>\n<td><a href=\"https:\/\/search.ancestry.de\/search\/db.aspx?dbid=31688\" target=\"_blank\">Die Edelgeschlechter auf Niederaichbach<\/a><\/td>\n<td>119<\/td>\n<\/tr>\n<tr>\n<td>196<\/td>\n<td><a href=\"https:\/\/search.ancestry.de\/search\/db.aspx?dbid=32148\" target=\"_blank\">Die Edelherren, Burggrafen und Freiherren von Drachenfels<\/a><\/td>\n<td>39<\/td>\n<\/tr>\n<tr>\n<td>197<\/td>\n<td><a href=\"https:\/\/search.ancestry.de\/search\/db.aspx?dbid=32085\" target=\"_blank\">Die Edeln von Landenberg Geschichte eines Adelsgeschlechtes der Ostschweiz. Band 1<\/a><\/td>\n<td>196<\/td>\n<\/tr>\n<tr>\n<td>198<\/td>\n<td><a href=\"https:\/\/search.ancestry.de\/search\/db.aspx?dbid=32084\" target=\"_blank\">Die Edeln von Landenberg Geschichte eines Adelsgeschlechtes der Ostschweiz. Band 2<\/a><\/td>\n<td>15<\/td>\n<\/tr>\n<tr>\n<td>199<\/td>\n<td><a href=\"https:\/\/search.ancestry.de\/search\/db.aspx?dbid=32297\" target=\"_blank\">Die \u00c9glise r\u00e9form\u00e9e in Leipzig<\/a><\/td>\n<td>12<\/td>\n<\/tr>\n<tr>\n<td>200<\/td>\n<td><a href=\"https:\/\/search.ancestry.de\/search\/db.aspx?dbid=32062\" target=\"_blank\">Die Einwohnerschaft der Stadt Durlach im 18. Jahrhundert \u2026<\/a><\/td>\n<td>378<\/td>\n<\/tr>\n<tr>\n<td>201<\/td>\n<td><a href=\"https:\/\/search.ancestry.de\/search\/db.aspx?dbid=31889\" target=\"_blank\">Die Erbeb\u00fccher der Stadt Riga, 1384-1579<\/a><\/td>\n<td>301<\/td>\n<\/tr>\n<tr>\n<td>202<\/td>\n<td><a href=\"https:\/\/search.ancestry.de\/search\/db.aspx?dbid=31632\" target=\"_blank\">Die Evangelischen Geistlichen des Deutschen Reichs und zu deren Gunsten errichtete Stiftungen<\/a><\/td>\n<td>332<\/td>\n<\/tr>\n<tr>\n<td>203<\/td>\n<td><a href=\"https:\/\/search.ancestry.de\/search\/db.aspx?dbid=31884\" target=\"_blank\">Die evangelisch-lutherische Gemeinde in und um Breslau<\/a><\/td>\n<td>85<\/td>\n<\/tr>\n<tr>\n<td>204<\/td>\n<td><a href=\"https:\/\/search.ancestry.de\/search\/db.aspx?dbid=31703\" target=\"_blank\">Die Evangelisch-Lutherischen Gemeinden in Ru\u00dfland : Eine historisch-statistische Darstellung<\/a><\/td>\n<td>471<\/td>\n<\/tr>\n<tr>\n<td>205<\/td>\n<td><a href=\"https:\/\/search.ancestry.de\/search\/db.aspx?dbid=31837\" target=\"_blank\">Die Familie Baer<\/a><\/td>\n<td>18<\/td>\n<\/tr>\n<tr>\n<td>206<\/td>\n<td><a href=\"https:\/\/search.ancestry.de\/search\/db.aspx?dbid=32040\" target=\"_blank\">Die Familie Braunschweig in Russland : im achtzehnten Jahrhundert<\/a><\/td>\n<td>81<\/td>\n<\/tr>\n<tr>\n<td>207<\/td>\n<td><a href=\"https:\/\/search.ancestry.de\/search\/db.aspx?dbid=32247\" target=\"_blank\">Die Familie des Heinrich Wilhelm Schmidt<\/a><\/td>\n<td>37<\/td>\n<\/tr>\n<tr>\n<td>208<\/td>\n<td><a href=\"https:\/\/search.ancestry.de\/search\/db.aspx?dbid=31669\" target=\"_blank\">Die Familie Grebel : Bl\u00e4tter aus ihrer Geschichte, gesammelt zur Erinnerung an die am 27. Oktober 1386 erfolgte Einb\u00fcrgerung zu Z\u00fcrich<\/a><\/td>\n<td>80<\/td>\n<\/tr>\n<tr>\n<td>209<\/td>\n<td><a href=\"https:\/\/search.ancestry.de\/search\/db.aspx?dbid=32128\" target=\"_blank\">Die Familie Hausburg-L\u00fctkin und deren Seitenverwandte<\/a><\/td>\n<td>30<\/td>\n<\/tr>\n<tr>\n<td>210<\/td>\n<td><a href=\"https:\/\/search.ancestry.de\/search\/db.aspx?dbid=28013\" target=\"_blank\">Die Familie Hilgard<\/a><\/td>\n<td>28<\/td>\n<\/tr>\n<tr>\n<td>211<\/td>\n<td><a href=\"https:\/\/search.ancestry.de\/search\/db.aspx?dbid=31870\" target=\"_blank\">Die Familie Hirzel von Z\u00fcrich<\/a><\/td>\n<td>39<\/td>\n<\/tr>\n<tr>\n<td>212<\/td>\n<td><a href=\"https:\/\/search.ancestry.de\/search\/db.aspx?dbid=32064\" target=\"_blank\">Die Familie Plathner : der Familie gewidmet<\/a><\/td>\n<td>210<\/td>\n<\/tr>\n<tr>\n<td>213<\/td>\n<td><a href=\"https:\/\/search.ancestry.de\/search\/db.aspx?dbid=32066\" target=\"_blank\">Die Familie Plathner. : Zweiter Nachtrag zu der vom Reichsgerichtsrat Otto Plathner (XI. 2.) im Jahre 1866 versakten Familiengeschichte<\/a><\/td>\n<td>19<\/td>\n<\/tr>\n<tr>\n<td>214<\/td>\n<td><a href=\"https:\/\/search.ancestry.de\/search\/db.aspx?dbid=31939\" target=\"_blank\">Die Familie Proyl-Lutow und die Katharinen-Bruderschaft in M\u00f6lln<\/a><\/td>\n<td>22<\/td>\n<\/tr>\n<tr>\n<td>215<\/td>\n<td><a href=\"https:\/\/search.ancestry.de\/search\/db.aspx?dbid=32217\" target=\"_blank\">Die Familie Rambach<\/a><\/td>\n<td>135<\/td>\n<\/tr>\n<tr>\n<td>216<\/td>\n<td><a href=\"https:\/\/search.ancestry.de\/search\/db.aspx?dbid=31964\" target=\"_blank\">Die Familie Schacht<\/a><\/td>\n<td>70<\/td>\n<\/tr>\n<tr>\n<td>217<\/td>\n<td><a href=\"https:\/\/search.ancestry.de\/search\/db.aspx?dbid=31999\" target=\"_blank\">Die Familie Schnyder von Wartensee in Sursee und Luzern<\/a><\/td>\n<td>106<\/td>\n<\/tr>\n<tr>\n<td>218<\/td>\n<td><a href=\"https:\/\/search.ancestry.de\/search\/db.aspx?dbid=31649\" target=\"_blank\">Die Familie Sch\u00f6nberg-Cotta<\/a><\/td>\n<td>254<\/td>\n<\/tr>\n<tr>\n<td>219<\/td>\n<td><a href=\"https:\/\/search.ancestry.de\/search\/db.aspx?dbid=32106\" target=\"_blank\">Die Familie Theuerjahr in Erdeborn<\/a><\/td>\n<td>30<\/td>\n<\/tr>\n<tr>\n<td>220<\/td>\n<td><a href=\"https:\/\/search.ancestry.de\/search\/db.aspx?dbid=25446\" target=\"_blank\">Die Familie Trachsel : ein Beitrag zur schweizer Einwanderung<\/a><\/td>\n<td>25<\/td>\n<\/tr>\n<tr>\n<td>221<\/td>\n<td><a href=\"https:\/\/search.ancestry.de\/search\/db.aspx?dbid=31432\" target=\"_blank\">Die Familie Volkmann : Drei und ein halbes Jahrhundert eines deutschen Geschlechtes<\/a><\/td>\n<td>77<\/td>\n<\/tr>\n<tr>\n<td>222<\/td>\n<td><a href=\"https:\/\/search.ancestry.de\/search\/db.aspx?dbid=31834\" target=\"_blank\">Die Familie von Dechen, erloschen 15. Februar 1889<\/a><\/td>\n<td>63<\/td>\n<\/tr>\n<tr>\n<td>223<\/td>\n<td><a href=\"https:\/\/search.ancestry.de\/search\/db.aspx?dbid=32289\" target=\"_blank\">Die Familie von dem Borne mit den namensverwandten Geschlechtern<\/a><\/td>\n<td>208<\/td>\n<\/tr>\n<tr>\n<td>224<\/td>\n<td><a href=\"https:\/\/search.ancestry.de\/search\/db.aspx?dbid=32098\" target=\"_blank\">Die Familie von der Decken : in ihren verschiedenen Verh\u00e4ltnissen dargestellt<\/a><\/td>\n<td>259<\/td>\n<\/tr>\n<tr>\n<td>225<\/td>\n<td><a href=\"https:\/\/search.ancestry.de\/search\/db.aspx?dbid=31645\" target=\"_blank\">Die Familie von Kamptz<\/a><\/td>\n<td>266<\/td>\n<\/tr>\n<tr>\n<td>226<\/td>\n<td><a href=\"https:\/\/search.ancestry.de\/search\/db.aspx?dbid=32139\" target=\"_blank\">Die Familie von Klitzing. Band 1<\/a><\/td>\n<td>249<\/td>\n<\/tr>\n<tr>\n<td>227<\/td>\n<td><a href=\"https:\/\/search.ancestry.de\/search\/db.aspx?dbid=32138\" target=\"_blank\">Die Familie von Klitzing. Band 2<\/a><\/td>\n<td>180<\/td>\n<\/tr>\n<tr>\n<td>228<\/td>\n<td><a href=\"https:\/\/search.ancestry.de\/search\/db.aspx?dbid=32137\" target=\"_blank\">Die Familie von Klitzing. Band 3<\/a><\/td>\n<td>138<\/td>\n<\/tr>\n<tr>\n<td>229<\/td>\n<td><a href=\"https:\/\/search.ancestry.de\/search\/db.aspx?dbid=32228\" target=\"_blank\">Die Familie von Manteuffel : die freiherrlich Kurl\u00e4ndische Linie<\/a><\/td>\n<td>62<\/td>\n<\/tr>\n<tr>\n<td>230<\/td>\n<td><a href=\"https:\/\/search.ancestry.de\/search\/db.aspx?dbid=32004\" target=\"_blank\">Die Familie von Wuthenau<\/a><\/td>\n<td>154<\/td>\n<\/tr>\n<tr>\n<td>231<\/td>\n<td><a href=\"https:\/\/search.ancestry.de\/search\/db.aspx?dbid=32151\" target=\"_blank\">Die Familie Widmanstetter, seit 1668 Beckh-Widmanstetter<\/a><\/td>\n<td>17<\/td>\n<\/tr>\n<tr>\n<td>232<\/td>\n<td><a href=\"https:\/\/search.ancestry.de\/search\/db.aspx?dbid=31734\" target=\"_blank\">Die Familie Zangemeister : seit der Mitte des 18. Jahrhunderts<\/a><\/td>\n<td>29<\/td>\n<\/tr>\n<tr>\n<td>233<\/td>\n<td><a href=\"https:\/\/search.ancestry.de\/search\/db.aspx?dbid=32219\" target=\"_blank\">Die Familien von der Lipe : insbesondere in Mecklenburg und Pommern<\/a><\/td>\n<td>13<\/td>\n<\/tr>\n<tr>\n<td>234<\/td>\n<td><a href=\"https:\/\/search.ancestry.de\/search\/db.aspx?dbid=29061\" target=\"_blank\">Die Familien-Chronik der Beck von Leopoldsdorf<\/a><\/td>\n<td>26<\/td>\n<\/tr>\n<tr>\n<td>235<\/td>\n<td><a href=\"https:\/\/search.ancestry.de\/search\/db.aspx?dbid=32115\" target=\"_blank\">Die Familiennamen Quedlinburgs und der Umgegend<\/a><\/td>\n<td>144<\/td>\n<\/tr>\n<tr>\n<td>236<\/td>\n<td><a href=\"https:\/\/search.ancestry.de\/search\/db.aspx?dbid=32354\" target=\"_blank\">Die Franz\u00f6sisch reformirte Kirche in Emden<\/a><\/td>\n<td>10<\/td>\n<\/tr>\n<tr>\n<td>237<\/td>\n<td><a href=\"https:\/\/search.ancestry.de\/search\/db.aspx?dbid=32372\" target=\"_blank\">Die Franz\u00f6sische Colonie in Halle a. S.<\/a><\/td>\n<td>10<\/td>\n<\/tr>\n<tr>\n<td>238<\/td>\n<td><a href=\"https:\/\/search.ancestry.de\/search\/db.aspx?dbid=32361\" target=\"_blank\">Die Franz\u00f6sische Colonie in Hildburghausen<\/a><\/td>\n<td>29<\/td>\n<\/tr>\n<tr>\n<td>239<\/td>\n<td><a href=\"https:\/\/search.ancestry.de\/search\/db.aspx?dbid=32349\" target=\"_blank\">Die Franz\u00f6sische Colonie in Karlshafen<\/a><\/td>\n<td>8<\/td>\n<\/tr>\n<tr>\n<td>240<\/td>\n<td><a href=\"https:\/\/search.ancestry.de\/search\/db.aspx?dbid=32370\" target=\"_blank\">Die Franz\u00f6sische Kolonie in B\u00fcckeburg<\/a><\/td>\n<td>27<\/td>\n<\/tr>\n<tr>\n<td>241<\/td>\n<td><a href=\"https:\/\/search.ancestry.de\/search\/db.aspx?dbid=32293\" target=\"_blank\">Die Franz\u00f6sische Kolonie in M\u00fcncheberg<\/a><\/td>\n<td>9<\/td>\n<\/tr>\n<tr>\n<td>242<\/td>\n<td><a href=\"https:\/\/search.ancestry.de\/search\/db.aspx?dbid=32365\" target=\"_blank\">Die Franz\u00f6sische Kolonie zu Minden i. W.<\/a><\/td>\n<td>20<\/td>\n<\/tr>\n<tr>\n<td>243<\/td>\n<td><a href=\"https:\/\/search.ancestry.de\/search\/db.aspx?dbid=32292\" target=\"_blank\">Die Franz\u00f6sische reformirte Kirche zu Emmerich<\/a><\/td>\n<td>8<\/td>\n<\/tr>\n<tr>\n<td>244<\/td>\n<td><a href=\"https:\/\/search.ancestry.de\/search\/db.aspx?dbid=32356\" target=\"_blank\">Die Franz\u00f6sisch-reformirte Colonie zu Friedrichsdorf<\/a><\/td>\n<td>14<\/td>\n<\/tr>\n<tr>\n<td>245<\/td>\n<td><a href=\"https:\/\/search.ancestry.de\/search\/db.aspx?dbid=32351\" target=\"_blank\">Die Franz\u00f6sisch-reformirte Gemeinde in Erlangen<\/a><\/td>\n<td>22<\/td>\n<\/tr>\n<tr>\n<td>246<\/td>\n<td><a href=\"https:\/\/search.ancestry.de\/search\/db.aspx?dbid=32252\" target=\"_blank\">Die Freiherrn von Wart<\/a><\/td>\n<td>25<\/td>\n<\/tr>\n<tr>\n<td>247<\/td>\n<td><a href=\"https:\/\/search.ancestry.de\/search\/db.aspx?dbid=31922\" target=\"_blank\">Die Friesen und ihre Geschlechter<\/a><\/td>\n<td>170<\/td>\n<\/tr>\n<tr>\n<td>248<\/td>\n<td><a href=\"https:\/\/search.ancestry.de\/search\/db.aspx?dbid=31813\" target=\"_blank\">Die F\u00fcrstin Orsini, Camerera-Mayor am Hofe Philipps V. von Spanien.<\/a><\/td>\n<td>100<\/td>\n<\/tr>\n<tr>\n<td>249<\/td>\n<td><a href=\"https:\/\/search.ancestry.de\/search\/db.aspx?dbid=31745\" target=\"_blank\">Die Garelli : ein Beitrag zur Culturgeschichte des 17. und 18. Jahrhunderts<\/a><\/td>\n<td>59<\/td>\n<\/tr>\n<tr>\n<td>250<\/td>\n<td><a href=\"https:\/\/search.ancestry.de\/search\/db.aspx?dbid=31936\" target=\"_blank\">Die gegenw\u00e4rtig bl\u00fchenden Familien des Steierm\u00e4rkischen Hochadels<\/a><\/td>\n<td>11<\/td>\n<\/tr>\n<tr>\n<td>251<\/td>\n<td><a href=\"https:\/\/search.ancestry.de\/search\/db.aspx?dbid=31883\" target=\"_blank\">Die Geschichte der deutschen Hanse. Band 1<\/a><\/td>\n<td>244<\/td>\n<\/tr>\n<tr>\n<td>252<\/td>\n<td><a href=\"https:\/\/search.ancestry.de\/search\/db.aspx?dbid=31882\" target=\"_blank\">Die Geschichte der deutschen Hanse. Band 2<\/a><\/td>\n<td>281<\/td>\n<\/tr>\n<tr>\n<td>253<\/td>\n<td><a href=\"https:\/\/search.ancestry.de\/search\/db.aspx?dbid=32161\" target=\"_blank\">Die Geschichte der Familie<\/a><\/td>\n<td>139<\/td>\n<\/tr>\n<tr>\n<td>254<\/td>\n<td><a href=\"https:\/\/search.ancestry.de\/search\/db.aspx?dbid=31844\" target=\"_blank\">Die Geschichte der Familie Molly<\/a><\/td>\n<td>32<\/td>\n<\/tr>\n<tr>\n<td>255<\/td>\n<td><a href=\"https:\/\/search.ancestry.de\/search\/db.aspx?dbid=31456\" target=\"_blank\">Die Geschichte der Familien Czedik und Trebersburg<\/a><\/td>\n<td>152<\/td>\n<\/tr>\n<tr>\n<td>256<\/td>\n<td><a href=\"https:\/\/search.ancestry.de\/search\/db.aspx?dbid=31637\" target=\"_blank\">Die Geschichte der Stadt Naumburg an der Saale<\/a><\/td>\n<td>112<\/td>\n<\/tr>\n<tr>\n<td>257<\/td>\n<td><a href=\"https:\/\/search.ancestry.de\/search\/db.aspx?dbid=25475\" target=\"_blank\">Die Geschichte des Geschlechtes derer Von Trebra<\/a><\/td>\n<td>93<\/td>\n<\/tr>\n<tr>\n<td>258<\/td>\n<td><a href=\"https:\/\/search.ancestry.de\/search\/db.aspx?dbid=31897\" target=\"_blank\">Die Geschichte des reichsst\u00e4ndischen Hauses Ysenburg und B\u00fcdingen. Band 1<\/a><\/td>\n<td>148<\/td>\n<\/tr>\n<tr>\n<td>259<\/td>\n<td><a href=\"https:\/\/search.ancestry.de\/search\/db.aspx?dbid=31896\" target=\"_blank\">Die Geschichte des reichsst\u00e4ndischen Hauses Ysenburg und B\u00fcdingen. Band 2<\/a><\/td>\n<td>246<\/td>\n<\/tr>\n<tr>\n<td>260<\/td>\n<td><a href=\"https:\/\/search.ancestry.de\/search\/db.aspx?dbid=31895\" target=\"_blank\">Die Geschichte des reichsst\u00e4ndischen Hauses Ysenburg und B\u00fcdingen. Band 3<\/a><\/td>\n<td>164<\/td>\n<\/tr>\n<tr>\n<td>261<\/td>\n<td><a href=\"https:\/\/search.ancestry.de\/search\/db.aspx?dbid=32211\" target=\"_blank\">Die Gestaltung Nordfrieslands in alter und neuer Zeit : Wissenschaftliche Beilage zum Bericht \u00fcber das Schuljahr 1903-1904<\/a><\/td>\n<td>15<\/td>\n<\/tr>\n<tr>\n<td>262<\/td>\n<td><a href=\"https:\/\/search.ancestry.de\/search\/db.aspx?dbid=32238\" target=\"_blank\">Die Grafen von Abenberg f\u00fcrstl. bayer.-welf. Abkunft<\/a><\/td>\n<td>60<\/td>\n<\/tr>\n<tr>\n<td>263<\/td>\n<td><a href=\"https:\/\/search.ancestry.de\/search\/db.aspx?dbid=23959\" target=\"_blank\">Die Grafen von Abenberg, f\u00fcrstl. bayer.-wels. Abkunft : die Ahnen des preussischen K\u00f6nighauses und der F\u00fcrsten von Hohenzollern<\/a><\/td>\n<td>113<\/td>\n<\/tr>\n<tr>\n<td>264<\/td>\n<td><a href=\"https:\/\/search.ancestry.de\/search\/db.aspx?dbid=32104\" target=\"_blank\">Die Grafen von Fries : eine genealogische Studies<\/a><\/td>\n<td>164<\/td>\n<\/tr>\n<tr>\n<td>265<\/td>\n<td><a href=\"https:\/\/search.ancestry.de\/search\/db.aspx?dbid=31580\" target=\"_blank\">Die Grafen von Honstein<\/a><\/td>\n<td>96<\/td>\n<\/tr>\n<tr>\n<td>266<\/td>\n<td><a href=\"https:\/\/search.ancestry.de\/search\/db.aspx?dbid=31447\" target=\"_blank\">Die Grafen von Valkenstein am Harze und ihre Stammesgenossen<\/a><\/td>\n<td>74<\/td>\n<\/tr>\n<tr>\n<td>267<\/td>\n<td><a href=\"https:\/\/search.ancestry.de\/search\/db.aspx?dbid=32120\" target=\"_blank\">Die Grafschaft Glatz: ihre Natur und deren Beziehungen zu Geschichte und Leben der Menschen<\/a><\/td>\n<td>125<\/td>\n<\/tr>\n<tr>\n<td>268<\/td>\n<td><a href=\"https:\/\/search.ancestry.de\/search\/db.aspx?dbid=32320\" target=\"_blank\">Die Gr\u00fcndung der Colonie Hameln und die Manufacturen<\/a><\/td>\n<td>20<\/td>\n<\/tr>\n<tr>\n<td>269<\/td>\n<td><a href=\"https:\/\/search.ancestry.de\/search\/db.aspx?dbid=31689\" target=\"_blank\">Die Hamburgische Familie Moller<\/a><\/td>\n<td>90<\/td>\n<\/tr>\n<tr>\n<td>270<\/td>\n<td><a href=\"https:\/\/search.ancestry.de\/search\/db.aspx?dbid=31343\" target=\"_blank\">Die Hamburgischen Oberalten, ihre b\u00fcrgerliche Wirksamkeit und ihre Familien<\/a><\/td>\n<td>214<\/td>\n<\/tr>\n<tr>\n<td>271<\/td>\n<td><a href=\"https:\/\/search.ancestry.de\/search\/db.aspx?dbid=31983\" target=\"_blank\">Die Hannoveraner, Braunschweiger und Oldenburger im Kriege gegen Frankreich 1870-71 : Ein Kriegs- und Ehrenbuch des 10. Armeekorps und ein Volksbuch f\u00fcr Niedersachsen und Ostfriesland<\/a><\/td>\n<td>170<\/td>\n<\/tr>\n<tr>\n<td>272<\/td>\n<td><a href=\"https:\/\/search.ancestry.de\/search\/db.aspx?dbid=31718\" target=\"_blank\">Die Herren und Freiherren v. H\u00f6vel. Band 1<\/a><\/td>\n<td>192<\/td>\n<\/tr>\n<tr>\n<td>273<\/td>\n<td><a href=\"https:\/\/search.ancestry.de\/search\/db.aspx?dbid=31717\" target=\"_blank\">Die Herren und Freiherren v. H\u00f6vel. Band 2-3<\/a><\/td>\n<td>166<\/td>\n<\/tr>\n<tr>\n<td>274<\/td>\n<td><a href=\"https:\/\/search.ancestry.de\/search\/db.aspx?dbid=32273\" target=\"_blank\">Die Herren von Deckenbrock und ihre Besitzungen<\/a><\/td>\n<td>136<\/td>\n<\/tr>\n<tr>\n<td>275<\/td>\n<td><a href=\"https:\/\/search.ancestry.de\/search\/db.aspx?dbid=31711\" target=\"_blank\">Die Herren von Neuneck : Urkundlicher Nachweis, ihrer Glieder und Besitzungen<\/a><\/td>\n<td>157<\/td>\n<\/tr>\n<tr>\n<td>276<\/td>\n<td><a href=\"https:\/\/search.ancestry.de\/search\/db.aspx?dbid=31627\" target=\"_blank\">Die historische Entwickelung der landwirtschaftlichen Verh\u00e4ltnisse auf den reichs-gr\u00e4fl.-freistandsherrlich-Schaffgotschischen G\u00fcterkomplexen in Preussisch-Schlesien<\/a><\/td>\n<td>114<\/td>\n<\/tr>\n<tr>\n<td>277<\/td>\n<td><a href=\"https:\/\/search.ancestry.de\/search\/db.aspx?dbid=32123\" target=\"_blank\">Die Holbeiner : ein \u00dcberblick \u00fcber eine 700-j\u00e4hrige b\u00fcrgerliche Familiengeschichte mit Stammb\u00e4umen<\/a><\/td>\n<td>66<\/td>\n<\/tr>\n<tr>\n<td>278<\/td>\n<td><a href=\"https:\/\/search.ancestry.de\/search\/db.aspx?dbid=32333\" target=\"_blank\">Die Hugenotten am Hofe zu L\u00fcneburg und das Edikt Georg Wilhelms<\/a><\/td>\n<td>12<\/td>\n<\/tr>\n<tr>\n<td>279<\/td>\n<td><a href=\"https:\/\/search.ancestry.de\/search\/db.aspx?dbid=32296\" target=\"_blank\">Die Hugenotten-Kirche in Frankfurt a. d. O<\/a><\/td>\n<td>26<\/td>\n<\/tr>\n<tr>\n<td>280<\/td>\n<td><a href=\"https:\/\/search.ancestry.de\/search\/db.aspx?dbid=32355\" target=\"_blank\">Die Hugenotten-Kolonie in Braunschweig<\/a><\/td>\n<td>14<\/td>\n<\/tr>\n<tr>\n<td>281<\/td>\n<td><a href=\"https:\/\/search.ancestry.de\/search\/db.aspx?dbid=32364\" target=\"_blank\">Die Hugenotten-Kolonieen im F\u00fcrstenthum Lippe<\/a><\/td>\n<td>19<\/td>\n<\/tr>\n<tr>\n<td>282<\/td>\n<td><a href=\"https:\/\/search.ancestry.de\/search\/db.aspx?dbid=32348\" target=\"_blank\">Die Hugenottische Kirchenordnung, oder La Discipline des \u00e9glises r\u00e9form\u00e9es de France, deutsch<\/a><\/td>\n<td>35<\/td>\n<\/tr>\n<tr>\n<td>283<\/td>\n<td><a href=\"https:\/\/search.ancestry.de\/search\/db.aspx?dbid=32323\" target=\"_blank\">Die Hugenottische Pfarrgemeinde zu Hameln<\/a><\/td>\n<td>20<\/td>\n<\/tr>\n<tr>\n<td>284<\/td>\n<td><a href=\"https:\/\/search.ancestry.de\/search\/db.aspx?dbid=32330\" target=\"_blank\">Die Hugenottischen Pastoren von L\u00fcneburg<\/a><\/td>\n<td>17<\/td>\n<\/tr>\n<tr>\n<td>285<\/td>\n<td><a href=\"https:\/\/search.ancestry.de\/search\/db.aspx?dbid=32266\" target=\"_blank\">Die Kestner : Eine genealogische Skizze nebst Exkursen und eine Wappentafel<\/a><\/td>\n<td>29<\/td>\n<\/tr>\n<tr>\n<td>286<\/td>\n<td><a href=\"https:\/\/search.ancestry.de\/search\/db.aspx?dbid=32067\" target=\"_blank\">Die Khevenh\u00fcller: Geschichte des Geschlechtes<\/a><\/td>\n<td>345<\/td>\n<\/tr>\n<tr>\n<td>287<\/td>\n<td><a href=\"https:\/\/search.ancestry.de\/search\/db.aspx?dbid=32077\" target=\"_blank\">Die Kirchenb\u00fccher der Mark Brandenburg; erste Abteilung : Die Kirchenb\u00fccher der Neumark, der Kreise Oststernberg, Weststernberg, Z\u00fcllichau-Schwiebus und Krossen<\/a><\/td>\n<td>128<\/td>\n<\/tr>\n<tr>\n<td>288<\/td>\n<td><a href=\"https:\/\/search.ancestry.de\/search\/db.aspx?dbid=32076\" target=\"_blank\">Die Kirchenb\u00fccher der Mark Brandenburg; zweite Abteilung, erstes Heft : Die Kirchenb\u00fccher der vor 1874 aufgenommenen und konzessionierten Kirchengemeinschaften im Bezirke der General-Superintendentur Berlin &#8230; und in den Kreisen Lebus und Stadt Frankfurt<\/a><\/td>\n<td>292<\/td>\n<\/tr>\n<tr>\n<td>289<\/td>\n<td><a href=\"https:\/\/search.ancestry.de\/search\/db.aspx?dbid=31932\" target=\"_blank\">Die Kirchenb\u00fccher Schlesiens beider Confessionen<\/a><\/td>\n<td>85<\/td>\n<\/tr>\n<tr>\n<td>290<\/td>\n<td><a href=\"https:\/\/search.ancestry.de\/search\/db.aspx?dbid=32056\" target=\"_blank\">Die K\u00f6ckritze im Voigtlande, Meissen &#038; Sachsen. I. Abschnitt<\/a><\/td>\n<td>106<\/td>\n<\/tr>\n<tr>\n<td>291<\/td>\n<td><a href=\"https:\/\/search.ancestry.de\/search\/db.aspx?dbid=32359\" target=\"_blank\">Die Konf\u00f6deration Reformirter Kirchen in Niedersachsen<\/a><\/td>\n<td>24<\/td>\n<\/tr>\n<tr>\n<td>292<\/td>\n<td><a href=\"https:\/\/search.ancestry.de\/search\/db.aspx?dbid=31738\" target=\"_blank\">Die K\u00f6niglich preu\u00dfischen Genealogischen Kalender von 1724-1850<\/a><\/td>\n<td>30<\/td>\n<\/tr>\n<tr>\n<td>293<\/td>\n<td><a href=\"https:\/\/search.ancestry.de\/search\/db.aspx?dbid=32195\" target=\"_blank\">Die Kriegerdenkm\u00e4ler um Metz<\/a><\/td>\n<td>115<\/td>\n<\/tr>\n<tr>\n<td>294<\/td>\n<td><a href=\"https:\/\/search.ancestry.de\/search\/db.aspx?dbid=30408\" target=\"_blank\">Die Kurmark Brandenburg, ihr Zustand und ihre Verwaltung unmittelbar vor dem Ausbruche des franz\u00f6sischen Krieges im Oktober 1806<\/a><\/td>\n<td>606<\/td>\n<\/tr>\n<tr>\n<td>295<\/td>\n<td><a href=\"https:\/\/search.ancestry.de\/search\/db.aspx?dbid=31982\" target=\"_blank\">Die Landgrafen von Leuchtenberg : historisch genealogisch erl\u00e4utert<\/a><\/td>\n<td>42<\/td>\n<\/tr>\n<tr>\n<td>296<\/td>\n<td><a href=\"https:\/\/search.ancestry.de\/search\/db.aspx?dbid=31680\" target=\"_blank\">Die Landgrafen von Th\u00fcringen zur Geschichte der Wartburg<\/a><\/td>\n<td>240<\/td>\n<\/tr>\n<tr>\n<td>297<\/td>\n<td><a href=\"https:\/\/search.ancestry.de\/search\/db.aspx?dbid=31934\" target=\"_blank\">Die Leichenpredigten der Bibliothek des grauen Klosters<\/a><\/td>\n<td>22<\/td>\n<\/tr>\n<tr>\n<td>298<\/td>\n<td><a href=\"https:\/\/search.ancestry.de\/search\/db.aspx?dbid=32018\" target=\"_blank\">Die Lenzburg<\/a><\/td>\n<td>197<\/td>\n<\/tr>\n<tr>\n<td>299<\/td>\n<td><a href=\"https:\/\/search.ancestry.de\/search\/db.aspx?dbid=31732\" target=\"_blank\">Die Matrikel der Hohen Schule und des Paedagogiums Herborn<\/a><\/td>\n<td>378<\/td>\n<\/tr>\n<tr>\n<td>300<\/td>\n<td><a href=\"https:\/\/search.ancestry.de\/search\/db.aspx?dbid=32140\" target=\"_blank\">Die Matrikel des akademischen Gymnasiums in Hamburg, 1613-1883<\/a><\/td>\n<td>144<\/td>\n<\/tr>\n<tr>\n<td>301<\/td>\n<td><a href=\"https:\/\/search.ancestry.de\/search\/db.aspx?dbid=31736\" target=\"_blank\">Die Mitglieder der Hamburger B\u00fcrgerschaft 1859-1862<\/a><\/td>\n<td>115<\/td>\n<\/tr>\n<tr>\n<td>302<\/td>\n<td><a href=\"https:\/\/search.ancestry.de\/search\/db.aspx?dbid=31779\" target=\"_blank\">Die Nationalit\u00e4ten Pommerellens<\/a><\/td>\n<td>71<\/td>\n<\/tr>\n<tr>\n<td>303<\/td>\n<td><a href=\"https:\/\/search.ancestry.de\/search\/db.aspx?dbid=31436\" target=\"_blank\">Die Odenhauser Marx und ihre Ahnen<\/a><\/td>\n<td>53<\/td>\n<\/tr>\n<tr>\n<td>304<\/td>\n<td><a href=\"https:\/\/search.ancestry.de\/search\/db.aspx?dbid=32230\" target=\"_blank\">Die Patricierfamilie Schoepplenberg in Greifswald mit mehreren Abbildungen und Stammb\u00e4umen<\/a><\/td>\n<td>95<\/td>\n<\/tr>\n<tr>\n<td>305<\/td>\n<td><a href=\"https:\/\/search.ancestry.de\/search\/db.aspx?dbid=32264\" target=\"_blank\">Die Personalien und Leichenprozessionen der Herz\u00f6ge von Pommern und ihrer Angeh\u00f6rigen aus den Jahren 1560 bis 1663.<\/a><\/td>\n<td>381<\/td>\n<\/tr>\n<tr>\n<td>306<\/td>\n<td><a href=\"https:\/\/search.ancestry.de\/search\/db.aspx?dbid=32342\" target=\"_blank\">Die Reformirte Kirche in G\u00f6ttingen<\/a><\/td>\n<td>22<\/td>\n<\/tr>\n<tr>\n<td>307<\/td>\n<td><a href=\"https:\/\/search.ancestry.de\/search\/db.aspx?dbid=31601\" target=\"_blank\">Die Reichsfreiherren von Crailsheim : Familiengeschichte. Band 1.<\/a><\/td>\n<td>180<\/td>\n<\/tr>\n<tr>\n<td>308<\/td>\n<td><a href=\"https:\/\/search.ancestry.de\/search\/db.aspx?dbid=31600\" target=\"_blank\">Die Reichsfreiherren von Crailsheim : Familiengeschichte. Band 2.<\/a><\/td>\n<td>206<\/td>\n<\/tr>\n<tr>\n<td>309<\/td>\n<td><a href=\"https:\/\/search.ancestry.de\/search\/db.aspx?dbid=31710\" target=\"_blank\">Die Reussen : Genealogie des gesamthauses Reuss, \u00e4lterer und j\u00fcngerer Linie sowie der ausgestorbenen Vogtslinien zu Weida, Gera und Plauen und der Burg- grafen zu Meissen aus dem Hause Plauen.<\/a><\/td>\n<td>41<\/td>\n<\/tr>\n<tr>\n<td>310<\/td>\n<td><a href=\"https:\/\/search.ancestry.de\/search\/db.aspx?dbid=32307\" target=\"_blank\">Die Rittermatrikeln des K\u00f6nigreichs Hannover und des Herzogtums Braunschweig : nebst einer alphabetischen \u00dcbersicht der Ritterschaft und der von derselben vertretenen rittereschaftlichen G\u00fcter<\/a><\/td>\n<td>110<\/td>\n<\/tr>\n<tr>\n<td>311<\/td>\n<td><a href=\"https:\/\/search.ancestry.de\/search\/db.aspx?dbid=31743\" target=\"_blank\">Die Rittersitze der Grafschaft Ravensberg und des F\u00fcrstentums Minden<\/a><\/td>\n<td>119<\/td>\n<\/tr>\n<tr>\n<td>312<\/td>\n<td><a href=\"https:\/\/search.ancestry.de\/search\/db.aspx?dbid=32267\" target=\"_blank\">Die Schiller von Herdern : ein Beitrag zur hundertj\u00e4hrigen Wiederkehr von Friedrich Schillers Todestag<\/a><\/td>\n<td>38<\/td>\n<\/tr>\n<tr>\n<td>313<\/td>\n<td><a href=\"https:\/\/search.ancestry.de\/search\/db.aspx?dbid=23680\" target=\"_blank\">Die Schnewli von Affoltern a. A.<\/a><\/td>\n<td>246<\/td>\n<\/tr>\n<tr>\n<td>314<\/td>\n<td><a href=\"https:\/\/search.ancestry.de\/search\/db.aspx?dbid=31846\" target=\"_blank\">Die Seinsheims und ihre Zeit : eine Familien- und Kulturgeschichte von 1155 bis 1890<\/a><\/td>\n<td>294<\/td>\n<\/tr>\n<tr>\n<td>315<\/td>\n<td><a href=\"https:\/\/search.ancestry.de\/search\/db.aspx?dbid=31927\" target=\"_blank\">Die St. Marienkirche in Osnabr\u00fcck : ein Gedenkblatt f\u00fcr die Gemeinde<\/a><\/td>\n<td>26<\/td>\n<\/tr>\n<tr>\n<td>316<\/td>\n<td><a href=\"https:\/\/search.ancestry.de\/search\/db.aspx?dbid=30414\" target=\"_blank\">Die Stadt Braunschweig, 1924<\/a><\/td>\n<td>171<\/td>\n<\/tr>\n<tr>\n<td>317<\/td>\n<td><a href=\"https:\/\/search.ancestry.de\/search\/db.aspx?dbid=31455\" target=\"_blank\">Die Stammregister der gegenw\u00e4rtigen und in diesem Jahrhundert ausgestorbenen b\u00fcrgerlichen Geschlechter der Stadt Zofingen<\/a><\/td>\n<td>335<\/td>\n<\/tr>\n<tr>\n<td>318<\/td>\n<td><a href=\"https:\/\/search.ancestry.de\/search\/db.aspx?dbid=32276\" target=\"_blank\">Die Stamm-Tafel der b\u00fcrgerlichen Familie Lichtenstein : nebst historischen Nachrichten \u00fcber einige Glieder derselben<\/a><\/td>\n<td>10<\/td>\n<\/tr>\n<tr>\n<td>319<\/td>\n<td><a href=\"https:\/\/search.ancestry.de\/search\/db.aspx?dbid=32249\" target=\"_blank\">Die Stillfriede und die Stadt Neurode<\/a><\/td>\n<td>11<\/td>\n<\/tr>\n<tr>\n<td>320<\/td>\n<td><a href=\"https:\/\/search.ancestry.de\/search\/db.aspx?dbid=32146\" target=\"_blank\">Die Universit\u00e4tskapelle im Freiburger M\u00fcnster<\/a><\/td>\n<td>43<\/td>\n<\/tr>\n<tr>\n<td>321<\/td>\n<td><a href=\"https:\/\/search.ancestry.de\/search\/db.aspx?dbid=31969\" target=\"_blank\">Die Urkunden des Klosters St\u00f6tterlingenburg<\/a><\/td>\n<td>165<\/td>\n<\/tr>\n<tr>\n<td>322<\/td>\n<td><a href=\"https:\/\/search.ancestry.de\/search\/db.aspx?dbid=34351\" target=\"_blank\">Die Verbreitung des Geschlechtes von Zeschau von 1206 bis 1906<\/a><\/td>\n<td>69<\/td>\n<\/tr>\n<tr>\n<td>323<\/td>\n<td><a href=\"https:\/\/search.ancestry.de\/search\/db.aspx?dbid=32024\" target=\"_blank\">Die von C\u00f6lln : genealogisch-biographische Umschau durch fr\u00fchere Jahrhunderte bis zur Gegenwart<\/a><\/td>\n<td>100<\/td>\n<\/tr>\n<tr>\n<td>324<\/td>\n<td><a href=\"https:\/\/search.ancestry.de\/search\/db.aspx?dbid=31781\" target=\"_blank\">Die von den fr\u00e4nkischen Ebersteinen vom Eberstein auf der Rh\u00f6n vor der \u00dcbersiedelung nach dem unteren Theile der Goldenen Aue innegehabten Besitzungen in ihrer Stammheimath und an der Elb-Saale<\/a><\/td>\n<td>58<\/td>\n<\/tr>\n<tr>\n<td>325<\/td>\n<td><a href=\"https:\/\/search.ancestry.de\/search\/db.aspx?dbid=32240\" target=\"_blank\">Die von Exau beziehungsweise Kezewski, 1380-1901<\/a><\/td>\n<td>28<\/td>\n<\/tr>\n<tr>\n<td>326<\/td>\n<td><a href=\"https:\/\/search.ancestry.de\/search\/db.aspx?dbid=32010\" target=\"_blank\">Die Voreltern Jacobi : ein Gedenkbuch f\u00fcr die Nachkommen<\/a><\/td>\n<td>67<\/td>\n<\/tr>\n<tr>\n<td>327<\/td>\n<td><a href=\"https:\/\/search.ancestry.de\/search\/db.aspx?dbid=32353\" target=\"_blank\">Die Waldenser und ihre Colonie Walldorf<\/a><\/td>\n<td>14<\/td>\n<\/tr>\n<tr>\n<td>328<\/td>\n<td><a href=\"https:\/\/search.ancestry.de\/search\/db.aspx?dbid=32367\" target=\"_blank\">Die Waldenser-Colonie Rohrbach, Wembach und Hahn<\/a><\/td>\n<td>24<\/td>\n<\/tr>\n<tr>\n<td>329<\/td>\n<td><a href=\"https:\/\/search.ancestry.de\/search\/db.aspx?dbid=32371\" target=\"_blank\">Die Waldensergemeinde P\u00e9rouse in W\u00fcrttemberg<\/a><\/td>\n<td>36<\/td>\n<\/tr>\n<tr>\n<td>330<\/td>\n<td><a href=\"https:\/\/search.ancestry.de\/search\/db.aspx?dbid=32332\" target=\"_blank\">Die Waldensergemeinde Serres in W\u00fcrttemberg<\/a><\/td>\n<td>12<\/td>\n<\/tr>\n<tr>\n<td>331<\/td>\n<td><a href=\"https:\/\/search.ancestry.de\/search\/db.aspx?dbid=32368\" target=\"_blank\">Die Waldenser-Kolonie Dornholzhausen<\/a><\/td>\n<td>16<\/td>\n<\/tr>\n<tr>\n<td>332<\/td>\n<td><a href=\"https:\/\/search.ancestry.de\/search\/db.aspx?dbid=32344\" target=\"_blank\">Die Wallonische Gemeinde in Stade<\/a><\/td>\n<td>18<\/td>\n<\/tr>\n<tr>\n<td>333<\/td>\n<td><a href=\"https:\/\/search.ancestry.de\/search\/db.aspx?dbid=32350\" target=\"_blank\">Die Wallonisch-franz\u00f6sische Fremdengemeinde in Bremen<\/a><\/td>\n<td>19<\/td>\n<\/tr>\n<tr>\n<td>334<\/td>\n<td><a href=\"https:\/\/search.ancestry.de\/search\/db.aspx?dbid=32346\" target=\"_blank\">Die Wallonisch-franz\u00f6sische Fremdengemeinde in St. Lambrecht- Grevenhausen<\/a><\/td>\n<td>11<\/td>\n<\/tr>\n<tr>\n<td>335<\/td>\n<td><a href=\"https:\/\/search.ancestry.de\/search\/db.aspx?dbid=32366\" target=\"_blank\">Die Wallonisch-franz\u00f6sischen Colonieen zu Oranienburg und Umgegend<\/a><\/td>\n<td>20<\/td>\n<\/tr>\n<tr>\n<td>336<\/td>\n<td><a href=\"https:\/\/search.ancestry.de\/search\/db.aspx?dbid=32000\" target=\"_blank\">Die Werlter Langen : ein Beitrag zur Geschichte der Familie von Langen mit der Schafscheere im Wappenschilde<\/a><\/td>\n<td>113<\/td>\n<\/tr>\n<tr>\n<td>337<\/td>\n<td><a href=\"https:\/\/search.ancestry.de\/search\/db.aspx?dbid=31909\" target=\"_blank\">Die Wettiner : Genealogie des Gesammthauses Wettin Ernestinischer und Albertinischer Linie mit Einschluss der Regierenden H\u00e4user von Grossbritannien, Belgie n, Portugal und Bulgarien<\/a><\/td>\n<td>63<\/td>\n<\/tr>\n<tr>\n<td>338<\/td>\n<td><a href=\"https:\/\/search.ancestry.de\/search\/db.aspx?dbid=31654\" target=\"_blank\">Die Wittelsbacher : Festschrift zur Feier des siebenhundertj\u00e4hrigen Regierungs- Jubil\u00e4ums des Hauses Wittelsbach<\/a><\/td>\n<td>87<\/td>\n<\/tr>\n<tr>\n<td>339<\/td>\n<td><a href=\"https:\/\/search.ancestry.de\/search\/db.aspx?dbid=32025\" target=\"_blank\">Die Wohnpl\u00e4tze des Herzogthums Braunschweig mit ihren Entfernungen zur n\u00e4chsten Bahnstation, zum Sitze des Amtsgerichts u. s. w. : nebst Fahrpreistabellen der Eisenbahnen und einer Karte des Hertzogtums sowie der angrenzenden Gebiete<\/a><\/td>\n<td>82<\/td>\n<\/tr>\n<tr>\n<td>340<\/td>\n<td><a href=\"https:\/\/search.ancestry.de\/search\/db.aspx?dbid=31737\" target=\"_blank\">Die W\u00fcstungen im Nordth\u00fcringgau<\/a><\/td>\n<td>303<\/td>\n<\/tr>\n<tr>\n<td>341<\/td>\n<td><a href=\"https:\/\/search.ancestry.de\/search\/db.aspx?dbid=31459\" target=\"_blank\">Die Zehn Geschwister Wagner : eine Hamburger Familiengeschichte aus alten Briefen und \u00dcberlieferungen<\/a><\/td>\n<td>239<\/td>\n<\/tr>\n<tr>\n<td>342<\/td>\n<td><a href=\"https:\/\/search.ancestry.de\/search\/db.aspx?dbid=29570\" target=\"_blank\">Die Z\u00fcrcher Familie Schwend : c. 1250-1536<\/a><\/td>\n<td>58<\/td>\n<\/tr>\n<tr>\n<td>343<\/td>\n<td><a href=\"https:\/\/search.ancestry.de\/search\/db.aspx?dbid=32284\" target=\"_blank\">Diplomatischer Bewei\u00df da\u00df dem Hause Hohenlohe die Landes-Hoheit : mit denen zu selbiger geh\u00f6rigen Rechten &#8230;; samt einer Abhandlung von dieses Hauses Ursprung und Herkunfft &#8230;<\/a><\/td>\n<td>420<\/td>\n<\/tr>\n<tr>\n<td>344<\/td>\n<td><a href=\"https:\/\/search.ancestry.de\/search\/db.aspx?dbid=31842\" target=\"_blank\">Ditfurter Familien Chronik<\/a><\/td>\n<td>336<\/td>\n<\/tr>\n<tr>\n<td>345<\/td>\n<td><a href=\"https:\/\/search.ancestry.de\/search\/db.aspx?dbid=60770\" target=\"_blank\">Dortmund, Deutschland, j\u00fcdische weibliche Einwohner, 1930-1943 (auf Englisch)<\/a><\/td>\n<td>872<\/td>\n<\/tr>\n<tr>\n<td>346<\/td>\n<td><a href=\"https:\/\/search.ancestry.de\/search\/db.aspx?dbid=32045\" target=\"_blank\">Ed. Lorenz Meyer&#8217;s Wappenbuch der Hamburgischen Deputationen<\/a><\/td>\n<td>186<\/td>\n<\/tr>\n<tr>\n<td>347<\/td>\n<td><a href=\"https:\/\/search.ancestry.de\/search\/db.aspx?dbid=32019\" target=\"_blank\">Ein deutsches B\u00fcrgergeschlecht im Laufe von sieben jahrhunderten : Urkunden und aufstellungen zur Genealogie und Geschichte der Familie Welcker (nach \u00e4lterer Schreibung, Welker)<\/a><\/td>\n<td>140<\/td>\n<\/tr>\n<tr>\n<td>348<\/td>\n<td><a href=\"https:\/\/search.ancestry.de\/search\/db.aspx?dbid=34442\" target=\"_blank\">Ein Deutsches B\u00fcrgergeschlecht im Laufe von Sieben Jahrhunderten. Urkunden und Ausstellungen zur Genealogie und Geschichte der Familie Welcker.<\/a><\/td>\n<td>138<\/td>\n<\/tr>\n<tr>\n<td>349<\/td>\n<td><a href=\"https:\/\/search.ancestry.de\/search\/db.aspx?dbid=23478\" target=\"_blank\">Ein Stammbaum der Familien Schmutz<\/a><\/td>\n<td>161<\/td>\n<\/tr>\n<tr>\n<td>350<\/td>\n<td><a href=\"https:\/\/search.ancestry.de\/search\/db.aspx?dbid=31775\" target=\"_blank\">Eine deutsche Familie : aus dem Leben unserer Eltern und Voreltern meinen Geschwistern erz\u00e4hlt<\/a><\/td>\n<td>68<\/td>\n<\/tr>\n<tr>\n<td>351<\/td>\n<td><a href=\"https:\/\/search.ancestry.de\/search\/db.aspx?dbid=32091\" target=\"_blank\">Eine Erzgebirgische Gelehrtenfamilie : Beitrag zur Kulturgeschichte des 17.Jahrhunderts<\/a><\/td>\n<td>101<\/td>\n<\/tr>\n<tr>\n<td>352<\/td>\n<td><a href=\"https:\/\/search.ancestry.de\/search\/db.aspx?dbid=31886\" target=\"_blank\">Eine Strassburger Legende<\/a><\/td>\n<td>20<\/td>\n<\/tr>\n<tr>\n<td>353<\/td>\n<td><a href=\"https:\/\/search.ancestry.de\/search\/db.aspx?dbid=32157\" target=\"_blank\">Einige Nachrichten \u00fcber das Esmarch&#8217;sche Geschlecht in Zeit- und Familien-Bildern<\/a><\/td>\n<td>33<\/td>\n<\/tr>\n<tr>\n<td>354<\/td>\n<td><a href=\"https:\/\/search.ancestry.de\/search\/db.aspx?dbid=32300\" target=\"_blank\">Einiges \u00fcber die pleissnischen Dynasten aus dem Hause der Burggrafen von Altenburg<\/a><\/td>\n<td>21<\/td>\n<\/tr>\n<tr>\n<td>355<\/td>\n<td><a href=\"https:\/\/search.ancestry.de\/search\/db.aspx?dbid=31625\" target=\"_blank\">Einleitung zur Historie des Chur-F\u00fcrstenthums Sachsen<\/a><\/td>\n<td>633<\/td>\n<\/tr>\n<tr>\n<td>356<\/td>\n<td><a href=\"https:\/\/search.ancestry.de\/search\/db.aspx?dbid=30404\" target=\"_blank\">Elberfeld in Wort und Bild von 1910-1930 bis zu seinem Aufgehen in die Stadt Wuppertal<\/a><\/td>\n<td>81<\/td>\n<\/tr>\n<tr>\n<td>357<\/td>\n<td><a href=\"https:\/\/search.ancestry.de\/search\/db.aspx?dbid=49149\" target=\"_blank\">Encyclopedia of German-American Genealogical Research (auf Englisch)<\/a><\/td>\n<td>283<\/td>\n<\/tr>\n<tr>\n<td>358<\/td>\n<td><a href=\"https:\/\/search.ancestry.de\/search\/db.aspx?dbid=31434\" target=\"_blank\">Enkeltafel von Friedrich August Richter in Frankenberg i. Sa.<\/a><\/td>\n<td>6<\/td>\n<\/tr>\n<tr>\n<td>359<\/td>\n<td><a href=\"https:\/\/search.ancestry.de\/search\/db.aspx?dbid=31733\" target=\"_blank\">Entwicklung des f\u00fcrstlich stolburgischen Grundbesitzes seit dem XIII. Jahrhundert : mit besonderer Beachtung der Grafschaft Wernigerode<\/a><\/td>\n<td>94<\/td>\n<\/tr>\n<tr>\n<td>360<\/td>\n<td><a href=\"https:\/\/search.ancestry.de\/search\/db.aspx?dbid=32256\" target=\"_blank\">Entwurf einer Stammtafel der Grafen von W\u00f6ltingerode, Woldenberg, Woldenbruch, Harzburg, Werder und Woldenstein<\/a><\/td>\n<td>59<\/td>\n<\/tr>\n<tr>\n<td>361<\/td>\n<td><a href=\"https:\/\/search.ancestry.de\/search\/db.aspx?dbid=31887\" target=\"_blank\">Entwurf einer Stammtafel der Grafen von W\u00f6ltingerode, Woldenberg, Woldenbruch, Harzburg, Werder und Woldenstein&#8230;<\/a><\/td>\n<td>3<\/td>\n<\/tr>\n<tr>\n<td>362<\/td>\n<td><a href=\"https:\/\/search.ancestry.de\/search\/db.aspx?dbid=32160\" target=\"_blank\">Entwurf einer zusammenh\u00e4ngenden Stammreihe des freifr\u00e4nkischen Geschlechts Eberstein &#8230;<\/a><\/td>\n<td>123<\/td>\n<\/tr>\n<tr>\n<td>363<\/td>\n<td><a href=\"https:\/\/search.ancestry.de\/search\/db.aspx?dbid=32039\" target=\"_blank\">Ephorie Schneeberg<\/a><\/td>\n<td>175<\/td>\n<\/tr>\n<tr>\n<td>364<\/td>\n<td><a href=\"https:\/\/search.ancestry.de\/search\/db.aspx?dbid=31907\" target=\"_blank\">Erg\u00e4nzungen zu dem im Jahre 1859 herausgegebenen Familienbuch der von B\u00fclow und zu der historischen, genealogischen und kritischen Beschreibung des Edlen, Freiherr- und Gr\u00e4flichen Geschlechts von B\u00fclow<\/a><\/td>\n<td>61<\/td>\n<\/tr>\n<tr>\n<td>365<\/td>\n<td><a href=\"https:\/\/search.ancestry.de\/search\/db.aspx?dbid=32122\" target=\"_blank\">Erinnerungen an ein Clevesches Rittergeschlecht : historische Studie<\/a><\/td>\n<td>70<\/td>\n<\/tr>\n<tr>\n<td>366<\/td>\n<td><a href=\"https:\/\/search.ancestry.de\/search\/db.aspx?dbid=32182\" target=\"_blank\">Erinnerungsbl\u00e4tter aus der Geschichte Altenburgs in den Jahren 1525-1826 : als Festgabe zur Feier des Einzugs unserer erhabenen F\u00fcrsten-Familie in Dero neue Residenzstadt Altenburg vor 50 Jahren, den 23. November 1826, unter Ihrem damaligen ehrw\u00fcrdigen Fa<\/a><\/td>\n<td>328<\/td>\n<\/tr>\n<tr>\n<td>367<\/td>\n<td><a href=\"https:\/\/search.ancestry.de\/search\/db.aspx?dbid=32244\" target=\"_blank\">Erl\u00e4uterungen zum Stammbaume der Familie W\u00fclfing<\/a><\/td>\n<td>15<\/td>\n<\/tr>\n<tr>\n<td>368<\/td>\n<td><a href=\"https:\/\/search.ancestry.de\/search\/db.aspx?dbid=31646\" target=\"_blank\">Familia augusta Lucemburgensis, ex monumentis fide dignis demonstrata in disputatione circulari praeside (auf Italienisch)<\/a><\/td>\n<td>55<\/td>\n<\/tr>\n<tr>\n<td>369<\/td>\n<td><a href=\"https:\/\/search.ancestry.de\/search\/db.aspx?dbid=29550\" target=\"_blank\">Familie Dieckerhoff : Aufzeichnungen aus der Vergangenheit<\/a><\/td>\n<td>44<\/td>\n<\/tr>\n<tr>\n<td>370<\/td>\n<td><a href=\"https:\/\/search.ancestry.de\/search\/db.aspx?dbid=32016\" target=\"_blank\">Familie Dieckerhoff Liebe gesammelt : Aufzeichnungen aus der Vergangenheit<\/a><\/td>\n<td>25<\/td>\n<\/tr>\n<tr>\n<td>371<\/td>\n<td><a href=\"https:\/\/search.ancestry.de\/search\/db.aspx?dbid=32233\" target=\"_blank\">Familien Chronik : I. Teil enthaltend die Familien Lamprecht, Herberger, von Hoffmann, Jacobsen, Kirschstein-Zeuschner und Dittmarsch, sowie die Stiftungen des Dr. Matth\u00e4us Lamprecht, Georg Lamprecht, Valerius Herberger II und des Freiherrn von Hoffmann<\/a><\/td>\n<td>32<\/td>\n<\/tr>\n<tr>\n<td>372<\/td>\n<td><a href=\"https:\/\/search.ancestry.de\/search\/db.aspx?dbid=34354\" target=\"_blank\">Familien Glahns Sl\u00e6gtebog. (auf D\u00e4nisch)<\/a><\/td>\n<td>74<\/td>\n<\/tr>\n<tr>\n<td>373<\/td>\n<td><a href=\"https:\/\/search.ancestry.de\/search\/db.aspx?dbid=31665\" target=\"_blank\">Familien-Buch des dynastischen Geschlechts der v. Eickstedt in Th\u00fcringen, Pommern, den Marken, und Schlesien<\/a><\/td>\n<td>503<\/td>\n<\/tr>\n<tr>\n<td>374<\/td>\n<td><a href=\"https:\/\/search.ancestry.de\/search\/db.aspx?dbid=32287\" target=\"_blank\">Familien-B\u00fcchlein des Alois Weibel von Schongau in Luzern<\/a><\/td>\n<td>11<\/td>\n<\/tr>\n<tr>\n<td>375<\/td>\n<td><a href=\"https:\/\/search.ancestry.de\/search\/db.aspx?dbid=30415\" target=\"_blank\">Familien-Calendarium der souveranien H\u00e4user Europas, 1881<\/a><\/td>\n<td>375<\/td>\n<\/tr>\n<tr>\n<td>376<\/td>\n<td><a href=\"https:\/\/search.ancestry.de\/search\/db.aspx?dbid=31613\" target=\"_blank\">Familien-Chronik der Familie Lucas : mit Angaben \u00fcber verwandte Familien<\/a><\/td>\n<td>23<\/td>\n<\/tr>\n<tr>\n<td>377<\/td>\n<td><a href=\"https:\/\/search.ancestry.de\/search\/db.aspx?dbid=31996\" target=\"_blank\">Familien-Chronik der Freiherren von Gemmingen<\/a><\/td>\n<td>217<\/td>\n<\/tr>\n<tr>\n<td>378<\/td>\n<td><a href=\"https:\/\/search.ancestry.de\/search\/db.aspx?dbid=32167\" target=\"_blank\">Familien-Chronik der Herren, Freiherren und Grafen von Kielmansegg<\/a><\/td>\n<td>232<\/td>\n<\/tr>\n<tr>\n<td>379<\/td>\n<td><a href=\"https:\/\/search.ancestry.de\/search\/db.aspx?dbid=31819\" target=\"_blank\">Familiengeschichte der Freiherren Langwerth von Simmern<\/a><\/td>\n<td>211<\/td>\n<\/tr>\n<tr>\n<td>380<\/td>\n<td><a href=\"https:\/\/search.ancestry.de\/search\/db.aspx?dbid=31651\" target=\"_blank\">Familien-Geschichte der Grafen von Pfeil u. Klein-Ellguth : im Auftrage der Familie<\/a><\/td>\n<td>143<\/td>\n<\/tr>\n<tr>\n<td>381<\/td>\n<td><a href=\"https:\/\/search.ancestry.de\/search\/db.aspx?dbid=31704\" target=\"_blank\">Familien-Geschichte der Grafen von Pfeil u. Klein-Ellguth: Ahnentafel<\/a><\/td>\n<td>6<\/td>\n<\/tr>\n<tr>\n<td>382<\/td>\n<td><a href=\"https:\/\/search.ancestry.de\/search\/db.aspx?dbid=31825\" target=\"_blank\">Familiengeschichte und Genealogie der Grafen von M\u00fclinen<\/a><\/td>\n<td>47<\/td>\n<\/tr>\n<tr>\n<td>383<\/td>\n<td><a href=\"https:\/\/search.ancestry.de\/search\/db.aspx?dbid=22661\" target=\"_blank\">Family register of George Christian Ritter of Leiningen, Rheinpfalz, Baiern, Germany and his descendants<\/a><\/td>\n<td>287<\/td>\n<\/tr>\n<tr>\n<td>384<\/td>\n<td><a href=\"https:\/\/search.ancestry.de\/search\/db.aspx?dbid=32258\" target=\"_blank\">Feldhauptmann Seyfried Schweppermann : eine biographische Studie<\/a><\/td>\n<td>10<\/td>\n<\/tr>\n<tr>\n<td>385<\/td>\n<td><a href=\"https:\/\/search.ancestry.de\/search\/db.aspx?dbid=32124\" target=\"_blank\">Feldmarschall Erzherzog Albrecht<\/a><\/td>\n<td>225<\/td>\n<\/tr>\n<tr>\n<td>386<\/td>\n<td><a href=\"https:\/\/search.ancestry.de\/search\/db.aspx?dbid=31623\" target=\"_blank\">Festschrift zur Feier des f\u00fcnfundzwanzigj\u00e4hrigen Bestehens des Vereins f\u00fcr Wappen-, Siegel- und Familienkunde &#8218;Herold&#8216;<\/a><\/td>\n<td>140<\/td>\n<\/tr>\n<tr>\n<td>387<\/td>\n<td><a href=\"https:\/\/search.ancestry.de\/search\/db.aspx?dbid=30412\" target=\"_blank\">Festschrift zur Jahrhundertfeier des K. b. 14. Infanterie-Regiments &#8218; Hartmann &#8218; vom 11. bis 13. Juli 1914 in N\u00fcrnberg<\/a><\/td>\n<td>109<\/td>\n<\/tr>\n<tr>\n<td>388<\/td>\n<td><a href=\"https:\/\/search.ancestry.de\/search\/db.aspx?dbid=32212\" target=\"_blank\">A few particulars respecting the Eckstein family (auf Englisch)<\/a><\/td>\n<td>52<\/td>\n<\/tr>\n<tr>\n<td>389<\/td>\n<td><a href=\"https:\/\/search.ancestry.de\/search\/db.aspx?dbid=32375\" target=\"_blank\">Fontes historici liturgiae glagolito-romanae a XIII ad XIX saeculum (auf Italienisch)<\/a><\/td>\n<td>290<\/td>\n<\/tr>\n<tr>\n<td>390<\/td>\n<td><a href=\"https:\/\/search.ancestry.de\/search\/db.aspx?dbid=31581\" target=\"_blank\">Fortlaufende Personal-Chronik des freifr\u00e4nkischen, sp\u00e4ter reichsritterlichen Geschlechts Eberstein vom Eberstein auf der Rh\u00f6n<\/a><\/td>\n<td>70<\/td>\n<\/tr>\n<tr>\n<td>391<\/td>\n<td><a href=\"https:\/\/search.ancestry.de\/search\/db.aspx?dbid=32314\" target=\"_blank\">Fran\u00e7ois Dujon, nach seinem Leben und Wirken, vornehmlich unter den wallonischen Fl\u00fcchtlingsgemeinden des 16. Jahrhunderts<\/a><\/td>\n<td>21<\/td>\n<\/tr>\n<tr>\n<td>392<\/td>\n<td><a href=\"https:\/\/search.ancestry.de\/search\/db.aspx?dbid=61311\" target=\"_blank\">Frankenberg, Deutschland, Familienb\u00f6gen, 1717-1938<\/a><\/td>\n<td>78778<\/td>\n<\/tr>\n<tr>\n<td>393<\/td>\n<td><a href=\"https:\/\/search.ancestry.de\/search\/db.aspx?dbid=31666\" target=\"_blank\">Frankfurter B\u00fcrgerbuch : Geschichtliche Mittheilungen \u00fcber 600 bekannte Frankfurter Familien aus der Zeit vor 1806<\/a><\/td>\n<td>108<\/td>\n<\/tr>\n<tr>\n<td>394<\/td>\n<td><a href=\"https:\/\/search.ancestry.de\/search\/db.aspx?dbid=31720\" target=\"_blank\">Friedrich der Gro\u00dfe als Kolonisator<\/a><\/td>\n<td>65<\/td>\n<\/tr>\n<tr>\n<td>395<\/td>\n<td><a href=\"https:\/\/search.ancestry.de\/search\/db.aspx?dbid=32127\" target=\"_blank\">Friedrich Wilhelm J\u00e4hns Und Max J\u00e4hns<\/a><\/td>\n<td>418<\/td>\n<\/tr>\n<tr>\n<td>396<\/td>\n<td><a href=\"https:\/\/search.ancestry.de\/search\/db.aspx?dbid=32101\" target=\"_blank\">F\u00fchrung der Geburts-, Ehe- und Sterbe-Matrikeln f\u00fcr die Israeliten in Galizien<\/a><\/td>\n<td>62<\/td>\n<\/tr>\n<tr>\n<td>397<\/td>\n<td><a href=\"https:\/\/search.ancestry.de\/search\/db.aspx?dbid=32037\" target=\"_blank\">F\u00fcnfhundert und sechzig Jahre aus der Geschichte der Familie Escher vom Glas, 1320-1885. Band 1<\/a><\/td>\n<td>102<\/td>\n<\/tr>\n<tr>\n<td>398<\/td>\n<td><a href=\"https:\/\/search.ancestry.de\/search\/db.aspx?dbid=32036\" target=\"_blank\">F\u00fcnfhundert und sechzig Jahre aus der Geschichte der Familie Escher vom Glas, 1320-1885. Band 2<\/a><\/td>\n<td>33<\/td>\n<\/tr>\n<tr>\n<td>399<\/td>\n<td><a href=\"https:\/\/search.ancestry.de\/search\/db.aspx?dbid=31864\" target=\"_blank\">F\u00fcrstenbuch zur F\u00fcrsentafel der Europ\u00e4ischen Staatengeschichte, mit sechzig tabellen Pt. 2<\/a><\/td>\n<td>522<\/td>\n<\/tr>\n<tr>\n<td>400<\/td>\n<td><a href=\"https:\/\/search.ancestry.de\/search\/db.aspx?dbid=31862\" target=\"_blank\">F\u00fcrstenbuch zur F\u00fcrsentafel der Europ\u00e4ischen Staatengeschichte, mit sechzig tabellen Pt. 3<\/a><\/td>\n<td>47<\/td>\n<\/tr>\n<tr>\n<td>401<\/td>\n<td><a href=\"https:\/\/search.ancestry.de\/search\/db.aspx?dbid=31904\" target=\"_blank\">Gammeter family of Biglen, Bern, Switzerland (auf Englisch)<\/a><\/td>\n<td>12<\/td>\n<\/tr>\n<tr>\n<td>402<\/td>\n<td><a href=\"https:\/\/search.ancestry.de\/search\/db.aspx?dbid=31740\" target=\"_blank\">Gedenkbl\u00e4tter von Georgswalde : zusammengestellt und der Gemeinde Georgswalde gewidmet<\/a><\/td>\n<td>51<\/td>\n<\/tr>\n<tr>\n<td>403<\/td>\n<td><a href=\"https:\/\/search.ancestry.de\/search\/db.aspx?dbid=33540\" target=\"_blank\">Gem\u00e4lde des Wiener Kongresses 1814-1815, erster Band<\/a><\/td>\n<td>571<\/td>\n<\/tr>\n<tr>\n<td>404<\/td>\n<td><a href=\"https:\/\/search.ancestry.de\/search\/db.aspx?dbid=33539\" target=\"_blank\">Gem\u00e4lde des Wiener Kongresses 1814-1815, zweiter Band<\/a><\/td>\n<td>564<\/td>\n<\/tr>\n<tr>\n<td>405<\/td>\n<td><a href=\"https:\/\/search.ancestry.de\/search\/db.aspx?dbid=31798\" target=\"_blank\">Genealogie der Familie Amberger<\/a><\/td>\n<td>48<\/td>\n<\/tr>\n<tr>\n<td>406<\/td>\n<td><a href=\"https:\/\/search.ancestry.de\/search\/db.aspx?dbid=33909\" target=\"_blank\">Genealogie der Familie Finsler<\/a><\/td>\n<td>15<\/td>\n<\/tr>\n<tr>\n<td>407<\/td>\n<td><a href=\"https:\/\/search.ancestry.de\/search\/db.aspx?dbid=31653\" target=\"_blank\">Genealogie der Familie von Sydow<\/a><\/td>\n<td>74<\/td>\n<\/tr>\n<tr>\n<td>408<\/td>\n<td><a href=\"https:\/\/search.ancestry.de\/search\/db.aspx?dbid=25134\" target=\"_blank\">Genealogie der Ritter von Henzler Edlen von Lehnensburg : nebst Stammtafeln gleichnamiger und verwandter Geschlechter<\/a><\/td>\n<td>130<\/td>\n<\/tr>\n<tr>\n<td>409<\/td>\n<td><a href=\"https:\/\/search.ancestry.de\/search\/db.aspx?dbid=31981\" target=\"_blank\">Genealogie der Ritter von Henzler Edlen von Lehnensburg, nebst Stamm- tafeln gleichnamiger und verwandter Geschlechter<\/a><\/td>\n<td>80<\/td>\n<\/tr>\n<tr>\n<td>410<\/td>\n<td><a href=\"https:\/\/search.ancestry.de\/search\/db.aspx?dbid=31879\" target=\"_blank\">Genealogie des Erlauchten Stammhauses Wittelsbach : von dessen Wiedereinsetzung in das Herzogthum Bayern (11. Sept. 1180) bis herab auf unsere Tage<\/a><\/td>\n<td>120<\/td>\n<\/tr>\n<tr>\n<td>411<\/td>\n<td><a href=\"https:\/\/search.ancestry.de\/search\/db.aspx?dbid=31594\" target=\"_blank\">Genealogie des Hauses Sachsen<\/a><\/td>\n<td>120<\/td>\n<\/tr>\n<tr>\n<td>412<\/td>\n<td><a href=\"https:\/\/search.ancestry.de\/search\/db.aspx?dbid=31872\" target=\"_blank\">Genealogie und Heraldik b\u00fcrgerlicher Familien \u00d6sterreich-Ungarns<\/a><\/td>\n<td>198<\/td>\n<\/tr>\n<tr>\n<td>413<\/td>\n<td><a href=\"https:\/\/search.ancestry.de\/search\/db.aspx?dbid=31452\" target=\"_blank\">Genealogie und Heraldik b\u00fcrgerlicher Familien \u00d6sterreich-Ungarns Band 2<\/a><\/td>\n<td>263<\/td>\n<\/tr>\n<tr>\n<td>414<\/td>\n<td><a href=\"https:\/\/search.ancestry.de\/search\/db.aspx?dbid=32286\" target=\"_blank\">Genealogien und beziehungsweise Familienstiftungen pommerscher, besonders ritterschaftlicher Familien<\/a><\/td>\n<td>172<\/td>\n<\/tr>\n<tr>\n<td>415<\/td>\n<td><a href=\"https:\/\/search.ancestry.de\/search\/db.aspx?dbid=32135\" target=\"_blank\">Genealogische Geschichte des alten braunschweigischen uradeligen reichs- freien Geschlechts derer von Kalm<\/a><\/td>\n<td>102<\/td>\n<\/tr>\n<tr>\n<td>416<\/td>\n<td><a href=\"https:\/\/search.ancestry.de\/search\/db.aspx?dbid=32134\" target=\"_blank\">Genealogische Geschichte des Geschlechts von Jeetze<\/a><\/td>\n<td>80<\/td>\n<\/tr>\n<tr>\n<td>417<\/td>\n<td><a href=\"https:\/\/search.ancestry.de\/search\/db.aspx?dbid=31807\" target=\"_blank\">Genealogische Geschichte des uradeligen, reichsgr\u00e4flichen und reichs- f\u00fcrstlichen, standesherrlichen erlauchten Hauses Leiningen. Band 1<\/a><\/td>\n<td>203<\/td>\n<\/tr>\n<tr>\n<td>418<\/td>\n<td><a href=\"https:\/\/search.ancestry.de\/search\/db.aspx?dbid=31806\" target=\"_blank\">Genealogische Geschichte des uradeligen, reichsgr\u00e4flichen und reichs- f\u00fcrstlichen, standesherrlichen erlauchten Hauses Leiningen. Band 2<\/a><\/td>\n<td>231<\/td>\n<\/tr>\n<tr>\n<td>419<\/td>\n<td><a href=\"https:\/\/search.ancestry.de\/search\/db.aspx?dbid=31796\" target=\"_blank\">Genealogische Studien zur Geschichte des steirischen Uradels<\/a><\/td>\n<td>58<\/td>\n<\/tr>\n<tr>\n<td>420<\/td>\n<td><a href=\"https:\/\/search.ancestry.de\/search\/db.aspx?dbid=31955\" target=\"_blank\">Genealogische Tabellen : und die wechselseitigen verwandschaftlichen Beziehungen der Regenten- h\u00e4user: Babenberg, der P?emysliden, Piasten, Arpaden, der H\u00e4user Anjou, Luxenburg, Jagajlo, Wasa, Habsburg und Lothringen<\/a><\/td>\n<td>5<\/td>\n<\/tr>\n<tr>\n<td>421<\/td>\n<td><a href=\"https:\/\/search.ancestry.de\/search\/db.aspx?dbid=31847\" target=\"_blank\">Genealogische Tafeln zur Europ\u00e4ischen Staatengeschichte des neunzehnten Jahrhunderts<\/a><\/td>\n<td>94<\/td>\n<\/tr>\n<tr>\n<td>422<\/td>\n<td><a href=\"https:\/\/search.ancestry.de\/search\/db.aspx?dbid=31342\" target=\"_blank\">Genealogische und Biographische Notizen \u00fcber die seit der Reformation verstorbenen hamburgischen B\u00fcrgermeister<\/a><\/td>\n<td>172<\/td>\n<\/tr>\n<tr>\n<td>423<\/td>\n<td><a href=\"https:\/\/search.ancestry.de\/search\/db.aspx?dbid=31800\" target=\"_blank\">Genealogischen Taschenbuch der adeligen H\u00e4user \u00d6sterreichs 1. Jahrg. (1905)<\/a><\/td>\n<td>382<\/td>\n<\/tr>\n<tr>\n<td>424<\/td>\n<td><a href=\"https:\/\/search.ancestry.de\/search\/db.aspx?dbid=31799\" target=\"_blank\">Genealogischen Taschenbuch der adeligen H\u00e4user \u00d6sterreichs 2. Jahr. 1906-07<\/a><\/td>\n<td>372<\/td>\n<\/tr>\n<tr>\n<td>425<\/td>\n<td><a href=\"https:\/\/search.ancestry.de\/search\/db.aspx?dbid=31684\" target=\"_blank\">Genealogisches Jahrbuch des deutschen Adels 1844-1846<\/a><\/td>\n<td>786<\/td>\n<\/tr>\n<tr>\n<td>426<\/td>\n<td><a href=\"https:\/\/search.ancestry.de\/search\/db.aspx?dbid=31683\" target=\"_blank\">Genealogisches Jahrbuch des deutschen Adels 1847<\/a><\/td>\n<td>284<\/td>\n<\/tr>\n<tr>\n<td>427<\/td>\n<td><a href=\"https:\/\/search.ancestry.de\/search\/db.aspx?dbid=31682\" target=\"_blank\">Genealogisches Jahrbuch des deutschen Adels 1848<\/a><\/td>\n<td>283<\/td>\n<\/tr>\n<tr>\n<td>428<\/td>\n<td><a href=\"https:\/\/search.ancestry.de\/search\/db.aspx?dbid=31916\" target=\"_blank\">Genealogisches Staats-Handbuch Heft 1<\/a><\/td>\n<td>198<\/td>\n<\/tr>\n<tr>\n<td>429<\/td>\n<td><a href=\"https:\/\/search.ancestry.de\/search\/db.aspx?dbid=31919\" target=\"_blank\">Genealogisches Staats-Handbuch Heft 2<\/a><\/td>\n<td>215<\/td>\n<\/tr>\n<tr>\n<td>430<\/td>\n<td><a href=\"https:\/\/search.ancestry.de\/search\/db.aspx?dbid=32338\" target=\"_blank\">Genealogisch-historische Darstellung der Abstammung des verstorbenen Erb-Land-Marschalls Cord Jaspar Ferdinand von Moltzan auf Grubenhagen<\/a><\/td>\n<td>112<\/td>\n<\/tr>\n<tr>\n<td>431<\/td>\n<td><a href=\"https:\/\/search.ancestry.de\/search\/db.aspx?dbid=31610\" target=\"_blank\">Genealogisch-historisch-statistischer Almanach : 18. Jahrgang f\u00fcr das Jahr 1841<\/a><\/td>\n<td>603<\/td>\n<\/tr>\n<tr>\n<td>432<\/td>\n<td><a href=\"https:\/\/search.ancestry.de\/search\/db.aspx?dbid=32218\" target=\"_blank\">Genealogy of Margaretha Magdalena Elisabetha Dwenger and her husband Carl Friedrich Wilhelm Bauer of L\u00fcbeck, Germany (auf Englisch)<\/a><\/td>\n<td>17<\/td>\n<\/tr>\n<tr>\n<td>433<\/td>\n<td><a href=\"https:\/\/search.ancestry.de\/search\/db.aspx?dbid=31963\" target=\"_blank\">Genealogy of the Bodmer family of St\u00e4fa, Kt. Z\u00fcrich, Switzerland, abt. 1723-1893 (auf Englisch)<\/a><\/td>\n<td>6<\/td>\n<\/tr>\n<tr>\n<td>434<\/td>\n<td><a href=\"https:\/\/search.ancestry.de\/search\/db.aspx?dbid=32306\" target=\"_blank\">Genealogy of the Hostettler, Zahnd, G\u00f6tschmann and Weber families of Guggisberg, R\u00fcschegg and Wahlern, Bern, Switzerland. Volume 1<\/a><\/td>\n<td>174<\/td>\n<\/tr>\n<tr>\n<td>435<\/td>\n<td><a href=\"https:\/\/search.ancestry.de\/search\/db.aspx?dbid=32305\" target=\"_blank\">Genealogy of the Hostettler, Zahnd, G\u00f6tschmann and Weber families of Guggisberg, R\u00fcschegg and Wahlern, Bern, Switzerland. Volume 2<\/a><\/td>\n<td>104<\/td>\n<\/tr>\n<tr>\n<td>436<\/td>\n<td><a href=\"https:\/\/search.ancestry.de\/search\/db.aspx?dbid=32304\" target=\"_blank\">Genealogy of the Schulz family of Kreis Westernberg, Brandenburg, Prussia, Germany : the Bublitz and Neske families of Kreis Belgard Pommern, and the Haasch family of Kreis Regenwalde, Pommern, Germany. (auf Englisch)<\/a><\/td>\n<td>38<\/td>\n<\/tr>\n<tr>\n<td>437<\/td>\n<td><a href=\"https:\/\/search.ancestry.de\/search\/db.aspx?dbid=31596\" target=\"_blank\">Georg Behr, der R\u00f6misch Kaiserlichen Majest\u00e4t Obrister<\/a><\/td>\n<td>161<\/td>\n<\/tr>\n<tr>\n<td>438<\/td>\n<td><a href=\"https:\/\/search.ancestry.de\/search\/db.aspx?dbid=30247\" target=\"_blank\">German Leaders of Yesterday and To-day (auf Englisch)<\/a><\/td>\n<td>342<\/td>\n<\/tr>\n<tr>\n<td>439<\/td>\n<td><a href=\"https:\/\/search.ancestry.de\/search\/db.aspx?dbid=48469\" target=\"_blank\">The Germans of Colonial Georgia, 1733-1783 (auf Englisch)<\/a><\/td>\n<td>141<\/td>\n<\/tr>\n<tr>\n<td>440<\/td>\n<td><a href=\"https:\/\/search.ancestry.de\/search\/db.aspx?dbid=2184\" target=\"_blank\">Deutschland und \u00d6sterreich, Geschichten milit\u00e4rischer Einheiten, 1760-1933<\/a><\/td>\n<td>134887<\/td>\n<\/tr>\n<tr>\n<td>441<\/td>\n<td><a href=\"https:\/\/search.ancestry.de\/search\/db.aspx?dbid=60852\" target=\"_blank\">Deutschland und Polen, ungarisch-j\u00fcdische Frauen in Arbeitslagern, 1944 (auf Englisch)<\/a><\/td>\n<td>193<\/td>\n<\/tr>\n<tr>\n<td>442<\/td>\n<td><a href=\"https:\/\/search.ancestry.de\/search\/db.aspx?dbid=30327\" target=\"_blank\">Germany Her People and Their Story (auf Englisch)<\/a><\/td>\n<td>725<\/td>\n<\/tr>\n<tr>\n<td>443<\/td>\n<td><a href=\"https:\/\/search.ancestry.de\/search\/db.aspx?dbid=60771\" target=\"_blank\">Deutschland, Juden aus Baden 1940 (auf Englisch)<\/a><\/td>\n<td>730<\/td>\n<\/tr>\n<tr>\n<td>444<\/td>\n<td><a href=\"https:\/\/search.ancestry.de\/search\/db.aspx?dbid=6387\" target=\"_blank\">Deutschland, Baden-W\u00fcrttemberg-Listen (J\u00fcdische Gemeinschaftsregister Mannheim), 1941-1942 (auf Englisch)<\/a><\/td>\n<td>1993<\/td>\n<\/tr>\n<tr>\n<td>445<\/td>\n<td><a href=\"https:\/\/search.ancestry.de\/search\/db.aspx?dbid=6383\" target=\"_blank\">Deutschland, Gefangene von Bergen-Belsen, die in Farsleben vom Todeszug aus Bergen-Belsen befreit wurden, 13. April 1945 (auf Englisch)<\/a><\/td>\n<td>2018<\/td>\n<\/tr>\n<tr>\n<td>446<\/td>\n<td><a href=\"https:\/\/search.ancestry.de\/search\/db.aspx?dbid=6391\" target=\"_blank\">Deutschland, Breslau, Deportationen von Juden, 1941-1942 (auf Englisch)<\/a><\/td>\n<td>1845<\/td>\n<\/tr>\n<tr>\n<td>447<\/td>\n<td><a href=\"https:\/\/search.ancestry.de\/search\/db.aspx?dbid=6423\" target=\"_blank\">Deutschland, Reichsvereinigung der Juden, 1930-1944<\/a><\/td>\n<td>1662<\/td>\n<\/tr>\n<tr>\n<td>448<\/td>\n<td><a href=\"https:\/\/search.ancestry.de\/search\/db.aspx?dbid=6215\" target=\"_blank\">Deutschland, Str\u00e4flinge in Dachau, Besitz bei der Einlieferung, 1933-1945 (auf Englisch)<\/a><\/td>\n<td>2839<\/td>\n<\/tr>\n<tr>\n<td>449<\/td>\n<td><a href=\"https:\/\/search.ancestry.de\/search\/db.aspx?dbid=6399\" target=\"_blank\">Deutschland, Sterbef\u00e4lle in M\u00fchldorf, Nov 1944 &#8211; April 1945 (auf Englisch)<\/a><\/td>\n<td>1857<\/td>\n<\/tr>\n<tr>\n<td>450<\/td>\n<td><a href=\"https:\/\/search.ancestry.de\/search\/db.aspx?dbid=60842\" target=\"_blank\">Deutschland, \u00fcberlebende ungarische Juden in Buchenwald, 1945 (auf Englisch)<\/a><\/td>\n<td>707<\/td>\n<\/tr>\n<tr>\n<td>451<\/td>\n<td><a href=\"https:\/\/search.ancestry.de\/search\/db.aspx?dbid=6402\" target=\"_blank\">Deutschland, j\u00fcdische &#8218;Trainings&#8216;-Zentren<\/a><\/td>\n<td>1715<\/td>\n<\/tr>\n<tr>\n<td>452<\/td>\n<td><a href=\"https:\/\/search.ancestry.de\/search\/db.aspx?dbid=6218\" target=\"_blank\">Deutschland, Ankunft von Juden in Buchenwald, 22. Januar 1945 (auf Englisch)<\/a><\/td>\n<td>2746<\/td>\n<\/tr>\n<tr>\n<td>453<\/td>\n<td><a href=\"https:\/\/search.ancestry.de\/search\/db.aspx?dbid=1510\" target=\"_blank\">Deutschland: Juden in W\u00fcrzburg, 1900-1945 (auf Englisch)<\/a><\/td>\n<td>13026<\/td>\n<\/tr>\n<tr>\n<td>454<\/td>\n<td><a href=\"https:\/\/search.ancestry.de\/search\/db.aspx?dbid=1511\" target=\"_blank\">Deutschland: Listen j\u00fcdischer Familien aus f\u00fcnf St\u00e4dten in Norddeutschland (auf Englisch)<\/a><\/td>\n<td>1200<\/td>\n<\/tr>\n<tr>\n<td>455<\/td>\n<td><a href=\"https:\/\/search.ancestry.de\/search\/db.aspx?dbid=2199\" target=\"_blank\">Deutschland, milit\u00e4rische Wochen- und Verordnungsbl\u00e4tter, 1816-1942<\/a><\/td>\n<td>81236<\/td>\n<\/tr>\n<tr>\n<td>456<\/td>\n<td><a href=\"https:\/\/search.ancestry.de\/search\/db.aspx?dbid=60775\" target=\"_blank\">Deutschland, Reisep\u00e4sse von Juden, 1940-1941 (auf Englisch)<\/a><\/td>\n<td>500<\/td>\n<\/tr>\n<tr>\n<td>457<\/td>\n<td><a href=\"https:\/\/search.ancestry.de\/search\/db.aspx?dbid=5526\" target=\"_blank\">Deutschland, Ank\u00fcnfte in und Abreisen von Sachsenhausen, 1940-1941 (auf Englisch)<\/a><\/td>\n<td>4991<\/td>\n<\/tr>\n<tr>\n<td>458<\/td>\n<td><a href=\"https:\/\/search.ancestry.de\/search\/db.aspx?dbid=6599\" target=\"_blank\">Deutschland, Sterbef\u00e4lle in Sachsenhausen, 1938-1942<\/a><\/td>\n<td>1504<\/td>\n<\/tr>\n<tr>\n<td>459<\/td>\n<td><a href=\"https:\/\/search.ancestry.de\/search\/db.aspx?dbid=60776\" target=\"_blank\">Deutschland, tempor\u00e4re Reisep\u00e4sse f\u00fcr Juden, 1938-1941 (auf Englisch)<\/a><\/td>\n<td>489<\/td>\n<\/tr>\n<tr>\n<td>460<\/td>\n<td><a href=\"https:\/\/search.ancestry.de\/search\/db.aspx?dbid=5501\" target=\"_blank\">Deutschland, Frauen in Flossenb\u00fcrg-Zweiglagern (Hans Brenner-Buchlisten), 1944-1945 (auf Englisch)<\/a><\/td>\n<td>15842<\/td>\n<\/tr>\n<tr>\n<td>461<\/td>\n<td><a href=\"https:\/\/search.ancestry.de\/search\/db.aspx?dbid=31661\" target=\"_blank\">Germany&#8217;s Iron Chancellor (auf Englisch)<\/a><\/td>\n<td>255<\/td>\n<\/tr>\n<tr>\n<td>462<\/td>\n<td><a href=\"https:\/\/search.ancestry.de\/search\/db.aspx?dbid=31729\" target=\"_blank\">Gesamt-Inhaltsverzeichnis zum Neuen Archiv f\u00fcr S\u00e4chsische Geschichte und Altertumskunde (Band I &#8211; XXV) nebst seinen Vorg\u00e4ngern<\/a><\/td>\n<td>52<\/td>\n<\/tr>\n<tr>\n<td>463<\/td>\n<td><a href=\"https:\/\/search.ancestry.de\/search\/db.aspx?dbid=30250\" target=\"_blank\">Geschichte Bremerhavens<\/a><\/td>\n<td>653<\/td>\n<\/tr>\n<tr>\n<td>464<\/td>\n<td><a href=\"https:\/\/search.ancestry.de\/search\/db.aspx?dbid=32166\" target=\"_blank\">Geschichte der Babenberger und ihrer L\u00e4nder, 976-1246<\/a><\/td>\n<td>379<\/td>\n<\/tr>\n<tr>\n<td>465<\/td>\n<td><a href=\"https:\/\/search.ancestry.de\/search\/db.aspx?dbid=32165\" target=\"_blank\">Geschichte der Bock von W\u00fclfingen<\/a><\/td>\n<td>111<\/td>\n<\/tr>\n<tr>\n<td>466<\/td>\n<td><a href=\"https:\/\/search.ancestry.de\/search\/db.aspx?dbid=30313\" target=\"_blank\">Geschichte der Deutschen in England von den ersten Germanischen Ansiedlungen in Britannien bis zum Ende Des 18. Jahrhunderts<\/a><\/td>\n<td>498<\/td>\n<\/tr>\n<tr>\n<td>467<\/td>\n<td><a href=\"https:\/\/search.ancestry.de\/search\/db.aspx?dbid=31838\" target=\"_blank\">Geschichte der Deutschen Ordensburg und Herrschaft Busau<\/a><\/td>\n<td>109<\/td>\n<\/tr>\n<tr>\n<td>468<\/td>\n<td><a href=\"https:\/\/search.ancestry.de\/search\/db.aspx?dbid=23957\" target=\"_blank\">Geschichte der Familie Ackermann : aus G\u00f6dern im Altenburgischen Ostkreise, 1560-1912<\/a><\/td>\n<td>309<\/td>\n<\/tr>\n<tr>\n<td>469<\/td>\n<td><a href=\"https:\/\/search.ancestry.de\/search\/db.aspx?dbid=32156\" target=\"_blank\">Geschichte der Familie Baetcke<\/a><\/td>\n<td>324<\/td>\n<\/tr>\n<tr>\n<td>470<\/td>\n<td><a href=\"https:\/\/search.ancestry.de\/search\/db.aspx?dbid=31803\" target=\"_blank\">Geschichte der Familie Benoit von 1621 bis 1909<\/a><\/td>\n<td>210<\/td>\n<\/tr>\n<tr>\n<td>471<\/td>\n<td><a href=\"https:\/\/search.ancestry.de\/search\/db.aspx?dbid=32152\" target=\"_blank\">Geschichte der Familie Bredt<\/a><\/td>\n<td>66<\/td>\n<\/tr>\n<tr>\n<td>472<\/td>\n<td><a href=\"https:\/\/search.ancestry.de\/search\/db.aspx?dbid=32197\" target=\"_blank\">Geschichte der Familie B\u00fcrklin<\/a><\/td>\n<td>326<\/td>\n<\/tr>\n<tr>\n<td>473<\/td>\n<td><a href=\"https:\/\/search.ancestry.de\/search\/db.aspx?dbid=32299\" target=\"_blank\">Geschichte der Familie Eckart<\/a><\/td>\n<td>205<\/td>\n<\/tr>\n<tr>\n<td>474<\/td>\n<td><a href=\"https:\/\/search.ancestry.de\/search\/db.aspx?dbid=31603\" target=\"_blank\">Geschichte der Familie Gutbier : nach den Quellensammlungen von Ludwig Theodor Gutbier<\/a><\/td>\n<td>447<\/td>\n<\/tr>\n<tr>\n<td>475<\/td>\n<td><a href=\"https:\/\/search.ancestry.de\/search\/db.aspx?dbid=32114\" target=\"_blank\">Geschichte der Familie Hanneberg (Braunschweig)<\/a><\/td>\n<td>261<\/td>\n<\/tr>\n<tr>\n<td>476<\/td>\n<td><a href=\"https:\/\/search.ancestry.de\/search\/db.aspx?dbid=31833\" target=\"_blank\">Geschichte der Familie Heraeus : zur Feier des 250j\u00e4hrigen Besitzes der Einhorn-Apotheke zu Hanau am 4. Oktober 1910<\/a><\/td>\n<td>43<\/td>\n<\/tr>\n<tr>\n<td>477<\/td>\n<td><a href=\"https:\/\/search.ancestry.de\/search\/db.aspx?dbid=32125\" target=\"_blank\">Geschichte der Familie Heusch<\/a><\/td>\n<td>187<\/td>\n<\/tr>\n<tr>\n<td>478<\/td>\n<td><a href=\"https:\/\/search.ancestry.de\/search\/db.aspx?dbid=31848\" target=\"_blank\">Geschichte der Familie Joesten und deren Familienstiftungen : zugleich als Beitrag zur rheinischen Kulturgeschichte<\/a><\/td>\n<td>31<\/td>\n<\/tr>\n<tr>\n<td>479<\/td>\n<td><a href=\"https:\/\/search.ancestry.de\/search\/db.aspx?dbid=32061\" target=\"_blank\">Geschichte der Familie Junge<\/a><\/td>\n<td>45<\/td>\n<\/tr>\n<tr>\n<td>480<\/td>\n<td><a href=\"https:\/\/search.ancestry.de\/search\/db.aspx?dbid=32014\" target=\"_blank\">Geschichte der Familie Kreyenberg, 1609-1904<\/a><\/td>\n<td>147<\/td>\n<\/tr>\n<tr>\n<td>481<\/td>\n<td><a href=\"https:\/\/search.ancestry.de\/search\/db.aspx?dbid=32001\" target=\"_blank\">Geschichte der Familie Lorenz Meyer in Hamburg : im Auftrage des Herrn Senator Georg Christian Lorenz Meyer aus urkundlichen und authentischen Nachrichten<\/a><\/td>\n<td>48<\/td>\n<\/tr>\n<tr>\n<td>482<\/td>\n<td><a href=\"https:\/\/search.ancestry.de\/search\/db.aspx?dbid=31830\" target=\"_blank\">Geschichte der Familie Molineus<\/a><\/td>\n<td>13<\/td>\n<\/tr>\n<tr>\n<td>483<\/td>\n<td><a href=\"https:\/\/search.ancestry.de\/search\/db.aspx?dbid=32107\" target=\"_blank\">Geschichte der Familie Nath, 1571-1908<\/a><\/td>\n<td>38<\/td>\n<\/tr>\n<tr>\n<td>484<\/td>\n<td><a href=\"https:\/\/search.ancestry.de\/search\/db.aspx?dbid=31761\" target=\"_blank\">Geschichte der Familie Praetorius von Richthofen. Band 1<\/a><\/td>\n<td>337<\/td>\n<\/tr>\n<tr>\n<td>485<\/td>\n<td><a href=\"https:\/\/search.ancestry.de\/search\/db.aspx?dbid=31760\" target=\"_blank\">Geschichte der Familie Praetorius von Richthofen. Band 2<\/a><\/td>\n<td>114<\/td>\n<\/tr>\n<tr>\n<td>486<\/td>\n<td><a href=\"https:\/\/search.ancestry.de\/search\/db.aspx?dbid=31759\" target=\"_blank\">Geschichte der Familie Praetorius von Richthofen. Band 3<\/a><\/td>\n<td>113<\/td>\n<\/tr>\n<tr>\n<td>487<\/td>\n<td><a href=\"https:\/\/search.ancestry.de\/search\/db.aspx?dbid=31758\" target=\"_blank\">Geschichte der Familie Praetorius von Richthofen. Band 4<\/a><\/td>\n<td>337<\/td>\n<\/tr>\n<tr>\n<td>488<\/td>\n<td><a href=\"https:\/\/search.ancestry.de\/search\/db.aspx?dbid=29584\" target=\"_blank\">Geschichte der Familie Quistorp : Mittlere Hauptlinie seit 1718, abgeschlossen am 8. M\u00e4rz 1882<\/a><\/td>\n<td>451<\/td>\n<\/tr>\n<tr>\n<td>489<\/td>\n<td><a href=\"https:\/\/search.ancestry.de\/search\/db.aspx?dbid=32261\" target=\"_blank\">Geschichte der Familie Ranst<\/a><\/td>\n<td>230<\/td>\n<\/tr>\n<tr>\n<td>490<\/td>\n<td><a href=\"https:\/\/search.ancestry.de\/search\/db.aspx?dbid=31809\" target=\"_blank\">Geschichte der Familie Reclam<\/a><\/td>\n<td>41<\/td>\n<\/tr>\n<tr>\n<td>491<\/td>\n<td><a href=\"https:\/\/search.ancestry.de\/search\/db.aspx?dbid=32065\" target=\"_blank\">Geschichte der Familie Rordorf<\/a><\/td>\n<td>45<\/td>\n<\/tr>\n<tr>\n<td>492<\/td>\n<td><a href=\"https:\/\/search.ancestry.de\/search\/db.aspx?dbid=31959\" target=\"_blank\">Geschichte der Familie Schenck<\/a><\/td>\n<td>72<\/td>\n<\/tr>\n<tr>\n<td>493<\/td>\n<td><a href=\"https:\/\/search.ancestry.de\/search\/db.aspx?dbid=29046\" target=\"_blank\">Geschichte der Familie Schenck von Nydeggen : insbesondere des Kriegsobristen Martin Schenk von Nydeggen<\/a><\/td>\n<td>341<\/td>\n<\/tr>\n<tr>\n<td>494<\/td>\n<td><a href=\"https:\/\/search.ancestry.de\/search\/db.aspx?dbid=32144\" target=\"_blank\">Geschichte der Familie Schoeller<\/a><\/td>\n<td>226<\/td>\n<\/tr>\n<tr>\n<td>495<\/td>\n<td><a href=\"https:\/\/search.ancestry.de\/search\/db.aspx?dbid=31818\" target=\"_blank\">Geschichte der Familie Stockar von Stadelhofen<\/a><\/td>\n<td>28<\/td>\n<\/tr>\n<tr>\n<td>496<\/td>\n<td><a href=\"https:\/\/search.ancestry.de\/search\/db.aspx?dbid=32044\" target=\"_blank\">Geschichte der Familie Virmond von ihrem ersten bekannten Auftreten in der Rheinpfalz : und in der Eifel bis auf den heutigen Tag<\/a><\/td>\n<td>68<\/td>\n<\/tr>\n<tr>\n<td>497<\/td>\n<td><a href=\"https:\/\/search.ancestry.de\/search\/db.aspx?dbid=31836\" target=\"_blank\">Geschichte der Familie von Dobeneck<\/a><\/td>\n<td>311<\/td>\n<\/tr>\n<tr>\n<td>498<\/td>\n<td><a href=\"https:\/\/search.ancestry.de\/search\/db.aspx?dbid=32103\" target=\"_blank\">Geschichte der Familie von Gumppenberg, von Ludwig Albert, Freiherrn von Gumppenberg<\/a><\/td>\n<td>342<\/td>\n<\/tr>\n<tr>\n<td>499<\/td>\n<td><a href=\"https:\/\/search.ancestry.de\/search\/db.aspx?dbid=32133\" target=\"_blank\">Geschichte der Familie von Holleben<\/a><\/td>\n<td>115<\/td>\n<\/tr>\n<tr>\n<td>500<\/td>\n<td><a href=\"https:\/\/search.ancestry.de\/search\/db.aspx?dbid=31591\" target=\"_blank\">Geschichte der Familie von Kamptz : f\u00fcr die Familie<\/a><\/td>\n<td>114<\/td>\n<\/tr>\n<tr>\n<td>501<\/td>\n<td><a href=\"https:\/\/search.ancestry.de\/search\/db.aspx?dbid=32235\" target=\"_blank\">Geschichte der Familie von Lauter<\/a><\/td>\n<td>10<\/td>\n<\/tr>\n<tr>\n<td>502<\/td>\n<td><a href=\"https:\/\/search.ancestry.de\/search\/db.aspx?dbid=32054\" target=\"_blank\">Geschichte der Familie von Witzleben : nach archivarischen Quellen<\/a><\/td>\n<td>411<\/td>\n<\/tr>\n<tr>\n<td>503<\/td>\n<td><a href=\"https:\/\/search.ancestry.de\/search\/db.aspx?dbid=32050\" target=\"_blank\">Geschichte der Familie von Wrangel : vom Jahre Zw\u00f6lfhundertf\u00fcnfzig bis auf die Gegenwart. Band 1<\/a><\/td>\n<td>276<\/td>\n<\/tr>\n<tr>\n<td>504<\/td>\n<td><a href=\"https:\/\/search.ancestry.de\/search\/db.aspx?dbid=32049\" target=\"_blank\">Geschichte der Familie von Wrangel : vom Jahre Zw\u00f6lfhundertf\u00fcnfzig bis auf die Gegenwart. Band 2<\/a><\/td>\n<td>258<\/td>\n<\/tr>\n<tr>\n<td>505<\/td>\n<td><a href=\"https:\/\/search.ancestry.de\/search\/db.aspx?dbid=32048\" target=\"_blank\">Geschichte der Familie von Wrangel : vom Jahre Zw\u00f6lfhundertf\u00fcnfzig bis auf die Gegenwart. Band 3<\/a><\/td>\n<td>55<\/td>\n<\/tr>\n<tr>\n<td>506<\/td>\n<td><a href=\"https:\/\/search.ancestry.de\/search\/db.aspx?dbid=32046\" target=\"_blank\">Geschichte der Familie von Zepelin : unter Mitwirkung von Mitgliedern der Familie<\/a><\/td>\n<td>290<\/td>\n<\/tr>\n<tr>\n<td>507<\/td>\n<td><a href=\"https:\/\/search.ancestry.de\/search\/db.aspx?dbid=32328\" target=\"_blank\">Geschichte der franz\u00f6sisch-deutsch-reformirten Gemeinde Stuttgart<\/a><\/td>\n<td>22<\/td>\n<\/tr>\n<tr>\n<td>508<\/td>\n<td><a href=\"https:\/\/search.ancestry.de\/search\/db.aspx?dbid=32325\" target=\"_blank\">Geschichte der Franz\u00f6sisch-Deutsch-Reformirten Gemeinde zu B\u00fctzow in Mecklenburg-Schwerin<\/a><\/td>\n<td>20<\/td>\n<\/tr>\n<tr>\n<td>509<\/td>\n<td><a href=\"https:\/\/search.ancestry.de\/search\/db.aspx?dbid=32345\" target=\"_blank\">Geschichte der franz\u00f6sischen Colonie von Halberstadt<\/a><\/td>\n<td>14<\/td>\n<\/tr>\n<tr>\n<td>510<\/td>\n<td><a href=\"https:\/\/search.ancestry.de\/search\/db.aspx?dbid=31644\" target=\"_blank\">Geschichte der franz\u00f6sischen Colonie von Magdeburg Bd.1-2<\/a><\/td>\n<td>662<\/td>\n<\/tr>\n<tr>\n<td>511<\/td>\n<td><a href=\"https:\/\/search.ancestry.de\/search\/db.aspx?dbid=31643\" target=\"_blank\">Geschichte der franz\u00f6sischen Colonie von Magdeburg Bd.3, Abt. 1A-1B<\/a><\/td>\n<td>913<\/td>\n<\/tr>\n<tr>\n<td>512<\/td>\n<td><a href=\"https:\/\/search.ancestry.de\/search\/db.aspx?dbid=31642\" target=\"_blank\">Geschichte der franz\u00f6sischen Colonie von Magdeburg Bd3., Abt. 1C, Abt.2<\/a><\/td>\n<td>884<\/td>\n<\/tr>\n<tr>\n<td>513<\/td>\n<td><a href=\"https:\/\/search.ancestry.de\/search\/db.aspx?dbid=31618\" target=\"_blank\">Geschichte der Franz\u00f6sischen Kolonie in Brandenburg-Preu\u00dfen, unter besonderer Ber\u00fccksichtigung der Berliner Gemeinde<\/a><\/td>\n<td>199<\/td>\n<\/tr>\n<tr>\n<td>514<\/td>\n<td><a href=\"https:\/\/search.ancestry.de\/search\/db.aspx?dbid=32324\" target=\"_blank\">Geschichte der Franz\u00f6sisch-Reformirten Gemeinde zu Zweibr\u00fccken<\/a><\/td>\n<td>27<\/td>\n<\/tr>\n<tr>\n<td>515<\/td>\n<td><a href=\"https:\/\/search.ancestry.de\/search\/db.aspx?dbid=31821\" target=\"_blank\">Geschichte der freien Reichsherrschaft Schauen, eines der allerkleinsten Gebiete im alten deutschen Reich<\/a><\/td>\n<td>147<\/td>\n<\/tr>\n<tr>\n<td>516<\/td>\n<td><a href=\"https:\/\/search.ancestry.de\/search\/db.aspx?dbid=32117\" target=\"_blank\">Geschichte der freien Stadt Frankfurt am Main : von ihrem Anfang bis auf die neuesten Zeiten<\/a><\/td>\n<td>197<\/td>\n<\/tr>\n<tr>\n<td>517<\/td>\n<td><a href=\"https:\/\/search.ancestry.de\/search\/db.aspx?dbid=31619\" target=\"_blank\">Geschichte der Freiherren von Eberstein und ihrer Besitzungen<\/a><\/td>\n<td>656<\/td>\n<\/tr>\n<tr>\n<td>518<\/td>\n<td><a href=\"https:\/\/search.ancestry.de\/search\/db.aspx?dbid=32032\" target=\"_blank\">Geschichte der Grafen und Herren zu Castell : von ihren ersten Auftreten bis zum Beginne der neuen Zeit, 1058-1528<\/a><\/td>\n<td>162<\/td>\n<\/tr>\n<tr>\n<td>519<\/td>\n<td><a href=\"https:\/\/search.ancestry.de\/search\/db.aspx?dbid=32059\" target=\"_blank\">Geschichte der Grafen von Wertheim : von den \u00e4ltesten Zeiten bis zu ihren Erl\u00f6schen im Mannsstamme im Jahre 1556<\/a><\/td>\n<td>447<\/td>\n<\/tr>\n<tr>\n<td>520<\/td>\n<td><a href=\"https:\/\/search.ancestry.de\/search\/db.aspx?dbid=32145\" target=\"_blank\">Geschichte der Herren von Rhoeden aus dem Hause Runow und Winningen<\/a><\/td>\n<td>58<\/td>\n<\/tr>\n<tr>\n<td>521<\/td>\n<td><a href=\"https:\/\/search.ancestry.de\/search\/db.aspx?dbid=32094\" target=\"_blank\">Geschichte der holsteinischen Elbmarschen Bd. 1. Index.<\/a><\/td>\n<td>132<\/td>\n<\/tr>\n<tr>\n<td>522<\/td>\n<td><a href=\"https:\/\/search.ancestry.de\/search\/db.aspx?dbid=32321\" target=\"_blank\">Geschichte der Hugenotten von Metz<\/a><\/td>\n<td>37<\/td>\n<\/tr>\n<tr>\n<td>523<\/td>\n<td><a href=\"https:\/\/search.ancestry.de\/search\/db.aspx?dbid=32343\" target=\"_blank\">Geschichte der hugenottischen Gemeinde von Celle<\/a><\/td>\n<td>31<\/td>\n<\/tr>\n<tr>\n<td>524<\/td>\n<td><a href=\"https:\/\/search.ancestry.de\/search\/db.aspx?dbid=31824\" target=\"_blank\">Geschichte der H\u00fcrlimann<\/a><\/td>\n<td>92<\/td>\n<\/tr>\n<tr>\n<td>525<\/td>\n<td><a href=\"https:\/\/search.ancestry.de\/search\/db.aspx?dbid=31977\" target=\"_blank\">Geschichte der in der preussischen Provinz Sachsen : vereinigten Gebiete<\/a><\/td>\n<td>283<\/td>\n<\/tr>\n<tr>\n<td>526<\/td>\n<td><a href=\"https:\/\/search.ancestry.de\/search\/db.aspx?dbid=31622\" target=\"_blank\">Geschichte der Juden im ehemaligen F\u00fcrstbistum Bamberg<\/a><\/td>\n<td>178<\/td>\n<\/tr>\n<tr>\n<td>527<\/td>\n<td><a href=\"https:\/\/search.ancestry.de\/search\/db.aspx?dbid=31925\" target=\"_blank\">Geschichte der Juden in Riga : bis zur Begr\u00fcndung der Rigischen Hebr\u00e4ergemeinde im J. 1842<\/a><\/td>\n<td>86<\/td>\n<\/tr>\n<tr>\n<td>528<\/td>\n<td><a href=\"https:\/\/search.ancestry.de\/search\/db.aspx?dbid=31921\" target=\"_blank\">Geschichte der K\u00f6lnischen, J\u00fclichschen und Bergischen Geschlechter<\/a><\/td>\n<td>386<\/td>\n<\/tr>\n<tr>\n<td>529<\/td>\n<td><a href=\"https:\/\/search.ancestry.de\/search\/db.aspx?dbid=32126\" target=\"_blank\">Geschichte der K\u00f6niglich Deutschen Legion<\/a><\/td>\n<td>258<\/td>\n<\/tr>\n<tr>\n<td>530<\/td>\n<td><a href=\"https:\/\/search.ancestry.de\/search\/db.aspx?dbid=31878\" target=\"_blank\">Geschichte der Mennoniten-Gemeinde zu Hamburg und Altona : Zweite Halfte, Die zweiten anderthalb Jahrhunderte<\/a><\/td>\n<td>48<\/td>\n<\/tr>\n<tr>\n<td>531<\/td>\n<td><a href=\"https:\/\/search.ancestry.de\/search\/db.aspx?dbid=32028\" target=\"_blank\">Geschichte der Moser von Filseck<\/a><\/td>\n<td>145<\/td>\n<\/tr>\n<tr>\n<td>532<\/td>\n<td><a href=\"https:\/\/search.ancestry.de\/search\/db.aspx?dbid=30248\" target=\"_blank\">Geschichte der Provinz Posen<\/a><\/td>\n<td>380<\/td>\n<\/tr>\n<tr>\n<td>533<\/td>\n<td><a href=\"https:\/\/search.ancestry.de\/search\/db.aspx?dbid=32295\" target=\"_blank\">Geschichte der reformirten Gemeinde Cannstatt, W\u00fcrttemberg<\/a><\/td>\n<td>32<\/td>\n<\/tr>\n<tr>\n<td>534<\/td>\n<td><a href=\"https:\/\/search.ancestry.de\/search\/db.aspx?dbid=32155\" target=\"_blank\">Geschichte der Reichsfreiherren von Ehingen, bei Rottenburg a\/N. : ein Beitrag zur Geschichte Schwabens und seines Adels<\/a><\/td>\n<td>87<\/td>\n<\/tr>\n<tr>\n<td>535<\/td>\n<td><a href=\"https:\/\/search.ancestry.de\/search\/db.aspx?dbid=32175\" target=\"_blank\">Geschichte der reichsfreiherrlichen Familie von Friesen<\/a><\/td>\n<td>415<\/td>\n<\/tr>\n<tr>\n<td>536<\/td>\n<td><a href=\"https:\/\/search.ancestry.de\/search\/db.aspx?dbid=32301\" target=\"_blank\">Geschichte der Republik der drei B\u00fcnde, Graub\u00fcnden im achtzehnten Jahrhundert<\/a><\/td>\n<td>95<\/td>\n<\/tr>\n<tr>\n<td>537<\/td>\n<td><a href=\"https:\/\/search.ancestry.de\/search\/db.aspx?dbid=31995\" target=\"_blank\">Geschichte der Stadt Arnstadt 704-1904<\/a><\/td>\n<td>124<\/td>\n<\/tr>\n<tr>\n<td>538<\/td>\n<td><a href=\"https:\/\/search.ancestry.de\/search\/db.aspx?dbid=31609\" target=\"_blank\">Geschichte der Stadt Bautzen<\/a><\/td>\n<td>480<\/td>\n<\/tr>\n<tr>\n<td>539<\/td>\n<td><a href=\"https:\/\/search.ancestry.de\/search\/db.aspx?dbid=31777\" target=\"_blank\">Geschichte der Stadt Br\u00fcnn, erster Band bis 1411<\/a><\/td>\n<td>253<\/td>\n<\/tr>\n<tr>\n<td>540<\/td>\n<td><a href=\"https:\/\/search.ancestry.de\/search\/db.aspx?dbid=32143\" target=\"_blank\">Geschichte der Stadt Calbe an der Saale<\/a><\/td>\n<td>171<\/td>\n<\/tr>\n<tr>\n<td>541<\/td>\n<td><a href=\"https:\/\/search.ancestry.de\/search\/db.aspx?dbid=31843\" target=\"_blank\">Geschichte der Stadt K\u00f6ln<\/a><\/td>\n<td>244<\/td>\n<\/tr>\n<tr>\n<td>542<\/td>\n<td><a href=\"https:\/\/search.ancestry.de\/search\/db.aspx?dbid=32102\" target=\"_blank\">Geschichte der Stadt Leipzig. Bilder und Studien. Erster Band<\/a><\/td>\n<td>284<\/td>\n<\/tr>\n<tr>\n<td>543<\/td>\n<td><a href=\"https:\/\/search.ancestry.de\/search\/db.aspx?dbid=31926\" target=\"_blank\">Geschichte der Stadt Magdeburg<\/a><\/td>\n<td>345<\/td>\n<\/tr>\n<tr>\n<td>544<\/td>\n<td><a href=\"https:\/\/search.ancestry.de\/search\/db.aspx?dbid=31638\" target=\"_blank\">Geschichte der Stadt Magdeburg von ihrem Ursprung bis auf die Gegenwart<\/a><\/td>\n<td>180<\/td>\n<\/tr>\n<tr>\n<td>545<\/td>\n<td><a href=\"https:\/\/search.ancestry.de\/search\/db.aspx?dbid=30257\" target=\"_blank\">Geschichte der Stadt Mainz, Vierter Band. Enthaltend: Die Geschichte der Gro\u00dfherzoglichen Hessischen Rheinprovinz. Zweite Abteilung<\/a><\/td>\n<td>476<\/td>\n<\/tr>\n<tr>\n<td>546<\/td>\n<td><a href=\"https:\/\/search.ancestry.de\/search\/db.aspx?dbid=31890\" target=\"_blank\">Geschichte der Stadt Melsungen bis zur Gegenwart<\/a><\/td>\n<td>176<\/td>\n<\/tr>\n<tr>\n<td>547<\/td>\n<td><a href=\"https:\/\/search.ancestry.de\/search\/db.aspx?dbid=31815\" target=\"_blank\">Geschichte der Stadt N\u00fcrnberg<\/a><\/td>\n<td>200<\/td>\n<\/tr>\n<tr>\n<td>548<\/td>\n<td><a href=\"https:\/\/search.ancestry.de\/search\/db.aspx?dbid=30258\" target=\"_blank\">Geschichte der Stadt Pforzheim<\/a><\/td>\n<td>663<\/td>\n<\/tr>\n<tr>\n<td>549<\/td>\n<td><a href=\"https:\/\/search.ancestry.de\/search\/db.aspx?dbid=31941\" target=\"_blank\">Geschichte der Stadt Stolp. Erster Teil bis zur Mitte des 16. Jahrhunderts<\/a><\/td>\n<td>80<\/td>\n<\/tr>\n<tr>\n<td>550<\/td>\n<td><a href=\"https:\/\/search.ancestry.de\/search\/db.aspx?dbid=32254\" target=\"_blank\">Geschichte der T\u00fcbinger Familie Camerer 1503-1903<\/a><\/td>\n<td>62<\/td>\n<\/tr>\n<tr>\n<td>551<\/td>\n<td><a href=\"https:\/\/search.ancestry.de\/search\/db.aspx?dbid=32308\" target=\"_blank\">Geschichte der waldensischen Kolonie Waldensberg<\/a><\/td>\n<td>64<\/td>\n<\/tr>\n<tr>\n<td>552<\/td>\n<td><a href=\"https:\/\/search.ancestry.de\/search\/db.aspx?dbid=32294\" target=\"_blank\">Geschichte der wallonisch- und deutsch-reformirten Gemeinde zu Wetzlar<\/a><\/td>\n<td>24<\/td>\n<\/tr>\n<tr>\n<td>553<\/td>\n<td><a href=\"https:\/\/search.ancestry.de\/search\/db.aspx?dbid=32360\" target=\"_blank\">Geschichte der wallonisch- und franz\u00f6sisch-reformirten Gemeinde zu Wesel<\/a><\/td>\n<td>39<\/td>\n<\/tr>\n<tr>\n<td>554<\/td>\n<td><a href=\"https:\/\/search.ancestry.de\/search\/db.aspx?dbid=32352\" target=\"_blank\">Geschichte der wallonisch-reformierten Kirchengemeinde zu Magdeburg<\/a><\/td>\n<td>8<\/td>\n<\/tr>\n<tr>\n<td>555<\/td>\n<td><a href=\"https:\/\/search.ancestry.de\/search\/db.aspx?dbid=32347\" target=\"_blank\">Geschichte der wallonisch-reformirten Gemeinde zu Annweiler<\/a><\/td>\n<td>7<\/td>\n<\/tr>\n<tr>\n<td>556<\/td>\n<td><a href=\"https:\/\/search.ancestry.de\/search\/db.aspx?dbid=32334\" target=\"_blank\">Geschichte der wallonisch-reformirten Gemeinde zu Hanau a. M.<\/a><\/td>\n<td>24<\/td>\n<\/tr>\n<tr>\n<td>557<\/td>\n<td><a href=\"https:\/\/search.ancestry.de\/search\/db.aspx?dbid=31937\" target=\"_blank\">Geschichte der Zunftgesellschaft zu Fischern von und zu Erlach seit deren Entstehung bis auf die neueste Zeit : ein Beitrag zur Geschichte der dortigen B\u00fcrgerschaft und f\u00fcr theilungs lustige Zunftbr\u00fcder:&#8216;<\/a><\/td>\n<td>38<\/td>\n<\/tr>\n<tr>\n<td>558<\/td>\n<td><a href=\"https:\/\/search.ancestry.de\/search\/db.aspx?dbid=32147\" target=\"_blank\">Geschichte der zur althessischen Ritterschaft geh\u00f6renden Familie von Baumbach<\/a><\/td>\n<td>54<\/td>\n<\/tr>\n<tr>\n<td>559<\/td>\n<td><a href=\"https:\/\/search.ancestry.de\/search\/db.aspx?dbid=26419\" target=\"_blank\">Geschichte der zur Familienstiftung Johann Peter Werner, weiland zu Coblenz : vereinigten Familien Werner und von Werner, 1677<\/a><\/td>\n<td>424<\/td>\n<\/tr>\n<tr>\n<td>560<\/td>\n<td><a href=\"https:\/\/search.ancestry.de\/search\/db.aspx?dbid=31606\" target=\"_blank\">Geschichte des 1. Niederschlesischen Infanterie-Regiments Nr. 46 von Errichtung des Regiments bis zum Jahre 1882.<\/a><\/td>\n<td>246<\/td>\n<\/tr>\n<tr>\n<td>561<\/td>\n<td><a href=\"https:\/\/search.ancestry.de\/search\/db.aspx?dbid=32112\" target=\"_blank\">Geschichte des 4. Oberschlesischen Infanterie-Regiments Nr. 63<\/a><\/td>\n<td>101<\/td>\n<\/tr>\n<tr>\n<td>562<\/td>\n<td><a href=\"https:\/\/search.ancestry.de\/search\/db.aspx?dbid=31598\" target=\"_blank\">Geschichte des altadeligen Geschlechts von Wickede<\/a><\/td>\n<td>205<\/td>\n<\/tr>\n<tr>\n<td>563<\/td>\n<td><a href=\"https:\/\/search.ancestry.de\/search\/db.aspx?dbid=31867\" target=\"_blank\">Geschichte des alten brabantischen Geschlechtes van den Velde oder von den Velden. Anhang<\/a><\/td>\n<td>52<\/td>\n<\/tr>\n<tr>\n<td>564<\/td>\n<td><a href=\"https:\/\/search.ancestry.de\/search\/db.aspx?dbid=31869\" target=\"_blank\">Geschichte des alten brabantischen Geschlechtes van den Velde oder von den Velden. Band 1<\/a><\/td>\n<td>33<\/td>\n<\/tr>\n<tr>\n<td>565<\/td>\n<td><a href=\"https:\/\/search.ancestry.de\/search\/db.aspx?dbid=31868\" target=\"_blank\">Geschichte des alten brabantischen Geschlechtes van den Velde oder von den Velden. Band 2<\/a><\/td>\n<td>37<\/td>\n<\/tr>\n<tr>\n<td>566<\/td>\n<td><a href=\"https:\/\/search.ancestry.de\/search\/db.aspx?dbid=32303\" target=\"_blank\">Geschichte des Amtes und des Schlosses Aarwangen<\/a><\/td>\n<td>242<\/td>\n<\/tr>\n<tr>\n<td>567<\/td>\n<td><a href=\"https:\/\/search.ancestry.de\/search\/db.aspx?dbid=31708\" target=\"_blank\">Geschichte des Bernervolkes<\/a><\/td>\n<td>469<\/td>\n<\/tr>\n<tr>\n<td>568<\/td>\n<td><a href=\"https:\/\/search.ancestry.de\/search\/db.aspx?dbid=31629\" target=\"_blank\">Geschichte des deutschen Adels<\/a><\/td>\n<td>236<\/td>\n<\/tr>\n<tr>\n<td>569<\/td>\n<td><a href=\"https:\/\/search.ancestry.de\/search\/db.aspx?dbid=31840\" target=\"_blank\">Geschichte des Elsa\u00dfes<\/a><\/td>\n<td>294<\/td>\n<\/tr>\n<tr>\n<td>570<\/td>\n<td><a href=\"https:\/\/search.ancestry.de\/search\/db.aspx?dbid=32168\" target=\"_blank\">Geschichte des f\u00fcrstlichen Hauses F\u00fcrstenberg und seiner Ahnen bis zum Jahre 1509<\/a><\/td>\n<td>275<\/td>\n<\/tr>\n<tr>\n<td>571<\/td>\n<td><a href=\"https:\/\/search.ancestry.de\/search\/db.aspx?dbid=31960\" target=\"_blank\">Geschichte des Geschlechtes der Daude<\/a><\/td>\n<td>62<\/td>\n<\/tr>\n<tr>\n<td>572<\/td>\n<td><a href=\"https:\/\/search.ancestry.de\/search\/db.aspx?dbid=32174\" target=\"_blank\">Geschichte des Geschlechtes der Freiherren von Elverfeldt. Band 1<\/a><\/td>\n<td>165<\/td>\n<\/tr>\n<tr>\n<td>573<\/td>\n<td><a href=\"https:\/\/search.ancestry.de\/search\/db.aspx?dbid=32173\" target=\"_blank\">Geschichte des Geschlechtes der Freiherren von Elverfeldt. Band 2<\/a><\/td>\n<td>189<\/td>\n<\/tr>\n<tr>\n<td>574<\/td>\n<td><a href=\"https:\/\/search.ancestry.de\/search\/db.aspx?dbid=32172\" target=\"_blank\">Geschichte des Geschlechtes der Freiherren von Elverfeldt. Band 3<\/a><\/td>\n<td>186<\/td>\n<\/tr>\n<tr>\n<td>575<\/td>\n<td><a href=\"https:\/\/search.ancestry.de\/search\/db.aspx?dbid=32179\" target=\"_blank\">Geschichte des Geschlechtes derer von Uexk\u00fcll<\/a><\/td>\n<td>151<\/td>\n<\/tr>\n<tr>\n<td>576<\/td>\n<td><a href=\"https:\/\/search.ancestry.de\/search\/db.aspx?dbid=34361\" target=\"_blank\">Geschichte des Geschlechtes Eggers nebst Stammb\u00e4umen, Wappentafeln und Familienportr\u00e4ts zusammengestellt aus den Familienpapieren, Urkunden, Archiv- und Kirchennachrichten.<\/a><\/td>\n<td>91<\/td>\n<\/tr>\n<tr>\n<td>577<\/td>\n<td><a href=\"https:\/\/search.ancestry.de\/search\/db.aspx?dbid=31785\" target=\"_blank\">Geschichte des Geschlechtes von Doeberitz<\/a><\/td>\n<td>42<\/td>\n<\/tr>\n<tr>\n<td>578<\/td>\n<td><a href=\"https:\/\/search.ancestry.de\/search\/db.aspx?dbid=32200\" target=\"_blank\">Geschichte des Geschlechtes von Knebel<\/a><\/td>\n<td>90<\/td>\n<\/tr>\n<tr>\n<td>579<\/td>\n<td><a href=\"https:\/\/search.ancestry.de\/search\/db.aspx?dbid=31458\" target=\"_blank\">Geschichte des Geschlechts derer von Winning<\/a><\/td>\n<td>195<\/td>\n<\/tr>\n<tr>\n<td>580<\/td>\n<td><a href=\"https:\/\/search.ancestry.de\/search\/db.aspx?dbid=32130\" target=\"_blank\">Geschichte des Geschlechts von Kleist. Band 1<\/a><\/td>\n<td>403<\/td>\n<\/tr>\n<tr>\n<td>581<\/td>\n<td><a href=\"https:\/\/search.ancestry.de\/search\/db.aspx?dbid=32129\" target=\"_blank\">Geschichte des Geschlechts von Kleist. Band 2<\/a><\/td>\n<td>163<\/td>\n<\/tr>\n<tr>\n<td>582<\/td>\n<td><a href=\"https:\/\/search.ancestry.de\/search\/db.aspx?dbid=31484\" target=\"_blank\">Geschichte des Geschlechts von Kr\u00f6cher. Band 1<\/a><\/td>\n<td>180<\/td>\n<\/tr>\n<tr>\n<td>583<\/td>\n<td><a href=\"https:\/\/search.ancestry.de\/search\/db.aspx?dbid=31483\" target=\"_blank\">Geschichte des Geschlechts von Kr\u00f6cher. Band 2<\/a><\/td>\n<td>212<\/td>\n<\/tr>\n<tr>\n<td>584<\/td>\n<td><a href=\"https:\/\/search.ancestry.de\/search\/db.aspx?dbid=32074\" target=\"_blank\">Geschichte des Geschlechts von Oeynhausen. Band 1<\/a><\/td>\n<td>159<\/td>\n<\/tr>\n<tr>\n<td>585<\/td>\n<td><a href=\"https:\/\/search.ancestry.de\/search\/db.aspx?dbid=32073\" target=\"_blank\">Geschichte des Geschlechts von Oeynhausen. Band 2<\/a><\/td>\n<td>168<\/td>\n<\/tr>\n<tr>\n<td>586<\/td>\n<td><a href=\"https:\/\/search.ancestry.de\/search\/db.aspx?dbid=32072\" target=\"_blank\">Geschichte des Geschlechts von Oeynhausen. Band 3<\/a><\/td>\n<td>248<\/td>\n<\/tr>\n<tr>\n<td>587<\/td>\n<td><a href=\"https:\/\/search.ancestry.de\/search\/db.aspx?dbid=31589\" target=\"_blank\">Geschichte des Geschlechts von Oeynhausen. Band 4<\/a><\/td>\n<td>34<\/td>\n<\/tr>\n<tr>\n<td>588<\/td>\n<td><a href=\"https:\/\/search.ancestry.de\/search\/db.aspx?dbid=31908\" target=\"_blank\">Geschichte des Geschlechts von Th\u00fcmen<\/a><\/td>\n<td>55<\/td>\n<\/tr>\n<tr>\n<td>589<\/td>\n<td><a href=\"https:\/\/search.ancestry.de\/search\/db.aspx?dbid=32226\" target=\"_blank\">Geschichte des Geschlechts von Winterfeld. Band 2<\/a><\/td>\n<td>283<\/td>\n<\/tr>\n<tr>\n<td>590<\/td>\n<td><a href=\"https:\/\/search.ancestry.de\/search\/db.aspx?dbid=32225\" target=\"_blank\">Geschichte des Geschlechts von Winterfeld. Band 3<\/a><\/td>\n<td>305<\/td>\n<\/tr>\n<tr>\n<td>591<\/td>\n<td><a href=\"https:\/\/search.ancestry.de\/search\/db.aspx?dbid=32035\" target=\"_blank\">Geschichte des Geschlechts von Zitzewitz. Teil I<\/a><\/td>\n<td>296<\/td>\n<\/tr>\n<tr>\n<td>592<\/td>\n<td><a href=\"https:\/\/search.ancestry.de\/search\/db.aspx?dbid=32034\" target=\"_blank\">Geschichte des Geschlechts von Zitzewitz. Teil II<\/a><\/td>\n<td>155<\/td>\n<\/tr>\n<tr>\n<td>593<\/td>\n<td><a href=\"https:\/\/search.ancestry.de\/search\/db.aspx?dbid=31693\" target=\"_blank\">Geschichte des Graudenzer Kreises<\/a><\/td>\n<td>183<\/td>\n<\/tr>\n<tr>\n<td>594<\/td>\n<td><a href=\"https:\/\/search.ancestry.de\/search\/db.aspx?dbid=32141\" target=\"_blank\">Geschichte des Hauses Hohenlohe<\/a><\/td>\n<td>343<\/td>\n<\/tr>\n<tr>\n<td>595<\/td>\n<td><a href=\"https:\/\/search.ancestry.de\/search\/db.aspx?dbid=32075\" target=\"_blank\">Geschichte des Hauses Stolberg vom Jahre 1210 bis zum Jahre 1511<\/a><\/td>\n<td>301<\/td>\n<\/tr>\n<tr>\n<td>596<\/td>\n<td><a href=\"https:\/\/search.ancestry.de\/search\/db.aspx?dbid=32109\" target=\"_blank\">Geschichte des im F\u00fcrstenthum L\u00fcneburg heimischen altadelichen Geschlechts derer von Meding seit Otto von Meding<\/a><\/td>\n<td>181<\/td>\n<\/tr>\n<tr>\n<td>597<\/td>\n<td><a href=\"https:\/\/search.ancestry.de\/search\/db.aspx?dbid=31730\" target=\"_blank\">Geschichte des Johanneums zu L\u00fcneburg : Festschrift zur 500j\u00e4hrigen Jubelfeier des Johanneums im September 1906<\/a><\/td>\n<td>109<\/td>\n<\/tr>\n<tr>\n<td>598<\/td>\n<td><a href=\"https:\/\/search.ancestry.de\/search\/db.aspx?dbid=31933\" target=\"_blank\">Geschichte des Kirchspiel Badbergen und der Bauerschaft Talge im F\u00fcrstenthume Osnabr\u00fcck<\/a><\/td>\n<td>101<\/td>\n<\/tr>\n<tr>\n<td>599<\/td>\n<td><a href=\"https:\/\/search.ancestry.de\/search\/db.aspx?dbid=31719\" target=\"_blank\">Geschichte des Klosters und der Kirche St. Dorothea in Breslau<\/a><\/td>\n<td>231<\/td>\n<\/tr>\n<tr>\n<td>600<\/td>\n<td><a href=\"https:\/\/search.ancestry.de\/search\/db.aspx?dbid=31751\" target=\"_blank\">Geschichte des K\u00f6nigreichs Hannover : unter Benutzung bisher unbekannter Aktenst\u00fccke<\/a><\/td>\n<td>365<\/td>\n<\/tr>\n<tr>\n<td>601<\/td>\n<td><a href=\"https:\/\/search.ancestry.de\/search\/db.aspx?dbid=32031\" target=\"_blank\">Geschichte des K\u00f6nigreichs Sachsen : von der \u00e4ltesten Zeit bis auf die Gegenwart<\/a><\/td>\n<td>252<\/td>\n<\/tr>\n<tr>\n<td>602<\/td>\n<td><a href=\"https:\/\/search.ancestry.de\/search\/db.aspx?dbid=31692\" target=\"_blank\">Geschichte des Kreises Deutsch-Krone<\/a><\/td>\n<td>185<\/td>\n<\/tr>\n<tr>\n<td>603<\/td>\n<td><a href=\"https:\/\/search.ancestry.de\/search\/db.aspx?dbid=31752\" target=\"_blank\">Geschichte des Kurstaates und K\u00f6nigreiches Sachsen, dritter Band: Neuere Geschichte Sachsens von 1806-1866<\/a><\/td>\n<td>437<\/td>\n<\/tr>\n<tr>\n<td>604<\/td>\n<td><a href=\"https:\/\/search.ancestry.de\/search\/db.aspx?dbid=31605\" target=\"_blank\">Geschichte des Oberlausitzer Adels und seiner G\u00fcter<\/a><\/td>\n<td>360<\/td>\n<\/tr>\n<tr>\n<td>605<\/td>\n<td><a href=\"https:\/\/search.ancestry.de\/search\/db.aspx?dbid=31463\" target=\"_blank\">Geschichte des Reichsfreiherrlich von Wolzogen&#8217;schen Geschlechts<\/a><\/td>\n<td>345<\/td>\n<\/tr>\n<tr>\n<td>606<\/td>\n<td><a href=\"https:\/\/search.ancestry.de\/search\/db.aspx?dbid=31485\" target=\"_blank\">Geschichte des schlossgesessenen Geschlechtes der Grafen und Herren von Wedel, 1212-1402<\/a><\/td>\n<td>168<\/td>\n<\/tr>\n<tr>\n<td>607<\/td>\n<td><a href=\"https:\/\/search.ancestry.de\/search\/db.aspx?dbid=31788\" target=\"_blank\">Geschichte des uradelichen Aufse\u00df&#8217;schen Geschlechtes in Franken<\/a><\/td>\n<td>251<\/td>\n<\/tr>\n<tr>\n<td>608<\/td>\n<td><a href=\"https:\/\/search.ancestry.de\/search\/db.aspx?dbid=30402\" target=\"_blank\">Geschichte Neckarsulms<\/a><\/td>\n<td>399<\/td>\n<\/tr>\n<tr>\n<td>609<\/td>\n<td><a href=\"https:\/\/search.ancestry.de\/search\/db.aspx?dbid=31494\" target=\"_blank\">Geschichte \u00d6sterreichs mit besonderer R\u00fccksicht auf das Culturleben<\/a><\/td>\n<td>360<\/td>\n<\/tr>\n<tr>\n<td>610<\/td>\n<td><a href=\"https:\/\/search.ancestry.de\/search\/db.aspx?dbid=31493\" target=\"_blank\">Geschichte \u00d6sterreichs mit besonderer R\u00fccksicht auf das Culturleben Bd. 2<\/a><\/td>\n<td>433<\/td>\n<\/tr>\n<tr>\n<td>611<\/td>\n<td><a href=\"https:\/\/search.ancestry.de\/search\/db.aspx?dbid=32186\" target=\"_blank\">Geschichte und Beschreibung der Fabrik- und Handelsstadt Apolda<\/a><\/td>\n<td>242<\/td>\n<\/tr>\n<tr>\n<td>612<\/td>\n<td><a href=\"https:\/\/search.ancestry.de\/search\/db.aspx?dbid=31652\" target=\"_blank\">Geschichte und Genealogie der Familie Lorenz Meyer in Hamburg<\/a><\/td>\n<td>83<\/td>\n<\/tr>\n<tr>\n<td>613<\/td>\n<td><a href=\"https:\/\/search.ancestry.de\/search\/db.aspx?dbid=32170\" target=\"_blank\">Geschichte und Genealogie der Freiherrlichen Familie von Feilitzsch<\/a><\/td>\n<td>182<\/td>\n<\/tr>\n<tr>\n<td>614<\/td>\n<td><a href=\"https:\/\/search.ancestry.de\/search\/db.aspx?dbid=31791\" target=\"_blank\">Geschichte und Stammbaum der Bluter von Tenna, (Canton Graub\u00fcnden)<\/a><\/td>\n<td>36<\/td>\n<\/tr>\n<tr>\n<td>615<\/td>\n<td><a href=\"https:\/\/search.ancestry.de\/search\/db.aspx?dbid=31892\" target=\"_blank\">Geschichte und Stammtafel der Familie Cred\u00e9<\/a><\/td>\n<td>28<\/td>\n<\/tr>\n<tr>\n<td>616<\/td>\n<td><a href=\"https:\/\/search.ancestry.de\/search\/db.aspx?dbid=31495\" target=\"_blank\">Geschichte und Stammtafeln der Glieder des Geschlechts von Pressentin (Prestin)<\/a><\/td>\n<td>140<\/td>\n<\/tr>\n<tr>\n<td>617<\/td>\n<td><a href=\"https:\/\/search.ancestry.de\/search\/db.aspx?dbid=31655\" target=\"_blank\">Geschichte und Urkunden der Familie von Kardorff<\/a><\/td>\n<td>200<\/td>\n<\/tr>\n<tr>\n<td>618<\/td>\n<td><a href=\"https:\/\/search.ancestry.de\/search\/db.aspx?dbid=32030\" target=\"_blank\">Geschichte von Aadorf und Umgebung<\/a><\/td>\n<td>444<\/td>\n<\/tr>\n<tr>\n<td>619<\/td>\n<td><a href=\"https:\/\/search.ancestry.de\/search\/db.aspx?dbid=30256\" target=\"_blank\">Geschichte von Gie\u00dfen und der Umgegend von der \u00e4ltesten Zeit bis zum Jahre 1265<\/a><\/td>\n<td>349<\/td>\n<\/tr>\n<tr>\n<td>620<\/td>\n<td><a href=\"https:\/\/search.ancestry.de\/search\/db.aspx?dbid=30254\" target=\"_blank\">Geschichte Wandsbecks unter Heinrich und Breido Rantzau 1564-1614<\/a><\/td>\n<td>158<\/td>\n<\/tr>\n<tr>\n<td>621<\/td>\n<td><a href=\"https:\/\/search.ancestry.de\/search\/db.aspx?dbid=29100\" target=\"_blank\">Geschichtliche Nachrichten \u00fcber die von T\u00fcmplingsche Familie<\/a><\/td>\n<td>215<\/td>\n<\/tr>\n<tr>\n<td>622<\/td>\n<td><a href=\"https:\/\/search.ancestry.de\/search\/db.aspx?dbid=31755\" target=\"_blank\">Geschichtliche Nachrichten von dem altpreu\u00dfischen Adelsgeschlecht von Ostau<\/a><\/td>\n<td>145<\/td>\n<\/tr>\n<tr>\n<td>623<\/td>\n<td><a href=\"https:\/\/search.ancestry.de\/search\/db.aspx?dbid=31876\" target=\"_blank\">Geschichtliche Nachrichten von dem altpreu\u00dfischen Adelsgeschlecht von Ostau, supp.<\/a><\/td>\n<td>7<\/td>\n<\/tr>\n<tr>\n<td>624<\/td>\n<td><a href=\"https:\/\/search.ancestry.de\/search\/db.aspx?dbid=32070\" target=\"_blank\">Geschichtliche Nachrichten von dem Geschlechte von Sch\u00f6ning und dessen G\u00fctern<\/a><\/td>\n<td>131<\/td>\n<\/tr>\n<tr>\n<td>625<\/td>\n<td><a href=\"https:\/\/search.ancestry.de\/search\/db.aspx?dbid=31953\" target=\"_blank\">Geschlechtsbeschreibung der Familie Schilling von Canstatt : als Neubearbeitung und Fortsetzung der Geschlechtsbeschreibung derer Familien von Schilling<\/a><\/td>\n<td>230<\/td>\n<\/tr>\n<tr>\n<td>626<\/td>\n<td><a href=\"https:\/\/search.ancestry.de\/search\/db.aspx?dbid=32142\" target=\"_blank\">Geschlechts-Geschichte des hochadelichen Hauses von Campe auf Isenb\u00fcttel und Wettmarshagen etc., nebst dazu geh\u00f6rigen Stammtafeln, Wappen, Siegeln, und andern gr\u00f6sten Theils noch ungedruckten Urkunden und Nachrichten<\/a><\/td>\n<td>134<\/td>\n<\/tr>\n<tr>\n<td>627<\/td>\n<td><a href=\"https:\/\/search.ancestry.de\/search\/db.aspx?dbid=31742\" target=\"_blank\">Geschlechts-Historie des Hauses derer von M\u00fcnchhausen von 1740 bis auf die neueste Zeit : eine Fortsetzung der von G. S. Treuer im Jahre 1740 herausgegebenen Gesc hlechtshistorie des Hauses<\/a><\/td>\n<td>114<\/td>\n<\/tr>\n<tr>\n<td>628<\/td>\n<td><a href=\"https:\/\/search.ancestry.de\/search\/db.aspx?dbid=32234\" target=\"_blank\">Geschlechtsordnung derer von Arnim vom 14. Januar 1888 und Statut der von Arnim&#8217;schen Familienstiftung vom 14. Jan. 1888<\/a><\/td>\n<td>13<\/td>\n<\/tr>\n<tr>\n<td>629<\/td>\n<td><a href=\"https:\/\/search.ancestry.de\/search\/db.aspx?dbid=32038\" target=\"_blank\">Geschlechtsregister des Patriciats der vormaligen Reichsstadt N\u00fcrnberg : bis zum Jahre 1854<\/a><\/td>\n<td>79<\/td>\n<\/tr>\n<tr>\n<td>630<\/td>\n<td><a href=\"https:\/\/search.ancestry.de\/search\/db.aspx?dbid=31865\" target=\"_blank\">Geschlechts-Tabellen und Wappenbeschreibungen zum Wappen-Almanach der souverainen Regenten Europa&#8217;s<\/a><\/td>\n<td>87<\/td>\n<\/tr>\n<tr>\n<td>631<\/td>\n<td><a href=\"https:\/\/search.ancestry.de\/search\/db.aspx?dbid=31763\" target=\"_blank\">Goethes Ahnen<\/a><\/td>\n<td>70<\/td>\n<\/tr>\n<tr>\n<td>632<\/td>\n<td><a href=\"https:\/\/search.ancestry.de\/search\/db.aspx?dbid=31486\" target=\"_blank\">Graf Albert von Hohenberg, Rotenburg und Haigerlock vom Hohenzollern Stamme : der S\u00e4nder und Held.; ein Cyklus von kultur-historischen Bildern aus dem dreizehnten Jahrhundert Bd. 1.<\/a><\/td>\n<td>427<\/td>\n<\/tr>\n<tr>\n<td>633<\/td>\n<td><a href=\"https:\/\/search.ancestry.de\/search\/db.aspx?dbid=31487\" target=\"_blank\">Graf Albert von Hohenberg, Rotenburg und Haigerlock vom Hohenzollern Stamme : der S\u00e4nder und Held.; ein Cyklus von kultur-historischen Bildern aus dem dreizehnten Jahrhundert Bd. 2.<\/a><\/td>\n<td>247<\/td>\n<\/tr>\n<tr>\n<td>634<\/td>\n<td><a href=\"https:\/\/search.ancestry.de\/search\/db.aspx?dbid=31445\" target=\"_blank\">Grundlagen und Entwicklungsziele der \u00f6sterreichisch-ungarischen Monarchie<\/a><\/td>\n<td>132<\/td>\n<\/tr>\n<tr>\n<td>635<\/td>\n<td><a href=\"https:\/\/search.ancestry.de\/search\/db.aspx?dbid=31975\" target=\"_blank\">Grundri\u00df der brandenburgisch-preussischen Geschichte : in Verbindung mit der deutschen<\/a><\/td>\n<td>47<\/td>\n<\/tr>\n<tr>\n<td>636<\/td>\n<td><a href=\"https:\/\/search.ancestry.de\/search\/db.aspx?dbid=31578\" target=\"_blank\">Grund-Saeze der Wappenkunst : f\u00fcr die Leser seines Wappenwerkes besonders geschrieben<\/a><\/td>\n<td>29<\/td>\n<\/tr>\n<tr>\n<td>637<\/td>\n<td><a href=\"https:\/\/search.ancestry.de\/search\/db.aspx?dbid=32268\" target=\"_blank\">Grundstein zu einer Geschichte der Familie von Denffer<\/a><\/td>\n<td>43<\/td>\n<\/tr>\n<tr>\n<td>638<\/td>\n<td><a href=\"https:\/\/search.ancestry.de\/search\/db.aspx?dbid=33550\" target=\"_blank\">Hamburger Hafenbilder (auf Englisch)<\/a><\/td>\n<td>117<\/td>\n<\/tr>\n<tr>\n<td>639<\/td>\n<td><a href=\"https:\/\/search.ancestry.de\/search\/db.aspx?dbid=32096\" target=\"_blank\">Hamburgische Wappen und Genealogien<\/a><\/td>\n<td>372<\/td>\n<\/tr>\n<tr>\n<td>640<\/td>\n<td><a href=\"https:\/\/search.ancestry.de\/search\/db.aspx?dbid=31344\" target=\"_blank\">Hamburgisches Staats- und Gelehrtenlexikon<\/a><\/td>\n<td>238<\/td>\n<\/tr>\n<tr>\n<td>641<\/td>\n<td><a href=\"https:\/\/search.ancestry.de\/search\/db.aspx?dbid=31385\" target=\"_blank\">Hamburgisches Wappen und Genealogien<\/a><\/td>\n<td>682<\/td>\n<\/tr>\n<tr>\n<td>642<\/td>\n<td><a href=\"https:\/\/search.ancestry.de\/search\/db.aspx?dbid=31735\" target=\"_blank\">Handbuch der historischen Chronologie des deutschen Mittelalters und der Neuzeit<\/a><\/td>\n<td>104<\/td>\n<\/tr>\n<tr>\n<td>643<\/td>\n<td><a href=\"https:\/\/search.ancestry.de\/search\/db.aspx?dbid=30416\" target=\"_blank\">Handbuch der W\u00fcrttembergischen Wirtschaft, 1922<\/a><\/td>\n<td>319<\/td>\n<\/tr>\n<tr>\n<td>644<\/td>\n<td><a href=\"https:\/\/search.ancestry.de\/search\/db.aspx?dbid=30417\" target=\"_blank\">Handbuch der W\u00fcrttembergischen Wirtschaft, 1925<\/a><\/td>\n<td>255<\/td>\n<\/tr>\n<tr>\n<td>645<\/td>\n<td><a href=\"https:\/\/search.ancestry.de\/search\/db.aspx?dbid=31635\" target=\"_blank\">Handbuch des Preu\u00dfischen Adels<\/a><\/td>\n<td>687<\/td>\n<\/tr>\n<tr>\n<td>646<\/td>\n<td><a href=\"https:\/\/search.ancestry.de\/search\/db.aspx?dbid=31478\" target=\"_blank\">Hannoversche Stammg\u00fcter : Inaugural-Dissertation zur Erlangung der juristischen Doctorw\u00fcrde<\/a><\/td>\n<td>27<\/td>\n<\/tr>\n<tr>\n<td>647<\/td>\n<td><a href=\"https:\/\/search.ancestry.de\/search\/db.aspx?dbid=32214\" target=\"_blank\">Hannoversches Namenb\u00fcchlein.<\/a><\/td>\n<td>47<\/td>\n<\/tr>\n<tr>\n<td>648<\/td>\n<td><a href=\"https:\/\/search.ancestry.de\/search\/db.aspx?dbid=31595\" target=\"_blank\">Hans Behr der Aeltere&#8230; und seine S\u00f6hne Daniel, Hugold und Samuel<\/a><\/td>\n<td>191<\/td>\n<\/tr>\n<tr>\n<td>649<\/td>\n<td><a href=\"https:\/\/search.ancestry.de\/search\/db.aspx?dbid=32202\" target=\"_blank\">Hans Holbein d.J. Fresken am Hertenstein-Hause in Luzern : nebst einer Geschichte der Familie Hertenstein<\/a><\/td>\n<td>127<\/td>\n<\/tr>\n<tr>\n<td>650<\/td>\n<td><a href=\"https:\/\/search.ancestry.de\/search\/db.aspx?dbid=31986\" target=\"_blank\">Heimatkunde und Geschichte von Sch\u00f6nheide, Sch\u00f6nheiderhammer und Neuheide<\/a><\/td>\n<td>204<\/td>\n<\/tr>\n<tr>\n<td>651<\/td>\n<td><a href=\"https:\/\/search.ancestry.de\/search\/db.aspx?dbid=32083\" target=\"_blank\">Heinrich Iselin von Rosenfeld und sein Geschlecht<\/a><\/td>\n<td>198<\/td>\n<\/tr>\n<tr>\n<td>652<\/td>\n<td><a href=\"https:\/\/search.ancestry.de\/search\/db.aspx?dbid=32311\" target=\"_blank\">Henri Wilhelm Nathanael Tollin<\/a><\/td>\n<td>24<\/td>\n<\/tr>\n<tr>\n<td>653<\/td>\n<td><a href=\"https:\/\/search.ancestry.de\/search\/db.aspx?dbid=31765\" target=\"_blank\">Heraldica curiosa : eine Sammlung absonderlicher Wappenbilder<\/a><\/td>\n<td>76<\/td>\n<\/tr>\n<tr>\n<td>654<\/td>\n<td><a href=\"https:\/\/search.ancestry.de\/search\/db.aspx?dbid=31938\" target=\"_blank\">Heraldik und Genealogie<\/a><\/td>\n<td>42<\/td>\n<\/tr>\n<tr>\n<td>655<\/td>\n<td><a href=\"https:\/\/search.ancestry.de\/search\/db.aspx?dbid=31900\" target=\"_blank\">Heraldisches Handbuch : f\u00fcr Freunde der Wappenkunst, sowie f\u00fcr K\u00fcnstler und Gewerbebetreibende<\/a><\/td>\n<td>73<\/td>\n<\/tr>\n<tr>\n<td>656<\/td>\n<td><a href=\"https:\/\/search.ancestry.de\/search\/db.aspx?dbid=32274\" target=\"_blank\">Herrn Georg&#8217;s Vorfahren<\/a><\/td>\n<td>139<\/td>\n<\/tr>\n<tr>\n<td>657<\/td>\n<td><a href=\"https:\/\/search.ancestry.de\/search\/db.aspx?dbid=31467\" target=\"_blank\">Historia Myliana vel de variis Myliorum familiis earum ortu et progressu nec non de multis claris celebrioribus et illustribus Myliis\u2026 (auf Italienisch)<\/a><\/td>\n<td>269<\/td>\n<\/tr>\n<tr>\n<td>658<\/td>\n<td><a href=\"https:\/\/search.ancestry.de\/search\/db.aspx?dbid=31674\" target=\"_blank\">Historische Beschreibung der Kurs\u00e4chsischen Landschule zu Grimme, mit Kupfern und Documenten<\/a><\/td>\n<td>109<\/td>\n<\/tr>\n<tr>\n<td>659<\/td>\n<td><a href=\"https:\/\/search.ancestry.de\/search\/db.aspx?dbid=31599\" target=\"_blank\">Historische Nachricht von dem alten ausgestorbenen adelichen Geschlecht derer Herren von Sundhausen : so ehemals in der g\u00fcldenen Aue im Amt Heringen gelebt haben<\/a><\/td>\n<td>19<\/td>\n<\/tr>\n<tr>\n<td>660<\/td>\n<td><a href=\"https:\/\/search.ancestry.de\/search\/db.aspx?dbid=31650\" target=\"_blank\">Historische Nachrichten der Familie von Malortie von 1132-1872<\/a><\/td>\n<td>92<\/td>\n<\/tr>\n<tr>\n<td>661<\/td>\n<td><a href=\"https:\/\/search.ancestry.de\/search\/db.aspx?dbid=32199\" target=\"_blank\">Historische Notizen \u00fcber die Stadt Saarlouis und deren unmittelbare Umgegend<\/a><\/td>\n<td>195<\/td>\n<\/tr>\n<tr>\n<td>662<\/td>\n<td><a href=\"https:\/\/search.ancestry.de\/search\/db.aspx?dbid=32263\" target=\"_blank\">Historische und genealogische Beschreibung des uraltadelichen und freyherrlichen Geschlechts derer von Poellnitz<\/a><\/td>\n<td>80<\/td>\n<\/tr>\n<tr>\n<td>663<\/td>\n<td><a href=\"https:\/\/search.ancestry.de\/search\/db.aspx?dbid=31461\" target=\"_blank\">Historische und Genealogische Nachrichten : von dem altadelichen Geschlechte derer Freiherren von Wechmar<\/a><\/td>\n<td>182<\/td>\n<\/tr>\n<tr>\n<td>664<\/td>\n<td><a href=\"https:\/\/search.ancestry.de\/search\/db.aspx?dbid=31802\" target=\"_blank\">Historische, und durch Wappen erl\u00e4uterte Nachrichten, von dem altfr\u00e4nkischen Geschlecht : der Herren von Nordenberg, des Heil. Rom. Reichs ehemaligen Erbk\u00fcchen- meistern und ihren Blutsfreunden und Anverwandten, zu mehrerer Volls- st\u00e4ndigkeit der fr\u00e4nkisc<\/a><\/td>\n<td>42<\/td>\n<\/tr>\n<tr>\n<td>665<\/td>\n<td><a href=\"https:\/\/search.ancestry.de\/search\/db.aspx?dbid=31468\" target=\"_blank\">Historischer Schau-Platz aller Rechts-Anspr\u00fcche auf J\u00fclich, Cleve, Berg, Marck, Ravensberg, Ravenstein&#8230;<\/a><\/td>\n<td>346<\/td>\n<\/tr>\n<tr>\n<td>666<\/td>\n<td><a href=\"https:\/\/search.ancestry.de\/search\/db.aspx?dbid=31668\" target=\"_blank\">Historisches und genealogisches Adelsbuch des Grossherzogthums Baden<\/a><\/td>\n<td>233<\/td>\n<\/tr>\n<tr>\n<td>667<\/td>\n<td><a href=\"https:\/\/search.ancestry.de\/search\/db.aspx?dbid=31490\" target=\"_blank\">Historisch-Genealogische Untersuchung<\/a><\/td>\n<td>278<\/td>\n<\/tr>\n<tr>\n<td>668<\/td>\n<td><a href=\"https:\/\/search.ancestry.de\/search\/db.aspx?dbid=32052\" target=\"_blank\">Historisch-genealogisches Handbuch \u00fcber alle Grafen und F\u00fcrsten von Waldeck und Pyrmont seit 1228<\/a><\/td>\n<td>64<\/td>\n<\/tr>\n<tr>\n<td>669<\/td>\n<td><a href=\"https:\/\/search.ancestry.de\/search\/db.aspx?dbid=35100\" target=\"_blank\">The History of Freemasonry (auf Englisch)<\/a><\/td>\n<td>0<\/td>\n<\/tr>\n<tr>\n<td>670<\/td>\n<td><a href=\"https:\/\/search.ancestry.de\/search\/db.aspx?dbid=31604\" target=\"_blank\">A history of Germany from the earliest period to the present time 1871 (auf Englisch)<\/a><\/td>\n<td>258<\/td>\n<\/tr>\n<tr>\n<td>671<\/td>\n<td><a href=\"https:\/\/search.ancestry.de\/search\/db.aspx?dbid=30245\" target=\"_blank\">History of Prussia, Vol. 1 (auf Englisch)<\/a><\/td>\n<td>519<\/td>\n<\/tr>\n<tr>\n<td>672<\/td>\n<td><a href=\"https:\/\/search.ancestry.de\/search\/db.aspx?dbid=30274\" target=\"_blank\">History of Prussia, Vol. 2 (auf Englisch)<\/a><\/td>\n<td>336<\/td>\n<\/tr>\n<tr>\n<td>673<\/td>\n<td><a href=\"https:\/\/search.ancestry.de\/search\/db.aspx?dbid=30275\" target=\"_blank\">History of Prussia, Vol. 3 (auf Englisch)<\/a><\/td>\n<td>352<\/td>\n<\/tr>\n<tr>\n<td>674<\/td>\n<td><a href=\"https:\/\/search.ancestry.de\/search\/db.aspx?dbid=30276\" target=\"_blank\">History of Prussia, Vol. 4 (auf Englisch)<\/a><\/td>\n<td>207<\/td>\n<\/tr>\n<tr>\n<td>675<\/td>\n<td><a href=\"https:\/\/search.ancestry.de\/search\/db.aspx?dbid=31450\" target=\"_blank\">Hof- und Staats-Handbuch des \u00f6sterreichischen Kaiserthumes<\/a><\/td>\n<td>652<\/td>\n<\/tr>\n<tr>\n<td>676<\/td>\n<td><a href=\"https:\/\/search.ancestry.de\/search\/db.aspx?dbid=31918\" target=\"_blank\">Hoyer Urkundenbuch. Band 1<\/a><\/td>\n<td>713<\/td>\n<\/tr>\n<tr>\n<td>677<\/td>\n<td><a href=\"https:\/\/search.ancestry.de\/search\/db.aspx?dbid=31917\" target=\"_blank\">Hoyer Urkundenbuch. Band 2-8<\/a><\/td>\n<td>539<\/td>\n<\/tr>\n<tr>\n<td>678<\/td>\n<td><a href=\"https:\/\/search.ancestry.de\/search\/db.aspx?dbid=31912\" target=\"_blank\">Huber family of Sulgen, Thurgau, Switzerland (auf Englisch)<\/a><\/td>\n<td>25<\/td>\n<\/tr>\n<tr>\n<td>679<\/td>\n<td><a href=\"https:\/\/search.ancestry.de\/search\/db.aspx?dbid=31905\" target=\"_blank\">Hug and Grossmann families of Weiningen, Z\u00fcrich, Switzerland : also Hug families of Schlieren and D\u00e4nikon-D\u00e4llikon (auf Englisch)<\/a><\/td>\n<td>84<\/td>\n<\/tr>\n<tr>\n<td>680<\/td>\n<td><a href=\"https:\/\/search.ancestry.de\/search\/db.aspx?dbid=31914\" target=\"_blank\">Hui family of the parish Wagenhausen, Thurgau, Switzerland (auf Englisch)<\/a><\/td>\n<td>33<\/td>\n<\/tr>\n<tr>\n<td>681<\/td>\n<td><a href=\"https:\/\/search.ancestry.de\/search\/db.aspx?dbid=33546\" target=\"_blank\">Illustrierter F\u00fchrer durch Strassburg i. E. und Umgebung<\/a><\/td>\n<td>121<\/td>\n<\/tr>\n<tr>\n<td>682<\/td>\n<td><a href=\"https:\/\/search.ancestry.de\/search\/db.aspx?dbid=31748\" target=\"_blank\">In memoriam! Johannes Schmitt, 1813-1900 (auf Englisch)<\/a><\/td>\n<td>5<\/td>\n<\/tr>\n<tr>\n<td>683<\/td>\n<td><a href=\"https:\/\/search.ancestry.de\/search\/db.aspx?dbid=31585\" target=\"_blank\">Inventare des Frankfurter Stadtarchivs<\/a><\/td>\n<td>344<\/td>\n<\/tr>\n<tr>\n<td>684<\/td>\n<td><a href=\"https:\/\/search.ancestry.de\/search\/db.aspx?dbid=32310\" target=\"_blank\">Jacques P\u00e9ricard, der Organisator der modernen Armenpflege<\/a><\/td>\n<td>18<\/td>\n<\/tr>\n<tr>\n<td>685<\/td>\n<td><a href=\"https:\/\/search.ancestry.de\/search\/db.aspx?dbid=32116\" target=\"_blank\">Jahrbuch der Historischen Gesellschaft f\u00fcr den Netzedistrikt zu Bromberg<\/a><\/td>\n<td>75<\/td>\n<\/tr>\n<tr>\n<td>686<\/td>\n<td><a href=\"https:\/\/search.ancestry.de\/search\/db.aspx?dbid=31612\" target=\"_blank\">Jahrbuch des Deutschen Adels Bd. 1<\/a><\/td>\n<td>512<\/td>\n<\/tr>\n<tr>\n<td>687<\/td>\n<td><a href=\"https:\/\/search.ancestry.de\/search\/db.aspx?dbid=31611\" target=\"_blank\">Jahrbuch des Deutschen Adels Bd. 2-3<\/a><\/td>\n<td>507<\/td>\n<\/tr>\n<tr>\n<td>688<\/td>\n<td><a href=\"https:\/\/search.ancestry.de\/search\/db.aspx?dbid=32255\" target=\"_blank\">Johannes Wolf und Salomon Wolf : zwei Z\u00fcrcherische Theologen<\/a><\/td>\n<td>12<\/td>\n<\/tr>\n<tr>\n<td>689<\/td>\n<td><a href=\"https:\/\/search.ancestry.de\/search\/db.aspx?dbid=31911\" target=\"_blank\">Jordi family of Wyssachengraben-Eriswil, Bern, Switzerland (auf Englisch)<\/a><\/td>\n<td>84<\/td>\n<\/tr>\n<tr>\n<td>690<\/td>\n<td><a href=\"https:\/\/search.ancestry.de\/search\/db.aspx?dbid=27857\" target=\"_blank\">Jubelb\u00fcchlein f\u00fcr Sch\u00f6nwaldau und Johnsdorf, 1842<\/a><\/td>\n<td>46<\/td>\n<\/tr>\n<tr>\n<td>691<\/td>\n<td><a href=\"https:\/\/search.ancestry.de\/search\/db.aspx?dbid=27858\" target=\"_blank\">Jubelb\u00fcchlein f\u00fcr Sch\u00f6nwaldau und Johnsdorf, Niederschlesien, 1792<\/a><\/td>\n<td>51<\/td>\n<\/tr>\n<tr>\n<td>692<\/td>\n<td><a href=\"https:\/\/search.ancestry.de\/search\/db.aspx?dbid=31685\" target=\"_blank\">Kirchlich-statistisches Handbuch f\u00fcr das K\u00f6nigreich Sachsen : oder Verzeichni\u00df der in dem K\u00f6nigreiche Sachsen \u00f6ffentlich angestellten Herren Geistlichen, Schulmeister, Schullehrer, Cantoren, Organisten, Kirchner, etc. aller Confessionen<\/a><\/td>\n<td>224<\/td>\n<\/tr>\n<tr>\n<td>693<\/td>\n<td><a href=\"https:\/\/search.ancestry.de\/search\/db.aspx?dbid=32243\" target=\"_blank\">Konkurrenzen in der Erkl\u00e4rung der deutschen Geschlechtsnamen<\/a><\/td>\n<td>101<\/td>\n<\/tr>\n<tr>\n<td>694<\/td>\n<td><a href=\"https:\/\/search.ancestry.de\/search\/db.aspx?dbid=32086\" target=\"_blank\">Kurze Geschichte der H\u00e4user F\u00fcrstenberg, Geroldseck und von der Leyen<\/a><\/td>\n<td>60<\/td>\n<\/tr>\n<tr>\n<td>695<\/td>\n<td><a href=\"https:\/\/search.ancestry.de\/search\/db.aspx?dbid=31657\" target=\"_blank\">Kurzgefasste Stamm- und Rangliste aller Regimente der K\u00f6niglich-Preu\u00dfischen Armee von deren Stiftung an bis Ende 1786<\/a><\/td>\n<td>134<\/td>\n<\/tr>\n<tr>\n<td>696<\/td>\n<td><a href=\"https:\/\/search.ancestry.de\/search\/db.aspx?dbid=31915\" target=\"_blank\">La famille de Pury (auf Franz\u00f6sisch)<\/a><\/td>\n<td>73<\/td>\n<\/tr>\n<tr>\n<td>697<\/td>\n<td><a href=\"https:\/\/search.ancestry.de\/search\/db.aspx?dbid=31898\" target=\"_blank\">L&#8217;ancienne \u00e9cole de droit de Fribourg, aper\u00e7u historique (auf Franz\u00f6sisch)<\/a><\/td>\n<td>17<\/td>\n<\/tr>\n<tr>\n<td>698<\/td>\n<td><a href=\"https:\/\/search.ancestry.de\/search\/db.aspx?dbid=31747\" target=\"_blank\">Landgraf Friedrich V. von Hessen-Homburg und seine Familie : aus Archivalien und Familienpapieren<\/a><\/td>\n<td>198<\/td>\n<\/tr>\n<tr>\n<td>699<\/td>\n<td><a href=\"https:\/\/search.ancestry.de\/search\/db.aspx?dbid=31906\" target=\"_blank\">Lattman family of Sternenberg, Bauma, B\u00e4retswil &#038; Turbenthal, Kt. Z\u00fcrich, Switzerland (auf Englisch)<\/a><\/td>\n<td>91<\/td>\n<\/tr>\n<tr>\n<td>700<\/td>\n<td><a href=\"https:\/\/search.ancestry.de\/search\/db.aspx?dbid=31958\" target=\"_blank\">Le livre des bourgeois de l&#8217;ancienne R\u00e9publique de Gen\u00e9ve (auf Franz\u00f6sisch)<\/a><\/td>\n<td>291<\/td>\n<\/tr>\n<tr>\n<td>701<\/td>\n<td><a href=\"https:\/\/search.ancestry.de\/search\/db.aspx?dbid=31714\" target=\"_blank\">Leben der beiden Z\u00fcrcherischen B\u00fcrgermeister David von Wy\u00df, Vater und Sohn aus deren schriftlichem Nachla\u00df : als Beitrag zur neueren Geschichte der Schweiz. Band 1<\/a><\/td>\n<td>286<\/td>\n<\/tr>\n<tr>\n<td>702<\/td>\n<td><a href=\"https:\/\/search.ancestry.de\/search\/db.aspx?dbid=31713\" target=\"_blank\">Leben der beiden Z\u00fcrcherischen B\u00fcrgermeister David von Wy\u00df, Vater und Sohn aus deren schriftlichem Nachla\u00df : als Beitrag zur neueren Geschichte der Schweiz. Band 2<\/a><\/td>\n<td>324<\/td>\n<\/tr>\n<tr>\n<td>703<\/td>\n<td><a href=\"https:\/\/search.ancestry.de\/search\/db.aspx?dbid=32047\" target=\"_blank\">Lebensbild des Stammherrn der Wiener Familie Miller. Josef Maria Ritter von Miller zu Aichholz nebst vorangestellten kurzem Geschichtsausz\u00fcge aus dem Woberschen Dreib\u00e4ndigen Genealogischen Werke, &#8218;Die Miller von und zu Aichholz&#8216;.<\/a><\/td>\n<td>126<\/td>\n<\/tr>\n<tr>\n<td>704<\/td>\n<td><a href=\"https:\/\/search.ancestry.de\/search\/db.aspx?dbid=32283\" target=\"_blank\">Lebensbild Gebhard Antons von Krosigk, 1754-1840 : und seiner Gemahlin Auguste Ernestine Elisabeth von Krosigk . 1761-1840, geborene von der Schulenburg aus dem Hause Emden. Band 1.<\/a><\/td>\n<td>165<\/td>\n<\/tr>\n<tr>\n<td>705<\/td>\n<td><a href=\"https:\/\/search.ancestry.de\/search\/db.aspx?dbid=32282\" target=\"_blank\">Lebensbild Gebhard Antons von Krosigk, 1754-1840 : und seiner Gemahlin Auguste Ernestine Elisabeth von Krosigk 1761-1840, geborene von der Schulenburg aus dem Hause Emden. Band 2<\/a><\/td>\n<td>148<\/td>\n<\/tr>\n<tr>\n<td>706<\/td>\n<td><a href=\"https:\/\/search.ancestry.de\/search\/db.aspx?dbid=31592\" target=\"_blank\">Lebensbilder aus dem Geschlecht Maltzan<\/a><\/td>\n<td>160<\/td>\n<\/tr>\n<tr>\n<td>707<\/td>\n<td><a href=\"https:\/\/search.ancestry.de\/search\/db.aspx?dbid=32319\" target=\"_blank\">Leidensgeschichte der reformirten Gemeinde Ludwigsburg<\/a><\/td>\n<td>15<\/td>\n<\/tr>\n<tr>\n<td>708<\/td>\n<td><a href=\"https:\/\/search.ancestry.de\/search\/db.aspx?dbid=31712\" target=\"_blank\">Les dynastes de Mont soit des Monts seconde maison (auf Franz\u00f6sisch)<\/a><\/td>\n<td>122<\/td>\n<\/tr>\n<tr>\n<td>709<\/td>\n<td><a href=\"https:\/\/search.ancestry.de\/search\/db.aspx?dbid=31464\" target=\"_blank\">Les familles bourgeoises de Neuch\u00e2tel : essais g\u00e9n\u00e9alogiques (auf Franz\u00f6sisch)<\/a><\/td>\n<td>181<\/td>\n<\/tr>\n<tr>\n<td>710<\/td>\n<td><a href=\"https:\/\/search.ancestry.de\/search\/db.aspx?dbid=31845\" target=\"_blank\">Les r\u00e9fugi\u00e9s fran\u00e7ais dans le pays de Vaud : et particuli\u00e8rement \u00e0 Vevey (auf Franz\u00f6sisch)<\/a><\/td>\n<td>166<\/td>\n<\/tr>\n<tr>\n<td>711<\/td>\n<td><a href=\"https:\/\/search.ancestry.de\/search\/db.aspx?dbid=31978\" target=\"_blank\">Les sires de La Tour, mayors de Sion, seigneurs de Ch\u00e2tillon, en Valais et leur maison (auf Franz\u00f6sisch)<\/a><\/td>\n<td>128<\/td>\n<\/tr>\n<tr>\n<td>712<\/td>\n<td><a href=\"https:\/\/search.ancestry.de\/search\/db.aspx?dbid=60791\" target=\"_blank\">Lieberose, Deutschland, j\u00fcdische Einwohner, die nach Sachsenhausen gesandt wurden, 1943-1945 (auf Englisch)<\/a><\/td>\n<td>151<\/td>\n<\/tr>\n<tr>\n<td>713<\/td>\n<td><a href=\"https:\/\/search.ancestry.de\/search\/db.aspx?dbid=32316\" target=\"_blank\">Listen aus der Korrespondenz Pieter Valkenier&#8217;s, des holl\u00e4ndischen Gesandten in der Schweiz<\/a><\/td>\n<td>28<\/td>\n<\/tr>\n<tr>\n<td>714<\/td>\n<td><a href=\"https:\/\/search.ancestry.de\/search\/db.aspx?dbid=1583\" target=\"_blank\">L\u00fcbeck, Deutschland, Wappen, 1300-1850<\/a><\/td>\n<td>2742<\/td>\n<\/tr>\n<tr>\n<td>715<\/td>\n<td><a href=\"https:\/\/search.ancestry.de\/search\/db.aspx?dbid=2019\" target=\"_blank\">L\u00fcbeck, Deutschland, genealogisches Register, 1200-1910<\/a><\/td>\n<td>20880<\/td>\n<\/tr>\n<tr>\n<td>716<\/td>\n<td><a href=\"https:\/\/search.ancestry.de\/search\/db.aspx?dbid=60765\" target=\"_blank\">Deutschland, L\u00fcbeck, Opfer von Neuengamme, 1945 (auf Englisch)<\/a><\/td>\n<td>1195<\/td>\n<\/tr>\n<tr>\n<td>717<\/td>\n<td><a href=\"https:\/\/search.ancestry.de\/search\/db.aspx?dbid=32100\" target=\"_blank\">Ludwig und Karl, Grafen und Herren von Zinzendorf, Minister unter Maria Therseia, Josef II., Leipold II. und Franz I. : ihre Selbstbiographien, nebst einer kurzen Geschichte des Hauses Zinzendorf<\/a><\/td>\n<td>166<\/td>\n<\/tr>\n<tr>\n<td>718<\/td>\n<td><a href=\"https:\/\/search.ancestry.de\/search\/db.aspx?dbid=30499\" target=\"_blank\">L\u00fcneburger Urkundenbuch, Funfzehnte Abteilung: Archiv des Klosters St. Johannis zu Walsrode, 1859<\/a><\/td>\n<td>426<\/td>\n<\/tr>\n<tr>\n<td>719<\/td>\n<td><a href=\"https:\/\/search.ancestry.de\/search\/db.aspx?dbid=6421\" target=\"_blank\">Mannheim, Deutschland, j\u00fcdische Gemeinschaftsregister, 1940 (auf Englisch)<\/a><\/td>\n<td>1676<\/td>\n<\/tr>\n<tr>\n<td>720<\/td>\n<td><a href=\"https:\/\/search.ancestry.de\/search\/db.aspx?dbid=31586\" target=\"_blank\">Materialien zu der Geschichte, Statistik und Topographie der deutschen Reichsgrafschaften<\/a><\/td>\n<td>142<\/td>\n<\/tr>\n<tr>\n<td>721<\/td>\n<td><a href=\"https:\/\/search.ancestry.de\/search\/db.aspx?dbid=31787\" target=\"_blank\">Materialien zu einer Geschichte der Freiherrn v. L\u00fct- gendorff-Leinburg : vornehmlich im XVIII. Jahrhundert<\/a><\/td>\n<td>103<\/td>\n<\/tr>\n<tr>\n<td>722<\/td>\n<td><a href=\"https:\/\/search.ancestry.de\/search\/db.aspx?dbid=31792\" target=\"_blank\">Mecklenburgische Adelsgeschlechter<\/a><\/td>\n<td>113<\/td>\n<\/tr>\n<tr>\n<td>723<\/td>\n<td><a href=\"https:\/\/search.ancestry.de\/search\/db.aspx?dbid=34416\" target=\"_blank\">Mecklenburgisches Urkundenbuch (auf Englisch)<\/a><\/td>\n<td>7492<\/td>\n<\/tr>\n<tr>\n<td>724<\/td>\n<td><a href=\"https:\/\/search.ancestry.de\/search\/db.aspx?dbid=32153\" target=\"_blank\">Meine Ahnen : Geschichte der Familie Garbe vom Niederhof zu Degersen<\/a><\/td>\n<td>24<\/td>\n<\/tr>\n<tr>\n<td>725<\/td>\n<td><a href=\"https:\/\/search.ancestry.de\/search\/db.aspx?dbid=32181\" target=\"_blank\">Meine Vorfahren und ihre Verwandtschaften Band 1<\/a><\/td>\n<td>350<\/td>\n<\/tr>\n<tr>\n<td>726<\/td>\n<td><a href=\"https:\/\/search.ancestry.de\/search\/db.aspx?dbid=32180\" target=\"_blank\">Meine Vorfahren und ihre Verwandtschaften. Band 2<\/a><\/td>\n<td>335<\/td>\n<\/tr>\n<tr>\n<td>727<\/td>\n<td><a href=\"https:\/\/search.ancestry.de\/search\/db.aspx?dbid=30244\" target=\"_blank\">Memoirs of the Queens of Prussia (auf Englisch)<\/a><\/td>\n<td>436<\/td>\n<\/tr>\n<tr>\n<td>728<\/td>\n<td><a href=\"https:\/\/search.ancestry.de\/search\/db.aspx?dbid=32026\" target=\"_blank\">Memorabilia Tigurina, oder, Merkw\u00fcrdigkeiten der Stadt und Landschaft Z\u00fcrich<\/a><\/td>\n<td>355<\/td>\n<\/tr>\n<tr>\n<td>729<\/td>\n<td><a href=\"https:\/\/search.ancestry.de\/search\/db.aspx?dbid=30246\" target=\"_blank\">Men Who Have Made the New German Empire, Vol. 1 (auf Englisch)<\/a><\/td>\n<td>346<\/td>\n<\/tr>\n<tr>\n<td>730<\/td>\n<td><a href=\"https:\/\/search.ancestry.de\/search\/db.aspx?dbid=30277\" target=\"_blank\">Men Who Have Made the New German Empire, Vol. 2 (auf Englisch)<\/a><\/td>\n<td>349<\/td>\n<\/tr>\n<tr>\n<td>731<\/td>\n<td><a href=\"https:\/\/search.ancestry.de\/search\/db.aspx?dbid=23661\" target=\"_blank\">Meyer Amschel Rothschild : der Gr\u00fcnder des Rothschildschen Bankhauses<\/a><\/td>\n<td>279<\/td>\n<\/tr>\n<tr>\n<td>732<\/td>\n<td><a href=\"https:\/\/search.ancestry.de\/search\/db.aspx?dbid=33929\" target=\"_blank\">Mitteilungen \u00fcber das Tesdorpf&#8217;sche Geschlecht<\/a><\/td>\n<td>133<\/td>\n<\/tr>\n<tr>\n<td>733<\/td>\n<td><a href=\"https:\/\/search.ancestry.de\/search\/db.aspx?dbid=31831\" target=\"_blank\">Mitteilungen \u00fcber die Geschichte der Familie Rosenow<\/a><\/td>\n<td>162<\/td>\n<\/tr>\n<tr>\n<td>734<\/td>\n<td><a href=\"https:\/\/search.ancestry.de\/search\/db.aspx?dbid=31728\" target=\"_blank\">M\u00fchlheim an der Donau und die Herren von Enzberg<\/a><\/td>\n<td>33<\/td>\n<\/tr>\n<tr>\n<td>735<\/td>\n<td><a href=\"https:\/\/search.ancestry.de\/search\/db.aspx?dbid=2431\" target=\"_blank\">M\u00fcnchen, Deutschland, vertriebene j\u00fcdische Waisen im Kinderheim von Ulm, 1945-1948 (USHMM) (auf Englisch)<\/a><\/td>\n<td>2789<\/td>\n<\/tr>\n<tr>\n<td>736<\/td>\n<td><a href=\"https:\/\/search.ancestry.de\/search\/db.aspx?dbid=3651\" target=\"_blank\">M\u00fcnchen, Deutschland, Dokumentation der Nazis \u00fcber Juden, 1919-1946 (USHMM)<\/a><\/td>\n<td>23085<\/td>\n<\/tr>\n<tr>\n<td>737<\/td>\n<td><a href=\"https:\/\/search.ancestry.de\/search\/db.aspx?dbid=32242\" target=\"_blank\">Nachkommen der Rosine Margarethe Feucht<\/a><\/td>\n<td>33<\/td>\n<\/tr>\n<tr>\n<td>738<\/td>\n<td><a href=\"https:\/\/search.ancestry.de\/search\/db.aspx?dbid=31772\" target=\"_blank\">Nachrichten \u00fcber das Geschlecht Ungern-Sternberg. Band 1<\/a><\/td>\n<td>205<\/td>\n<\/tr>\n<tr>\n<td>739<\/td>\n<td><a href=\"https:\/\/search.ancestry.de\/search\/db.aspx?dbid=31771\" target=\"_blank\">Nachrichten \u00fcber das Geschlecht Ungern-Sternberg. Band 2<\/a><\/td>\n<td>210<\/td>\n<\/tr>\n<tr>\n<td>740<\/td>\n<td><a href=\"https:\/\/search.ancestry.de\/search\/db.aspx?dbid=31770\" target=\"_blank\">Nachrichten \u00fcber das Geschlecht Ungern-Sternberg. Band 3<\/a><\/td>\n<td>210<\/td>\n<\/tr>\n<tr>\n<td>741<\/td>\n<td><a href=\"https:\/\/search.ancestry.de\/search\/db.aspx?dbid=32159\" target=\"_blank\">Nachrichten \u00fcber die Familie Erbsl\u00f6h<\/a><\/td>\n<td>62<\/td>\n<\/tr>\n<tr>\n<td>742<\/td>\n<td><a href=\"https:\/\/search.ancestry.de\/search\/db.aspx?dbid=32069\" target=\"_blank\">Nachrichten \u00fcber die Familie Eschenburg in L\u00fcbeck (1500 bis 1910) nebst Stammtafeln<\/a><\/td>\n<td>50<\/td>\n<\/tr>\n<tr>\n<td>743<\/td>\n<td><a href=\"https:\/\/search.ancestry.de\/search\/db.aspx?dbid=31801\" target=\"_blank\">Nachrichten \u00fcber die Familie Nirrnheim<\/a><\/td>\n<td>44<\/td>\n<\/tr>\n<tr>\n<td>744<\/td>\n<td><a href=\"https:\/\/search.ancestry.de\/search\/db.aspx?dbid=32215\" target=\"_blank\">Nachrichten \u00fcber die Grafen zu Eulenburg<\/a><\/td>\n<td>36<\/td>\n<\/tr>\n<tr>\n<td>745<\/td>\n<td><a href=\"https:\/\/search.ancestry.de\/search\/db.aspx?dbid=32051\" target=\"_blank\">Nachrichten \u00fcber die Soester Familien Sybel : 1423 bis 1890<\/a><\/td>\n<td>76<\/td>\n<\/tr>\n<tr>\n<td>746<\/td>\n<td><a href=\"https:\/\/search.ancestry.de\/search\/db.aspx?dbid=31709\" target=\"_blank\">Nachrichten \u00fcber die V\u00f6lker&#8217;sche Familie in Arnstadt von 1634 bis 1846<\/a><\/td>\n<td>25<\/td>\n<\/tr>\n<tr>\n<td>747<\/td>\n<td><a href=\"https:\/\/search.ancestry.de\/search\/db.aspx?dbid=32245\" target=\"_blank\">Nachrichten \u00fcber einige Familien des Namens Boetticher<\/a><\/td>\n<td>31<\/td>\n<\/tr>\n<tr>\n<td>748<\/td>\n<td><a href=\"https:\/\/search.ancestry.de\/search\/db.aspx?dbid=31675\" target=\"_blank\">Nachrichten \u00fcber Hainichen und n\u00e4chste Umgebung als Beitr\u00e4ge zu einer Ortschronik<\/a><\/td>\n<td>186<\/td>\n<\/tr>\n<tr>\n<td>749<\/td>\n<td><a href=\"https:\/\/search.ancestry.de\/search\/db.aspx?dbid=32082\" target=\"_blank\">Nachrichten von adelichen Wappen. Band 1<\/a><\/td>\n<td>414<\/td>\n<\/tr>\n<tr>\n<td>750<\/td>\n<td><a href=\"https:\/\/search.ancestry.de\/search\/db.aspx?dbid=32081\" target=\"_blank\">Nachrichten von adelichen Wappen. Band 2<\/a><\/td>\n<td>420<\/td>\n<\/tr>\n<tr>\n<td>751<\/td>\n<td><a href=\"https:\/\/search.ancestry.de\/search\/db.aspx?dbid=32080\" target=\"_blank\">Nachrichten von adelichen Wappen. Band 3<\/a><\/td>\n<td>488<\/td>\n<\/tr>\n<tr>\n<td>752<\/td>\n<td><a href=\"https:\/\/search.ancestry.de\/search\/db.aspx?dbid=31382\" target=\"_blank\">Nachrichten von dem Leben und den Schriften M\u00fcnsterl\u00e4ndischer Schriftsteller des 18. und 19. Jahrhunderts<\/a><\/td>\n<td>215<\/td>\n<\/tr>\n<tr>\n<td>753<\/td>\n<td><a href=\"https:\/\/search.ancestry.de\/search\/db.aspx?dbid=31383\" target=\"_blank\">Nachrichten von dem Leben und den Schriften M\u00fcnsterl\u00e4ndischer Schriftsteller des 18. und 19. Jahrhunderts, Neue Folge<\/a><\/td>\n<td>146<\/td>\n<\/tr>\n<tr>\n<td>754<\/td>\n<td><a href=\"https:\/\/search.ancestry.de\/search\/db.aspx?dbid=31491\" target=\"_blank\">Nachrichten von dem pommerschen Geschlecht der von Sliwinoder Schlieffen<\/a><\/td>\n<td>314<\/td>\n<\/tr>\n<tr>\n<td>755<\/td>\n<td><a href=\"https:\/\/search.ancestry.de\/search\/db.aspx?dbid=31597\" target=\"_blank\">Nachrichten zur Geschichte des altadeligen Geschlechtes von Wickede<\/a><\/td>\n<td>73<\/td>\n<\/tr>\n<tr>\n<td>756<\/td>\n<td><a href=\"https:\/\/search.ancestry.de\/search\/db.aspx?dbid=31965\" target=\"_blank\">Nachrichten zur Geschichte des Geschlechts der Grafen K\u00f6nigsmarck<\/a><\/td>\n<td>26<\/td>\n<\/tr>\n<tr>\n<td>757<\/td>\n<td><a href=\"https:\/\/search.ancestry.de\/search\/db.aspx?dbid=25585\" target=\"_blank\">Nachtrag zur Geschichte des Geschlechtes derer Von Trebra<\/a><\/td>\n<td>7<\/td>\n<\/tr>\n<tr>\n<td>758<\/td>\n<td><a href=\"https:\/\/search.ancestry.de\/search\/db.aspx?dbid=31768\" target=\"_blank\">Nachtr\u00e4ge und Berichtigungen zur urkundlichen Geschichte der Tettauschen Familie<\/a><\/td>\n<td>116<\/td>\n<\/tr>\n<tr>\n<td>759<\/td>\n<td><a href=\"https:\/\/search.ancestry.de\/search\/db.aspx?dbid=31827\" target=\"_blank\">Neue Quellen zur Geschichte des Untergangs livl\u00e4ndische Selbst\u00e4ndigkeit, v. 2<\/a><\/td>\n<td>199<\/td>\n<\/tr>\n<tr>\n<td>760<\/td>\n<td><a href=\"https:\/\/search.ancestry.de\/search\/db.aspx?dbid=31826\" target=\"_blank\">Neue Quellen zur Geschichte des Untergangs livl\u00e4ndische Selbst\u00e4ndigkeit, v. 3<\/a><\/td>\n<td>196<\/td>\n<\/tr>\n<tr>\n<td>761<\/td>\n<td><a href=\"https:\/\/search.ancestry.de\/search\/db.aspx?dbid=31828\" target=\"_blank\">Neue Quellen zur Geschichte des Untergangs livl\u00e4ndische Selbst\u00e4ndigkeit, v.1<\/a><\/td>\n<td>154<\/td>\n<\/tr>\n<tr>\n<td>762<\/td>\n<td><a href=\"https:\/\/search.ancestry.de\/search\/db.aspx?dbid=1279\" target=\"_blank\">Neues Allgemeines Adels-Lexicon<\/a><\/td>\n<td>2828<\/td>\n<\/tr>\n<tr>\n<td>763<\/td>\n<td><a href=\"https:\/\/search.ancestry.de\/search\/db.aspx?dbid=48470\" target=\"_blank\">A New Land Beckoned: German Immigration to Texas, 1844-1847 (auf Englisch)<\/a><\/td>\n<td>192<\/td>\n<\/tr>\n<tr>\n<td>764<\/td>\n<td><a href=\"https:\/\/search.ancestry.de\/search\/db.aspx?dbid=32111\" target=\"_blank\">Nieder\u00f6sterreichisches Urkundenbuch, Band 1<\/a><\/td>\n<td>441<\/td>\n<\/tr>\n<tr>\n<td>765<\/td>\n<td><a href=\"https:\/\/search.ancestry.de\/search\/db.aspx?dbid=31839\" target=\"_blank\">Nieder\u00f6sterreichisches Urkundenbuch, Band 2<\/a><\/td>\n<td>282<\/td>\n<\/tr>\n<tr>\n<td>766<\/td>\n<td><a href=\"https:\/\/search.ancestry.de\/search\/db.aspx?dbid=31971\" target=\"_blank\">Notice sur la famille et le ch\u00e2teau de La Corbi\u00e8re (auf Franz\u00f6sisch)<\/a><\/td>\n<td>63<\/td>\n<\/tr>\n<tr>\n<td>767<\/td>\n<td><a href=\"https:\/\/search.ancestry.de\/search\/db.aspx?dbid=30406\" target=\"_blank\">Oberammergau und sein Passionsspiel, 1930<\/a><\/td>\n<td>224<\/td>\n<\/tr>\n<tr>\n<td>768<\/td>\n<td><a href=\"https:\/\/search.ancestry.de\/search\/db.aspx?dbid=31855\" target=\"_blank\">Oberamt Herrenberg<\/a><\/td>\n<td>23<\/td>\n<\/tr>\n<tr>\n<td>769<\/td>\n<td><a href=\"https:\/\/search.ancestry.de\/search\/db.aspx?dbid=30419\" target=\"_blank\">Oertliche Beschreibung der Stadt Frankfurt am Main, Heft 7<\/a><\/td>\n<td>250<\/td>\n<\/tr>\n<tr>\n<td>770<\/td>\n<td><a href=\"https:\/\/search.ancestry.de\/search\/db.aspx?dbid=30401\" target=\"_blank\">Oertliche Beschreibung der Stadt Frankfurt am Main, Hefte 1-2<\/a><\/td>\n<td>598<\/td>\n<\/tr>\n<tr>\n<td>771<\/td>\n<td><a href=\"https:\/\/search.ancestry.de\/search\/db.aspx?dbid=30259\" target=\"_blank\">Oertliche Beschreibung der Stadt Frankfurt am Main, Hefte 3-4<\/a><\/td>\n<td>707<\/td>\n<\/tr>\n<tr>\n<td>772<\/td>\n<td><a href=\"https:\/\/search.ancestry.de\/search\/db.aspx?dbid=30418\" target=\"_blank\">Oertliche Beschreibung der Stadt Frankfurt am Main, Hefte 5-6<\/a><\/td>\n<td>664<\/td>\n<\/tr>\n<tr>\n<td>773<\/td>\n<td><a href=\"https:\/\/search.ancestry.de\/search\/db.aspx?dbid=32068\" target=\"_blank\">Oesterreichische Revue : das Furstenhaus Schwarzenberg<\/a><\/td>\n<td>170<\/td>\n<\/tr>\n<tr>\n<td>774<\/td>\n<td><a href=\"https:\/\/search.ancestry.de\/search\/db.aspx?dbid=60814\" target=\"_blank\">Oranienburg, Deutschland, Umlagerungen von Auschwitz nach Sachsenhausen, 1944 (auf Englisch)<\/a><\/td>\n<td>356<\/td>\n<\/tr>\n<tr>\n<td>775<\/td>\n<td><a href=\"https:\/\/search.ancestry.de\/search\/db.aspx?dbid=30403\" target=\"_blank\">Ortslexikon des Kantons Z\u00fcrich, 1835<\/a><\/td>\n<td>270<\/td>\n<\/tr>\n<tr>\n<td>776<\/td>\n<td><a href=\"https:\/\/search.ancestry.de\/search\/db.aspx?dbid=27786\" target=\"_blank\">Unsere Vorfahren im Rheinland (auf Englisch)<\/a><\/td>\n<td>39<\/td>\n<\/tr>\n<tr>\n<td>777<\/td>\n<td><a href=\"https:\/\/search.ancestry.de\/search\/db.aspx?dbid=49285\" target=\"_blank\">Palatine Church Visitations, 1609 . . . Deanery of Kusel (auf Englisch)<\/a><\/td>\n<td>146<\/td>\n<\/tr>\n<tr>\n<td>778<\/td>\n<td><a href=\"https:\/\/search.ancestry.de\/search\/db.aspx?dbid=32309\" target=\"_blank\">Paul Toussain nach seinem Leben und Wirken : ein Beitrag zur Gelehrtengeschichte der Wallonen der pf\u00e4lzischen oder oberrheinischen Provinz (du cercle de Palatinat)<\/a><\/td>\n<td>24<\/td>\n<\/tr>\n<tr>\n<td>779<\/td>\n<td><a href=\"https:\/\/search.ancestry.de\/search\/db.aspx?dbid=5998\" target=\"_blank\">Pennsylvania Genealogies: Chiefly Scotch-Irish and German, 1700-1895 (auf Englisch)<\/a><\/td>\n<td>12519<\/td>\n<\/tr>\n<tr>\n<td>780<\/td>\n<td><a href=\"https:\/\/search.ancestry.de\/search\/db.aspx?dbid=30467\" target=\"_blank\">Personalnachweisung der Berliner Gemeindeverwaltung und der mit ihr in Verbindung stehenden Verwaltungen und Anstalten, 1915<\/a><\/td>\n<td>773<\/td>\n<\/tr>\n<tr>\n<td>781<\/td>\n<td><a href=\"https:\/\/search.ancestry.de\/search\/db.aspx?dbid=32281\" target=\"_blank\">Personalstand der S\u00e4cular- und Regular- Geistlichkeit der Di\u00f6cese St. P\u00f6lten, 1898<\/a><\/td>\n<td>240<\/td>\n<\/tr>\n<tr>\n<td>782<\/td>\n<td><a href=\"https:\/\/search.ancestry.de\/search\/db.aspx?dbid=31739\" target=\"_blank\">Personen-Verzeichnis zum Chronicon Islebiense : Eisleber Stadtchronik aus den Jahren 1520-1738<\/a><\/td>\n<td>15<\/td>\n<\/tr>\n<tr>\n<td>783<\/td>\n<td><a href=\"https:\/\/search.ancestry.de\/search\/db.aspx?dbid=31881\" target=\"_blank\">Pf\u00e4lzische Bibliographie II : die landeskundliche Literatur der Rheinphalz\u2026<\/a><\/td>\n<td>124<\/td>\n<\/tr>\n<tr>\n<td>784<\/td>\n<td><a href=\"https:\/\/search.ancestry.de\/search\/db.aspx?dbid=31880\" target=\"_blank\">Pf\u00e4lzische Bibliographie III : die ortskundliche Literatur der Rheinphalz<\/a><\/td>\n<td>154<\/td>\n<\/tr>\n<tr>\n<td>785<\/td>\n<td><a href=\"https:\/\/search.ancestry.de\/search\/db.aspx?dbid=30411\" target=\"_blank\">Politische Geschichte der Gegenwart, Band VI: Das Jahr 1872<\/a><\/td>\n<td>362<\/td>\n<\/tr>\n<tr>\n<td>786<\/td>\n<td><a href=\"https:\/\/search.ancestry.de\/search\/db.aspx?dbid=32071\" target=\"_blank\">Practischer Wegweiser durch die Pfarrb\u00fccher I<\/a><\/td>\n<td>131<\/td>\n<\/tr>\n<tr>\n<td>787<\/td>\n<td><a href=\"https:\/\/search.ancestry.de\/search\/db.aspx?dbid=32063\" target=\"_blank\">Pragmatische Geschichte der b\u00f6hmischen Freysassen<\/a><\/td>\n<td>128<\/td>\n<\/tr>\n<tr>\n<td>788<\/td>\n<td><a href=\"https:\/\/search.ancestry.de\/search\/db.aspx?dbid=32188\" target=\"_blank\">Preu\u00dfische Geschichte. Band 1<\/a><\/td>\n<td>289<\/td>\n<\/tr>\n<tr>\n<td>789<\/td>\n<td><a href=\"https:\/\/search.ancestry.de\/search\/db.aspx?dbid=32187\" target=\"_blank\">Preu\u00dfische Geschichte. Band 2<\/a><\/td>\n<td>331<\/td>\n<\/tr>\n<tr>\n<td>790<\/td>\n<td><a href=\"https:\/\/search.ancestry.de\/search\/db.aspx?dbid=1096\" target=\"_blank\">Pers\u00f6nliche Mitgliedergeschichten<\/a><\/td>\n<td>6600942<\/td>\n<\/tr>\n<tr>\n<td>791<\/td>\n<td><a href=\"https:\/\/search.ancestry.de\/search\/db.aspx?dbid=31641\" target=\"_blank\">Programm der herzoglichen Realschule zu Saalfeld<\/a><\/td>\n<td>59<\/td>\n<\/tr>\n<tr>\n<td>792<\/td>\n<td><a href=\"https:\/\/search.ancestry.de\/search\/db.aspx?dbid=1095\" target=\"_blank\">\u00d6ffentliche Mitgliedergeschichten<\/a><\/td>\n<td>19696247<\/td>\n<\/tr>\n<tr>\n<td>793<\/td>\n<td><a href=\"https:\/\/search.ancestry.de\/search\/db.aspx?dbid=34311\" target=\"_blank\">Quellen Zur Geschichte Der Familie Ulbrecht (auf Englisch)<\/a><\/td>\n<td>70<\/td>\n<\/tr>\n<tr>\n<td>794<\/td>\n<td><a href=\"https:\/\/search.ancestry.de\/search\/db.aspx?dbid=32213\" target=\"_blank\">Rats- und B\u00fcrgerlisten der Stadt Fulda<\/a><\/td>\n<td>143<\/td>\n<\/tr>\n<tr>\n<td>795<\/td>\n<td><a href=\"https:\/\/search.ancestry.de\/search\/db.aspx?dbid=31808\" target=\"_blank\">Regenten-Tabellen<\/a><\/td>\n<td>177<\/td>\n<\/tr>\n<tr>\n<td>796<\/td>\n<td><a href=\"https:\/\/search.ancestry.de\/search\/db.aspx?dbid=31628\" target=\"_blank\">Regesten der Grafen von Orlamuende aus Babenberger und Ascanischem Stamm : mit Stammtafeln, Siegelbildern, Monumenten und Wappen<\/a><\/td>\n<td>183<\/td>\n<\/tr>\n<tr>\n<td>797<\/td>\n<td><a href=\"https:\/\/search.ancestry.de\/search\/db.aspx?dbid=31724\" target=\"_blank\">Regesten des Geschlechts von Plassenberg und dessen Nachkommen. VI<\/a><\/td>\n<td>63<\/td>\n<\/tr>\n<tr>\n<td>798<\/td>\n<td><a href=\"https:\/\/search.ancestry.de\/search\/db.aspx?dbid=32150\" target=\"_blank\">Regesten und Urkunden des Geschlechtes von Blankenburg-Campe. Band 1<\/a><\/td>\n<td>173<\/td>\n<\/tr>\n<tr>\n<td>799<\/td>\n<td><a href=\"https:\/\/search.ancestry.de\/search\/db.aspx?dbid=32149\" target=\"_blank\">Regesten und Urkunden des Geschlechtes von Blankenburg-Campe. Band 2<\/a><\/td>\n<td>290<\/td>\n<\/tr>\n<tr>\n<td>800<\/td>\n<td><a href=\"https:\/\/search.ancestry.de\/search\/db.aspx?dbid=29544\" target=\"_blank\">Regesten und Urkunden zur Geschichte des Geschlechts Wangenheim und seiner Besitzungen<\/a><\/td>\n<td>490<\/td>\n<\/tr>\n<tr>\n<td>801<\/td>\n<td><a href=\"https:\/\/search.ancestry.de\/search\/db.aspx?dbid=31474\" target=\"_blank\">Regesten und Urkunden zur Geschichte des uradeligen Geschlechts der Herren von dem Knesebeck. Teil 1<\/a><\/td>\n<td>46<\/td>\n<\/tr>\n<tr>\n<td>802<\/td>\n<td><a href=\"https:\/\/search.ancestry.de\/search\/db.aspx?dbid=31473\" target=\"_blank\">Regesten und Urkunden zur Geschichte des uradeligen Geschlechts der Herren von dem Knesebeck. Teil 2<\/a><\/td>\n<td>278<\/td>\n<\/tr>\n<tr>\n<td>803<\/td>\n<td><a href=\"https:\/\/search.ancestry.de\/search\/db.aspx?dbid=31472\" target=\"_blank\">Regesten und Urkunden zur Geschichte des uradeligen Geschlechts der Herren von dem Knesebeck. Teil 3<\/a><\/td>\n<td>39<\/td>\n<\/tr>\n<tr>\n<td>804<\/td>\n<td><a href=\"https:\/\/search.ancestry.de\/search\/db.aspx?dbid=31471\" target=\"_blank\">Regesten und Urkunden zur Geschichte des uradeligen Geschlechts der Herren von dem Knesebeck. Teil 4-9<\/a><\/td>\n<td>202<\/td>\n<\/tr>\n<tr>\n<td>805<\/td>\n<td><a href=\"https:\/\/search.ancestry.de\/search\/db.aspx?dbid=31998\" target=\"_blank\">Regesten zur Geschichte der Grafen von Veringen : nebst Stammtafeln, Abbildungen von Siegeln und Grabsteinen<\/a><\/td>\n<td>106<\/td>\n<\/tr>\n<tr>\n<td>806<\/td>\n<td><a href=\"https:\/\/search.ancestry.de\/search\/db.aspx?dbid=31579\" target=\"_blank\">Regesten zur Orts- und Familiengeschichte des Vogtlandes. II. Band. 1485-1563<\/a><\/td>\n<td>231<\/td>\n<\/tr>\n<tr>\n<td>807<\/td>\n<td><a href=\"https:\/\/search.ancestry.de\/search\/db.aspx?dbid=60769\" target=\"_blank\">Reichenberg, Deutschland, Opfer des Holocaust, 1938-1945 (auf Englisch)<\/a><\/td>\n<td>895<\/td>\n<\/tr>\n<tr>\n<td>808<\/td>\n<td><a href=\"https:\/\/search.ancestry.de\/search\/db.aspx?dbid=31970\" target=\"_blank\">R\u00e9pertoire des familles vaudoises qualifi\u00e9es de l&#8217;an 1000 \u00e0 l&#8217;an 1800 (auf Franz\u00f6sisch)<\/a><\/td>\n<td>114<\/td>\n<\/tr>\n<tr>\n<td>809<\/td>\n<td><a href=\"https:\/\/search.ancestry.de\/search\/db.aspx?dbid=22630\" target=\"_blank\">Ritter\/Roth und Kessler : zwei 1846 nach Brasilien eingewanderte Familien und deren rheinische Vorfahren<\/a><\/td>\n<td>114<\/td>\n<\/tr>\n<tr>\n<td>810<\/td>\n<td><a href=\"https:\/\/search.ancestry.de\/search\/db.aspx?dbid=30407\" target=\"_blank\">Ruhmeshalle der k.k. \u00f6sterreichischen Armee<\/a><\/td>\n<td>314<\/td>\n<\/tr>\n<tr>\n<td>811<\/td>\n<td><a href=\"https:\/\/search.ancestry.de\/search\/db.aspx?dbid=31744\" target=\"_blank\">S\u00e4chsischen Residenz-Stadt Dresden : W\u00f6chentlicher Anzeiger oder Nachricht<\/a><\/td>\n<td>8<\/td>\n<\/tr>\n<tr>\n<td>812<\/td>\n<td><a href=\"https:\/\/search.ancestry.de\/search\/db.aspx?dbid=32315\" target=\"_blank\">Salomon P\u00e9ricard, der Kolonisator<\/a><\/td>\n<td>13<\/td>\n<\/tr>\n<tr>\n<td>813<\/td>\n<td><a href=\"https:\/\/search.ancestry.de\/search\/db.aspx?dbid=32271\" target=\"_blank\">Sammlung etlicher Nachrichten aus der Zeit und dem Leben des D. Albrecht Joachim von Krakevitz<\/a><\/td>\n<td>178<\/td>\n<\/tr>\n<tr>\n<td>814<\/td>\n<td><a href=\"https:\/\/search.ancestry.de\/search\/db.aspx?dbid=32060\" target=\"_blank\">Sammlung rh\u00e4tischer Geschlechter : erster Jahrgang, 1847<\/a><\/td>\n<td>134<\/td>\n<\/tr>\n<tr>\n<td>815<\/td>\n<td><a href=\"https:\/\/search.ancestry.de\/search\/db.aspx?dbid=31621\" target=\"_blank\">Sammlung ungedruckter Urkunden und anderer zur Erl\u00e4uterung der Nieders\u00e4chsischen Geschichte und Alterth\u00fcmer&#8230;<\/a><\/td>\n<td>302<\/td>\n<\/tr>\n<tr>\n<td>816<\/td>\n<td><a href=\"https:\/\/search.ancestry.de\/search\/db.aspx?dbid=31749\" target=\"_blank\">Sammlung von Regesten zu einer Familien-Geschichte der Herren von Alten, 1182-1600<\/a><\/td>\n<td>77<\/td>\n<\/tr>\n<tr>\n<td>817<\/td>\n<td><a href=\"https:\/\/search.ancestry.de\/search\/db.aspx?dbid=30410\" target=\"_blank\">Sammlung Wilhelmsburger Heimatschriften, Band 2<\/a><\/td>\n<td>347<\/td>\n<\/tr>\n<tr>\n<td>818<\/td>\n<td><a href=\"https:\/\/search.ancestry.de\/search\/db.aspx?dbid=31944\" target=\"_blank\">Schematismus der Geistlichkeit der Di\u00f6zese Linz in Ober\u00f6sterreich f\u00fcr das Jahr 1888<\/a><\/td>\n<td>193<\/td>\n<\/tr>\n<tr>\n<td>819<\/td>\n<td><a href=\"https:\/\/search.ancestry.de\/search\/db.aspx?dbid=30465\" target=\"_blank\">Schnitzer&#8217;s Allgemeiner Fuhrwerker-Kalender, 1890<\/a><\/td>\n<td>212<\/td>\n<\/tr>\n<tr>\n<td>820<\/td>\n<td><a href=\"https:\/\/search.ancestry.de\/search\/db.aspx?dbid=31636\" target=\"_blank\">Sch\u00f6nhausen und die Familie von Bismark<\/a><\/td>\n<td>108<\/td>\n<\/tr>\n<tr>\n<td>821<\/td>\n<td><a href=\"https:\/\/search.ancestry.de\/search\/db.aspx?dbid=31648\" target=\"_blank\">Schw\u00e4bische Familienstiftung : Ein Auszug des letzten Willens der Stifterin Auguste Grubener, geb. Schwab<\/a><\/td>\n<td>29<\/td>\n<\/tr>\n<tr>\n<td>822<\/td>\n<td><a href=\"https:\/\/search.ancestry.de\/search\/db.aspx?dbid=48568\" target=\"_blank\">The Settlement of the German Coast of Louisiana and Creoles of German Descent (auf Englisch)<\/a><\/td>\n<td>158<\/td>\n<\/tr>\n<tr>\n<td>823<\/td>\n<td><a href=\"https:\/\/search.ancestry.de\/search\/db.aspx?dbid=31893\" target=\"_blank\">Sieben Jahrhunderte Flemmingscher Chronik : eine Festgabe zum Jahre 1909<\/a><\/td>\n<td>286<\/td>\n<\/tr>\n<tr>\n<td>824<\/td>\n<td><a href=\"https:\/\/search.ancestry.de\/search\/db.aspx?dbid=1282\" target=\"_blank\">Siebmachers Wappenbuch<\/a><\/td>\n<td>147252<\/td>\n<\/tr>\n<tr>\n<td>825<\/td>\n<td><a href=\"https:\/\/search.ancestry.de\/search\/db.aspx?dbid=31790\" target=\"_blank\">A sketch of the history of the war in Europe : from its commencement to the treaty of peace between France and Austria (auf Englisch)<\/a><\/td>\n<td>134<\/td>\n<\/tr>\n<tr>\n<td>826<\/td>\n<td><a href=\"https:\/\/search.ancestry.de\/search\/db.aspx?dbid=30476\" target=\"_blank\">Staats-Handbuch f\u00fcr die Herzogth\u00fcmer Schleswig-Holstein auf das Jahr 1849<\/a><\/td>\n<td>449<\/td>\n<\/tr>\n<tr>\n<td>827<\/td>\n<td><a href=\"https:\/\/search.ancestry.de\/search\/db.aspx?dbid=33542\" target=\"_blank\">Stadt Duisburg: H\u00e4user- und Wohnungsz\u00e4hlung vom 10. Oktober 1925 (auf Englisch)<\/a><\/td>\n<td>70<\/td>\n<\/tr>\n<tr>\n<td>828<\/td>\n<td><a href=\"https:\/\/search.ancestry.de\/search\/db.aspx?dbid=33541\" target=\"_blank\">Stadt Duisburg: Wohnungsz\u00e4hlung (verbunden mit Feststellung der Wohnungssuchenden) am 16. Mai 1927 (auf Englisch)<\/a><\/td>\n<td>23<\/td>\n<\/tr>\n<tr>\n<td>829<\/td>\n<td><a href=\"https:\/\/search.ancestry.de\/search\/db.aspx?dbid=32210\" target=\"_blank\">St\u00e4dt-Wappen von \u00d6sterreich-Ungarn nebst den Landeswappen und Landesfarben<\/a><\/td>\n<td>11<\/td>\n<\/tr>\n<tr>\n<td>830<\/td>\n<td><a href=\"https:\/\/search.ancestry.de\/search\/db.aspx?dbid=32042\" target=\"_blank\">Stamm Tafeln der Familie v. Schlichting<\/a><\/td>\n<td>10<\/td>\n<\/tr>\n<tr>\n<td>831<\/td>\n<td><a href=\"https:\/\/search.ancestry.de\/search\/db.aspx?dbid=32162\" target=\"_blank\">Stammbaum der Familie Bernbeck<\/a><\/td>\n<td>141<\/td>\n<\/tr>\n<tr>\n<td>832<\/td>\n<td><a href=\"https:\/\/search.ancestry.de\/search\/db.aspx?dbid=32339\" target=\"_blank\">Stammbaum der Familie Brunier und der mit derselben nahe verwandten Familien<\/a><\/td>\n<td>14<\/td>\n<\/tr>\n<tr>\n<td>833<\/td>\n<td><a href=\"https:\/\/search.ancestry.de\/search\/db.aspx?dbid=32017\" target=\"_blank\">Stammbaum der Familie Gmelin<\/a><\/td>\n<td>128<\/td>\n<\/tr>\n<tr>\n<td>834<\/td>\n<td><a href=\"https:\/\/search.ancestry.de\/search\/db.aspx?dbid=31888\" target=\"_blank\">Stammbaum der Familie Goldschmidt-Cassel<\/a><\/td>\n<td>38<\/td>\n<\/tr>\n<tr>\n<td>835<\/td>\n<td><a href=\"https:\/\/search.ancestry.de\/search\/db.aspx?dbid=31686\" target=\"_blank\">Stammbaum der Familie Greve in Osterode am Harz<\/a><\/td>\n<td>35<\/td>\n<\/tr>\n<tr>\n<td>836<\/td>\n<td><a href=\"https:\/\/search.ancestry.de\/search\/db.aspx?dbid=31928\" target=\"_blank\">Stammbaum der Familie Gries in Hamburg<\/a><\/td>\n<td>7<\/td>\n<\/tr>\n<tr>\n<td>837<\/td>\n<td><a href=\"https:\/\/search.ancestry.de\/search\/db.aspx?dbid=32250\" target=\"_blank\">Stammbaum der Familie Kr\u00f6hne<\/a><\/td>\n<td>52<\/td>\n<\/tr>\n<tr>\n<td>838<\/td>\n<td><a href=\"https:\/\/search.ancestry.de\/search\/db.aspx?dbid=31433\" target=\"_blank\">Stammbaum der Familie Schall von Erpfingen-Ludwigsburg : und insonderheit der Nachkommenschaft des Johann Karl Friedrich Schall, Dekans in D\u00fcrrmenz, 1754-1811<\/a><\/td>\n<td>12<\/td>\n<\/tr>\n<tr>\n<td>839<\/td>\n<td><a href=\"https:\/\/search.ancestry.de\/search\/db.aspx?dbid=32278\" target=\"_blank\">Stammbaum der Familie Scholinus<\/a><\/td>\n<td>18<\/td>\n<\/tr>\n<tr>\n<td>840<\/td>\n<td><a href=\"https:\/\/search.ancestry.de\/search\/db.aspx?dbid=34401\" target=\"_blank\">Stammbaum Der Familie Scholinus : allen Tr\u00e4gern und Freunden dieses Namens zugeeignet<\/a><\/td>\n<td>18<\/td>\n<\/tr>\n<tr>\n<td>841<\/td>\n<td><a href=\"https:\/\/search.ancestry.de\/search\/db.aspx?dbid=31640\" target=\"_blank\">Stammbaum der Familie Wedekind zur Horst<\/a><\/td>\n<td>30<\/td>\n<\/tr>\n<tr>\n<td>842<\/td>\n<td><a href=\"https:\/\/search.ancestry.de\/search\/db.aspx?dbid=31647\" target=\"_blank\">Stammbaum der Familie Winiwarter<\/a><\/td>\n<td>8<\/td>\n<\/tr>\n<tr>\n<td>843<\/td>\n<td><a href=\"https:\/\/search.ancestry.de\/search\/db.aspx?dbid=31902\" target=\"_blank\">Stammbaum der westf\u00e4lischen Familie Sarrazin<\/a><\/td>\n<td>111<\/td>\n<\/tr>\n<tr>\n<td>844<\/td>\n<td><a href=\"https:\/\/search.ancestry.de\/search\/db.aspx?dbid=31462\" target=\"_blank\">Stammbaum der W\u00fcrttembergischen Familie Ebner<\/a><\/td>\n<td>47<\/td>\n<\/tr>\n<tr>\n<td>845<\/td>\n<td><a href=\"https:\/\/search.ancestry.de\/search\/db.aspx?dbid=32229\" target=\"_blank\">Stamm-Baum und Geschlechts-Historie des Hochwohlgebohrnen Hauses der Herren von Grone auf Wester- und Kirchbrake von deren Ursprung, Ausbreitung, hohen geistlichen W\u00fcrden, Hof- und Kriegsbedingungen, Stiftungen und Schenkungen, Haus-Begebnissen und andere<\/a><\/td>\n<td>17<\/td>\n<\/tr>\n<tr>\n<td>846<\/td>\n<td><a href=\"https:\/\/search.ancestry.de\/search\/db.aspx?dbid=32020\" target=\"_blank\">Stammbaum, Nachrichten und Lebensbeschreibungen von der Familie M\u00f6ller-Nottebohm<\/a><\/td>\n<td>38<\/td>\n<\/tr>\n<tr>\n<td>847<\/td>\n<td><a href=\"https:\/\/search.ancestry.de\/search\/db.aspx?dbid=32169\" target=\"_blank\">Stammbuch der Familie Gleim : mit Angaben \u00fcber Seitenverwandte<\/a><\/td>\n<td>92<\/td>\n<\/tr>\n<tr>\n<td>848<\/td>\n<td><a href=\"https:\/\/search.ancestry.de\/search\/db.aspx?dbid=31817\" target=\"_blank\">Stammbuch der Frankfurter Juden : Geschichtliche Mitteilungen \u00fcber die Frankfurter j\u00fcdischen Familien von 1349-1849<\/a><\/td>\n<td>253<\/td>\n<\/tr>\n<tr>\n<td>849<\/td>\n<td><a href=\"https:\/\/search.ancestry.de\/search\/db.aspx?dbid=32251\" target=\"_blank\">Stammbuch des Geschlechts Glasewald<\/a><\/td>\n<td>72<\/td>\n<\/tr>\n<tr>\n<td>850<\/td>\n<td><a href=\"https:\/\/search.ancestry.de\/search\/db.aspx?dbid=32198\" target=\"_blank\">Stammg\u00fcter-System und Anerbenrecht in Deutschland<\/a><\/td>\n<td>68<\/td>\n<\/tr>\n<tr>\n<td>851<\/td>\n<td><a href=\"https:\/\/search.ancestry.de\/search\/db.aspx?dbid=31670\" target=\"_blank\">Stammtafel &#038; Register der Nachkommenschaft des Samuel Alexander Levi (Dann) aus Frankfurt\/Main<\/a><\/td>\n<td>33<\/td>\n<\/tr>\n<tr>\n<td>852<\/td>\n<td><a href=\"https:\/\/search.ancestry.de\/search\/db.aspx?dbid=31952\" target=\"_blank\">Stammtafel der Familie Bartenstein<\/a><\/td>\n<td>3<\/td>\n<\/tr>\n<tr>\n<td>853<\/td>\n<td><a href=\"https:\/\/search.ancestry.de\/search\/db.aspx?dbid=32232\" target=\"_blank\">Stammtafel der Familie Giseke, Gieseke und Giesecke<\/a><\/td>\n<td>14<\/td>\n<\/tr>\n<tr>\n<td>854<\/td>\n<td><a href=\"https:\/\/search.ancestry.de\/search\/db.aspx?dbid=31875\" target=\"_blank\">Stammtafel der regierenden F\u00fcrsten aus dem Welfenhause und ihrer Vorfahren<\/a><\/td>\n<td>7<\/td>\n<\/tr>\n<tr>\n<td>855<\/td>\n<td><a href=\"https:\/\/search.ancestry.de\/search\/db.aspx?dbid=31778\" target=\"_blank\">Stammtafel des Geschlechtes Wibel oder Wiebel vom Ende des 15. Jahrhunderts bis heute<\/a><\/td>\n<td>22<\/td>\n<\/tr>\n<tr>\n<td>856<\/td>\n<td><a href=\"https:\/\/search.ancestry.de\/search\/db.aspx?dbid=31860\" target=\"_blank\">Stammtafel des mediatisierten Hauses Fugger, 1904<\/a><\/td>\n<td>21<\/td>\n<\/tr>\n<tr>\n<td>857<\/td>\n<td><a href=\"https:\/\/search.ancestry.de\/search\/db.aspx?dbid=31859\" target=\"_blank\">Stammtafel des mediatisierten Hauses P\u00fcckler-Limpurg, 1898<\/a><\/td>\n<td>18<\/td>\n<\/tr>\n<tr>\n<td>858<\/td>\n<td><a href=\"https:\/\/search.ancestry.de\/search\/db.aspx?dbid=31913\" target=\"_blank\">Stammtafel des mediatisierten Hauses Rechteren-Limpurg<\/a><\/td>\n<td>13<\/td>\n<\/tr>\n<tr>\n<td>859<\/td>\n<td><a href=\"https:\/\/search.ancestry.de\/search\/db.aspx?dbid=32033\" target=\"_blank\">Stammtafeln der Familie Gans Edle Herren zu Putlitz : von ihrem ersten urkundlichen Auftreten bis zur Gegenwart<\/a><\/td>\n<td>52<\/td>\n<\/tr>\n<tr>\n<td>860<\/td>\n<td><a href=\"https:\/\/search.ancestry.de\/search\/db.aspx?dbid=32163\" target=\"_blank\">Stammtafeln der Familie von Bodenhausen mit Belegen<\/a><\/td>\n<td>236<\/td>\n<\/tr>\n<tr>\n<td>861<\/td>\n<td><a href=\"https:\/\/search.ancestry.de\/search\/db.aspx?dbid=32222\" target=\"_blank\">Stammtafeln der Familie von Poellnitz<\/a><\/td>\n<td>24<\/td>\n<\/tr>\n<tr>\n<td>862<\/td>\n<td><a href=\"https:\/\/search.ancestry.de\/search\/db.aspx?dbid=31435\" target=\"_blank\">Stamm-Tafeln des Adels des Gro\u00dfherzogthums Baden : ein neu bearbeitetes Adelsbuch<\/a><\/td>\n<td>8<\/td>\n<\/tr>\n<tr>\n<td>863<\/td>\n<td><a href=\"https:\/\/search.ancestry.de\/search\/db.aspx?dbid=32279\" target=\"_blank\">Stammtafeln des edlen Geschlechtes der B\u00e1thory von Simolin<\/a><\/td>\n<td>24<\/td>\n<\/tr>\n<tr>\n<td>864<\/td>\n<td><a href=\"https:\/\/search.ancestry.de\/search\/db.aspx?dbid=31858\" target=\"_blank\">Stammtafeln des Uradelichen Geschlechtes von Alten<\/a><\/td>\n<td>18<\/td>\n<\/tr>\n<tr>\n<td>865<\/td>\n<td><a href=\"https:\/\/search.ancestry.de\/search\/db.aspx?dbid=32207\" target=\"_blank\">Stammtafeln und kurzer Abriss der Geschichte der Familie Pagenstecher<\/a><\/td>\n<td>47<\/td>\n<\/tr>\n<tr>\n<td>866<\/td>\n<td><a href=\"https:\/\/search.ancestry.de\/search\/db.aspx?dbid=31476\" target=\"_blank\">Stammtafeln und Nachrichten von dem Geschlechte der Bar, de Bare, de Bere, de Baer, von Baar : jetzt von Bar im F\u00fcrstenthume Osnabr\u00fcck. Mit Urkunden<\/a><\/td>\n<td>98<\/td>\n<\/tr>\n<tr>\n<td>867<\/td>\n<td><a href=\"https:\/\/search.ancestry.de\/search\/db.aspx?dbid=31659\" target=\"_blank\">Stammtafeln. Mit Anhang: Calendarium medic aevi<\/a><\/td>\n<td>285<\/td>\n<\/tr>\n<tr>\n<td>868<\/td>\n<td><a href=\"https:\/\/search.ancestry.de\/search\/db.aspx?dbid=31891\" target=\"_blank\">Stamm-Taffeln gelehrter Leute<\/a><\/td>\n<td>203<\/td>\n<\/tr>\n<tr>\n<td>869<\/td>\n<td><a href=\"https:\/\/search.ancestry.de\/search\/db.aspx?dbid=33544\" target=\"_blank\">Statistischer Bericht \u00fcber die volkswirthschaftlichen Verh\u00e4ltnisse Schlesiens im Jahre 1890<\/a><\/td>\n<td>972<\/td>\n<\/tr>\n<tr>\n<td>870<\/td>\n<td><a href=\"https:\/\/search.ancestry.de\/search\/db.aspx?dbid=31687\" target=\"_blank\">Statistisches Handbuch der Landwirthschaft und geographisches Ortslexikon vom Herzogthum Anhalt<\/a><\/td>\n<td>150<\/td>\n<\/tr>\n<tr>\n<td>871<\/td>\n<td><a href=\"https:\/\/search.ancestry.de\/search\/db.aspx?dbid=31885\" target=\"_blank\">Statuten der Stulzischen Waisen-Anstalt in Lichtenthal bei Baden<\/a><\/td>\n<td>32<\/td>\n<\/tr>\n<tr>\n<td>872<\/td>\n<td><a href=\"https:\/\/search.ancestry.de\/search\/db.aspx?dbid=32246\" target=\"_blank\">Statuten und Stamm-Tafeln zur Focke&#8217;schen Familien- stiftung<\/a><\/td>\n<td>96<\/td>\n<\/tr>\n<tr>\n<td>873<\/td>\n<td><a href=\"https:\/\/search.ancestry.de\/search\/db.aspx?dbid=31804\" target=\"_blank\">Steierm\u00e4rkisches Wappen-Buch<\/a><\/td>\n<td>238<\/td>\n<\/tr>\n<tr>\n<td>874<\/td>\n<td><a href=\"https:\/\/search.ancestry.de\/search\/db.aspx?dbid=31754\" target=\"_blank\">Studien zur Geschichte der s\u00e4chsischen Plastik der Sp\u00e4trenaissance und Barock-Zeit<\/a><\/td>\n<td>94<\/td>\n<\/tr>\n<tr>\n<td>875<\/td>\n<td><a href=\"https:\/\/search.ancestry.de\/search\/db.aspx?dbid=31678\" target=\"_blank\">Systematisches Reportorium \u00fcber die Schriften s\u00e4mtlicher historischer Gesellschaften Deutschlands<\/a><\/td>\n<td>349<\/td>\n<\/tr>\n<tr>\n<td>876<\/td>\n<td><a href=\"https:\/\/search.ancestry.de\/search\/db.aspx?dbid=31973\" target=\"_blank\">Taschenbuch des Geschlechts von Oertzen<\/a><\/td>\n<td>49<\/td>\n<\/tr>\n<tr>\n<td>877<\/td>\n<td><a href=\"https:\/\/search.ancestry.de\/search\/db.aspx?dbid=31702\" target=\"_blank\">Thurgauische Beitr\u00e4ge zur vaterl\u00e4ndischen Geschichte<\/a><\/td>\n<td>144<\/td>\n<\/tr>\n<tr>\n<td>878<\/td>\n<td><a href=\"https:\/\/search.ancestry.de\/search\/db.aspx?dbid=32009\" target=\"_blank\">Th\u00fcringen in der Gegenwart<\/a><\/td>\n<td>120<\/td>\n<\/tr>\n<tr>\n<td>879<\/td>\n<td><a href=\"https:\/\/search.ancestry.de\/search\/db.aspx?dbid=32336\" target=\"_blank\">Toggenburger Chronik : urkundliche Geschichte s\u00e4mmtlicher kath. &#038; evang. Kirchgemeinden der Landschaft Toggenburg<\/a><\/td>\n<td>254<\/td>\n<\/tr>\n<tr>\n<td>880<\/td>\n<td><a href=\"https:\/\/search.ancestry.de\/search\/db.aspx?dbid=31943\" target=\"_blank\">Topographisch-historische Beschreibungen der St\u00e4dte, Aemter und adelichen Gerichte im F\u00fcrstenthum L\u00fcneburg<\/a><\/td>\n<td>464<\/td>\n<\/tr>\n<tr>\n<td>881<\/td>\n<td><a href=\"https:\/\/search.ancestry.de\/search\/db.aspx?dbid=31716\" target=\"_blank\">Torzsa und seine Ansiedlung<\/a><\/td>\n<td>69<\/td>\n<\/tr>\n<tr>\n<td>882<\/td>\n<td><a href=\"https:\/\/search.ancestry.de\/search\/db.aspx?dbid=9947\" target=\"_blank\">Deutschland, Bayern, Traunstein, Familienbogen 1830-1900<\/a><\/td>\n<td>54076<\/td>\n<\/tr>\n<tr>\n<td>883<\/td>\n<td><a href=\"https:\/\/search.ancestry.de\/search\/db.aspx?dbid=61343\" target=\"_blank\">Traunstein, Deutschland, Familien- und Personalb\u00f6gen, 1840-1910<\/a><\/td>\n<td>45776<\/td>\n<\/tr>\n<tr>\n<td>884<\/td>\n<td><a href=\"https:\/\/search.ancestry.de\/search\/db.aspx?dbid=31475\" target=\"_blank\">Tscherningsches Vergissmeinnicht : Altes und Neues \u00fcber die Familie Tschernings aus Bunzlau in Schlesien<\/a><\/td>\n<td>126<\/td>\n<\/tr>\n<tr>\n<td>885<\/td>\n<td><a href=\"https:\/\/search.ancestry.de\/search\/db.aspx?dbid=31630\" target=\"_blank\">Uber die Natur die weiblichen Erbfolge in Allodial- Stamm- und altv\u00e4terliche G\u00fcter nach Erl\u00f6schen des Mannsstammes, sowohl beim hohen als niedern Adel in Deutschland<\/a><\/td>\n<td>133<\/td>\n<\/tr>\n<tr>\n<td>886<\/td>\n<td><a href=\"https:\/\/search.ancestry.de\/search\/db.aspx?dbid=31795\" target=\"_blank\">\u00dcber w\u00fcrttembergische Waldenserkolonisten in den Jahren 1717 bis 1720<\/a><\/td>\n<td>23<\/td>\n<\/tr>\n<tr>\n<td>887<\/td>\n<td><a href=\"https:\/\/search.ancestry.de\/search\/db.aspx?dbid=32007\" target=\"_blank\">Ueber Archive, deren Natur und Eigenschaften<\/a><\/td>\n<td>220<\/td>\n<\/tr>\n<tr>\n<td>888<\/td>\n<td><a href=\"https:\/\/search.ancestry.de\/search\/db.aspx?dbid=34441\" target=\"_blank\">Une Famille De Savoie Amie De Gen\u00e9ve. Les d&#8217;Alinge (auf Franz\u00f6sisch)<\/a><\/td>\n<td>25<\/td>\n<\/tr>\n<tr>\n<td>889<\/td>\n<td><a href=\"https:\/\/search.ancestry.de\/search\/db.aspx?dbid=31856\" target=\"_blank\">Unser Stammbaum : zusammengestellt und unseren Nachkommen und Verwandten hinterlassen<\/a><\/td>\n<td>63<\/td>\n<\/tr>\n<tr>\n<td>890<\/td>\n<td><a href=\"https:\/\/search.ancestry.de\/search\/db.aspx?dbid=32285\" target=\"_blank\">Unsere Hauschronik : Geschichte der Familie Hase in vier Jahrhunderten<\/a><\/td>\n<td>233<\/td>\n<\/tr>\n<tr>\n<td>891<\/td>\n<td><a href=\"https:\/\/search.ancestry.de\/search\/db.aspx?dbid=32260\" target=\"_blank\">Unsere Voreltern und unsere Eltern<\/a><\/td>\n<td>201<\/td>\n<\/tr>\n<tr>\n<td>892<\/td>\n<td><a href=\"https:\/\/search.ancestry.de\/search\/db.aspx?dbid=30249\" target=\"_blank\">Unter den vier ersten K\u00f6nigen Bayerns<\/a><\/td>\n<td>206<\/td>\n<\/tr>\n<tr>\n<td>893<\/td>\n<td><a href=\"https:\/\/search.ancestry.de\/search\/db.aspx?dbid=31723\" target=\"_blank\">Unter welfischem Scepter<\/a><\/td>\n<td>58<\/td>\n<\/tr>\n<tr>\n<td>894<\/td>\n<td><a href=\"https:\/\/search.ancestry.de\/search\/db.aspx?dbid=31987\" target=\"_blank\">Urkunden der Stadt G\u00f6ttingen aus dem XVI. Jahrhundert : Beitr\u00e4ge zur Geschichte von Braunschweig-L\u00fcneburg, 1500-1533<\/a><\/td>\n<td>248<\/td>\n<\/tr>\n<tr>\n<td>895<\/td>\n<td><a href=\"https:\/\/search.ancestry.de\/search\/db.aspx?dbid=32097\" target=\"_blank\">Urkunden und Akten-Sammlung der Gemeinde Ragaz<\/a><\/td>\n<td>148<\/td>\n<\/tr>\n<tr>\n<td>896<\/td>\n<td><a href=\"https:\/\/search.ancestry.de\/search\/db.aspx?dbid=32022\" target=\"_blank\">Urkunden und historische Nachrichten der Ketelhodtschen Familie<\/a><\/td>\n<td>174<\/td>\n<\/tr>\n<tr>\n<td>897<\/td>\n<td><a href=\"https:\/\/search.ancestry.de\/search\/db.aspx?dbid=31492\" target=\"_blank\">Urkunden und Regesten zur Genealogie derer von Scheven<\/a><\/td>\n<td>144<\/td>\n<\/tr>\n<tr>\n<td>898<\/td>\n<td><a href=\"https:\/\/search.ancestry.de\/search\/db.aspx?dbid=31894\" target=\"_blank\">Urkunden und Regesten zur Geschichte der Burggrafen und Freiherren von Hammerstein<\/a><\/td>\n<td>462<\/td>\n<\/tr>\n<tr>\n<td>899<\/td>\n<td><a href=\"https:\/\/search.ancestry.de\/search\/db.aspx?dbid=31588\" target=\"_blank\">Urkunden und Regesten zur Geschichte des uradeligen Geschlechts der Herren von dem Knesebeck<\/a><\/td>\n<td>52<\/td>\n<\/tr>\n<tr>\n<td>900<\/td>\n<td><a href=\"https:\/\/search.ancestry.de\/search\/db.aspx?dbid=32341\" target=\"_blank\">Urkunden zur Geschichte hugenottischer Gemeinden in Deutschland, Zehnt 2, H. 10<\/a><\/td>\n<td>30<\/td>\n<\/tr>\n<tr>\n<td>901<\/td>\n<td><a href=\"https:\/\/search.ancestry.de\/search\/db.aspx?dbid=32369\" target=\"_blank\">Urkunden zur Geschichte hugenottischer Gemeinden in Deutschland, Zehnt 3, H. 10<\/a><\/td>\n<td>32<\/td>\n<\/tr>\n<tr>\n<td>902<\/td>\n<td><a href=\"https:\/\/search.ancestry.de\/search\/db.aspx?dbid=32363\" target=\"_blank\">Urkunden zur Geschichte hugenottischer Gemeinden in Deutschland, Zehnt 5, H. 10<\/a><\/td>\n<td>41<\/td>\n<\/tr>\n<tr>\n<td>903<\/td>\n<td><a href=\"https:\/\/search.ancestry.de\/search\/db.aspx?dbid=32291\" target=\"_blank\">Urkunden zur Geschichte hugenottischer Gemeinden in Deutschland, Zehnt 7, H. 10<\/a><\/td>\n<td>37<\/td>\n<\/tr>\n<tr>\n<td>904<\/td>\n<td><a href=\"https:\/\/search.ancestry.de\/search\/db.aspx?dbid=32326\" target=\"_blank\">Urkunden zur Geschichte hugenottischer Gemeinden in Deutschland, Zehnt 8, H. 10<\/a><\/td>\n<td>29<\/td>\n<\/tr>\n<tr>\n<td>905<\/td>\n<td><a href=\"https:\/\/search.ancestry.de\/search\/db.aspx?dbid=32322\" target=\"_blank\">Urkunden zur Geschichte hugenottischer Gemeinden in Deutschland, Zehnt 9, H. 10<\/a><\/td>\n<td>34<\/td>\n<\/tr>\n<tr>\n<td>906<\/td>\n<td><a href=\"https:\/\/search.ancestry.de\/search\/db.aspx?dbid=31851\" target=\"_blank\">Urkunden, Aktenst\u00fccke und Briefe zur Geschichte der Anhaltischen Lande und ihrer F\u00fcrsten unter dem Drucke des drei\u00dfigj\u00e4hrigen Krieges Bde. 2-4.<\/a><\/td>\n<td>1346<\/td>\n<\/tr>\n<tr>\n<td>907<\/td>\n<td><a href=\"https:\/\/search.ancestry.de\/search\/db.aspx?dbid=31850\" target=\"_blank\">Urkunden, Aktenst\u00fccke und Briefe zur Geschichte der Anhaltischen Lande und ihrer F\u00fcrsten unter dem Drucke des drei\u00dfigj\u00e4hrigen Krieges. Band 5, Abteilung 1: 1642-1645.<\/a><\/td>\n<td>227<\/td>\n<\/tr>\n<tr>\n<td>908<\/td>\n<td><a href=\"https:\/\/search.ancestry.de\/search\/db.aspx?dbid=31849\" target=\"_blank\">Urkunden, Aktenst\u00fccke und Briefe zur Geschichte der Anhaltischen Lande und ihrer F\u00fcrsten unter dem Drucke des drei\u00dfigj\u00e4hrigen Krieges. Band 5, Abteilung 2: 1645-1650.<\/a><\/td>\n<td>270<\/td>\n<\/tr>\n<tr>\n<td>909<\/td>\n<td><a href=\"https:\/\/search.ancestry.de\/search\/db.aspx?dbid=32189\" target=\"_blank\">Urkundenbuch der Familie von Heimbruch. Anhang<\/a><\/td>\n<td>164<\/td>\n<\/tr>\n<tr>\n<td>910<\/td>\n<td><a href=\"https:\/\/search.ancestry.de\/search\/db.aspx?dbid=32191\" target=\"_blank\">Urkundenbuch der Familie von Heimbruch. Band 1<\/a><\/td>\n<td>25<\/td>\n<\/tr>\n<tr>\n<td>911<\/td>\n<td><a href=\"https:\/\/search.ancestry.de\/search\/db.aspx?dbid=32190\" target=\"_blank\">Urkundenbuch der Familie von Heimbruch. Band 2<\/a><\/td>\n<td>124<\/td>\n<\/tr>\n<tr>\n<td>912<\/td>\n<td><a href=\"https:\/\/search.ancestry.de\/search\/db.aspx?dbid=31784\" target=\"_blank\">Urkundenbuch der Familie von Krosigk : eine Sammlung von Regesten, Urkunden und sonstigen Nachrichten zur Geschichte der Herren von Krosigk und ihere Besitzungen<\/a><\/td>\n<td>386<\/td>\n<\/tr>\n<tr>\n<td>913<\/td>\n<td><a href=\"https:\/\/search.ancestry.de\/search\/db.aspx?dbid=32265\" target=\"_blank\">Urkunden-Buch der Familie von Zwehl<\/a><\/td>\n<td>97<\/td>\n<\/tr>\n<tr>\n<td>914<\/td>\n<td><a href=\"https:\/\/search.ancestry.de\/search\/db.aspx?dbid=31671\" target=\"_blank\">Urkundenbuch der Stadt G\u00f6ttingen bis zum Jahre 1400<\/a><\/td>\n<td>245<\/td>\n<\/tr>\n<tr>\n<td>915<\/td>\n<td><a href=\"https:\/\/search.ancestry.de\/search\/db.aspx?dbid=31577\" target=\"_blank\">Urkundenbuch der Stadt Grimma und des Klosters Nimbschen<\/a><\/td>\n<td>249<\/td>\n<\/tr>\n<tr>\n<td>916<\/td>\n<td><a href=\"https:\/\/search.ancestry.de\/search\/db.aspx?dbid=31672\" target=\"_blank\">Urkundenbuch der Stadt Hannover. Erster Theil. Vom Ursprunge bis 1369<\/a><\/td>\n<td>276<\/td>\n<\/tr>\n<tr>\n<td>917<\/td>\n<td><a href=\"https:\/\/search.ancestry.de\/search\/db.aspx?dbid=31924\" target=\"_blank\">Urkunden-Buch der Stadt Liegnitz und ihres Weichbildes bis zum Jahre 1455<\/a><\/td>\n<td>280<\/td>\n<\/tr>\n<tr>\n<td>918<\/td>\n<td><a href=\"https:\/\/search.ancestry.de\/search\/db.aspx?dbid=31706\" target=\"_blank\">Urkunden-Buch der Stadt L\u00fcbeck, Teil 11<\/a><\/td>\n<td>18<\/td>\n<\/tr>\n<tr>\n<td>919<\/td>\n<td><a href=\"https:\/\/search.ancestry.de\/search\/db.aspx?dbid=31705\" target=\"_blank\">Urkunden-Buch der Stadt L\u00fcbeck, Teil 7<\/a><\/td>\n<td>82<\/td>\n<\/tr>\n<tr>\n<td>920<\/td>\n<td><a href=\"https:\/\/search.ancestry.de\/search\/db.aspx?dbid=31957\" target=\"_blank\">Urkundenbuch der Stadt Rottweil. Erster Band<\/a><\/td>\n<td>412<\/td>\n<\/tr>\n<tr>\n<td>921<\/td>\n<td><a href=\"https:\/\/search.ancestry.de\/search\/db.aspx?dbid=29553\" target=\"_blank\">Urkundenbuch des altfreien Geschlechtes der Barone, Grafen und Herren von Alten<\/a><\/td>\n<td>459<\/td>\n<\/tr>\n<tr>\n<td>922<\/td>\n<td><a href=\"https:\/\/search.ancestry.de\/search\/db.aspx?dbid=32110\" target=\"_blank\">Urkundenbuch des Benedictiner-Stiftes Seitenstetten<\/a><\/td>\n<td>215<\/td>\n<\/tr>\n<tr>\n<td>923<\/td>\n<td><a href=\"https:\/\/search.ancestry.de\/search\/db.aspx?dbid=32088\" target=\"_blank\">Urkundenbuch des Geschlechts Momm oder Mumm. Band 1<\/a><\/td>\n<td>257<\/td>\n<\/tr>\n<tr>\n<td>924<\/td>\n<td><a href=\"https:\/\/search.ancestry.de\/search\/db.aspx?dbid=32087\" target=\"_blank\">Urkundenbuch des Geschlechts Momm oder Mumm. Band 2<\/a><\/td>\n<td>25<\/td>\n<\/tr>\n<tr>\n<td>925<\/td>\n<td><a href=\"https:\/\/search.ancestry.de\/search\/db.aspx?dbid=32092\" target=\"_blank\">Urkundenbuch des in der Grafschaft Wernigerode belegenen Klosters Dr\u00fcbeck vom Jahr 877-1594<\/a><\/td>\n<td>214<\/td>\n<\/tr>\n<tr>\n<td>926<\/td>\n<td><a href=\"https:\/\/search.ancestry.de\/search\/db.aspx?dbid=31783\" target=\"_blank\">Urkunden-Regesten zur Geschichte und Genealogie der Herren von Kotze : nebst einer Einleitung in die Familien-Geschichte, kurzen \u00dcbersicht derselben und des Familien-Grundbesitzes<\/a><\/td>\n<td>322<\/td>\n<\/tr>\n<tr>\n<td>927<\/td>\n<td><a href=\"https:\/\/search.ancestry.de\/search\/db.aspx?dbid=32171\" target=\"_blank\">Urkundliche Beitr\u00e4ge zur Geschichte der edlen Herren von Biberstein und ihrer G\u00fcter : aus dem handscriftlichen Nachlass des Generalmajors Paul Rogalla von Bieberstein<\/a><\/td>\n<td>264<\/td>\n<\/tr>\n<tr>\n<td>928<\/td>\n<td><a href=\"https:\/\/search.ancestry.de\/search\/db.aspx?dbid=31954\" target=\"_blank\">Urkundliche Chronik der Familien Bartsch zu Striegau, Liegnitz, Jauer, Freiburg<\/a><\/td>\n<td>664<\/td>\n<\/tr>\n<tr>\n<td>929<\/td>\n<td><a href=\"https:\/\/search.ancestry.de\/search\/db.aspx?dbid=31489\" target=\"_blank\">Urkundliche Geschichte der Familie von Pentz Band 1<\/a><\/td>\n<td>379<\/td>\n<\/tr>\n<tr>\n<td>930<\/td>\n<td><a href=\"https:\/\/search.ancestry.de\/search\/db.aspx?dbid=31470\" target=\"_blank\">Urkundliche Geschichte der Familie von Pentz. Band 2<\/a><\/td>\n<td>380<\/td>\n<\/tr>\n<tr>\n<td>931<\/td>\n<td><a href=\"https:\/\/search.ancestry.de\/search\/db.aspx?dbid=31769\" target=\"_blank\">Urkundliche Geschichte der Tettau und Kinsky<\/a><\/td>\n<td>308<\/td>\n<\/tr>\n<tr>\n<td>932<\/td>\n<td><a href=\"https:\/\/search.ancestry.de\/search\/db.aspx?dbid=32058\" target=\"_blank\">Urkundliche Geschichte des Geschlechts der von Hanstein : in dem Eichsfeld in Preussen (Provinz Sachsen). Band 1<\/a><\/td>\n<td>265<\/td>\n<\/tr>\n<tr>\n<td>933<\/td>\n<td><a href=\"https:\/\/search.ancestry.de\/search\/db.aspx?dbid=32057\" target=\"_blank\">Urkundliche Geschichte des Geschlechts der von Hanstein : in dem Eichsfeld in Preussen (Provinz Sachsen). Band 2<\/a><\/td>\n<td>425<\/td>\n<\/tr>\n<tr>\n<td>934<\/td>\n<td><a href=\"https:\/\/search.ancestry.de\/search\/db.aspx?dbid=32178\" target=\"_blank\">Urkundliche Geschichte des reichsritterlichen Geschlechtes Eberstein vom Eberstein auf der Rh\u00f6n. Band 1<\/a><\/td>\n<td>252<\/td>\n<\/tr>\n<tr>\n<td>935<\/td>\n<td><a href=\"https:\/\/search.ancestry.de\/search\/db.aspx?dbid=32177\" target=\"_blank\">Urkundliche Geschichte des reichsritterlichen Geschlechtes Eberstein vom Eberstein auf der Rh\u00f6n. Band 2<\/a><\/td>\n<td>193<\/td>\n<\/tr>\n<tr>\n<td>936<\/td>\n<td><a href=\"https:\/\/search.ancestry.de\/search\/db.aspx?dbid=32176\" target=\"_blank\">Urkundliche Geschichte des reichsritterlichen Geschlechtes Eberstein vom Eberstein auf der Rh\u00f6n. Band 3<\/a><\/td>\n<td>222<\/td>\n<\/tr>\n<tr>\n<td>937<\/td>\n<td><a href=\"https:\/\/search.ancestry.de\/search\/db.aspx?dbid=31935\" target=\"_blank\">Urkundliche Geschichte Eislebens bis zum Ende des zw\u00f6lften Jahrhunderts<\/a><\/td>\n<td>23<\/td>\n<\/tr>\n<tr>\n<td>938<\/td>\n<td><a href=\"https:\/\/search.ancestry.de\/search\/db.aspx?dbid=31469\" target=\"_blank\">Urkundliche Geschichte nebst Urkunden der Edlen Herren von Heyden in Westfalen<\/a><\/td>\n<td>249<\/td>\n<\/tr>\n<tr>\n<td>939<\/td>\n<td><a href=\"https:\/\/search.ancestry.de\/search\/db.aspx?dbid=31681\" target=\"_blank\">Urkundliche Nachrichten \u00fcber die St\u00e4dte, D\u00f6rfer und G\u00fcter des Kreises Wei\u00dfensee : Beitrag zu einem Codex Thuringiae Diplomaticus<\/a><\/td>\n<td>383<\/td>\n<\/tr>\n<tr>\n<td>940<\/td>\n<td><a href=\"https:\/\/search.ancestry.de\/search\/db.aspx?dbid=32241\" target=\"_blank\">Urkundliche Nachrichten \u00fcber die Urspr\u00fcnge des Namens und Wappens des als Erbtruchsesse (Dapiferi) und Burggrafen<\/a><\/td>\n<td>25<\/td>\n<\/tr>\n<tr>\n<td>941<\/td>\n<td><a href=\"https:\/\/search.ancestry.de\/search\/db.aspx?dbid=31811\" target=\"_blank\">Veldkirch. Das ist, historische Beschreibung der loblichen 0:0: vor dem Arlenberg gelegnen Statt Veldkirch&#8230;<\/a><\/td>\n<td>75<\/td>\n<\/tr>\n<tr>\n<td>942<\/td>\n<td><a href=\"https:\/\/search.ancestry.de\/search\/db.aspx?dbid=32275\" target=\"_blank\">Verbesserungen und Erg\u00e4nzungen zu den Stammtafeln der Familie Francke in Weida<\/a><\/td>\n<td>49<\/td>\n<\/tr>\n<tr>\n<td>943<\/td>\n<td><a href=\"https:\/\/search.ancestry.de\/search\/db.aspx?dbid=22647\" target=\"_blank\">Versuch den Ursprung und die Genealogie der Rheinpf\u00e4lzischen Familie Ritter zu verzeichnen<\/a><\/td>\n<td>51<\/td>\n<\/tr>\n<tr>\n<td>944<\/td>\n<td><a href=\"https:\/\/search.ancestry.de\/search\/db.aspx?dbid=31593\" target=\"_blank\">Versuch einer Geschlechtsgeschichte des hochadeligen Hauses der Herren Behr im Hannoverschen und Curl\u00e4ndischen : aus theils bereits gedruckten, theils ungedruckten Urkunden entworfen<\/a><\/td>\n<td>311<\/td>\n<\/tr>\n<tr>\n<td>945<\/td>\n<td><a href=\"https:\/\/search.ancestry.de\/search\/db.aspx?dbid=32013\" target=\"_blank\">Verzeichniss der B\u00fcrgerschaft der Stadt Schaffhausen<\/a><\/td>\n<td>40<\/td>\n<\/tr>\n<tr>\n<td>946<\/td>\n<td><a href=\"https:\/\/search.ancestry.de\/search\/db.aspx?dbid=32223\" target=\"_blank\">Vollst\u00e4ndige Geschichte des Herzogthums Zweibr\u00fccken und seiner F\u00fcrsten<\/a><\/td>\n<td>292<\/td>\n<\/tr>\n<tr>\n<td>947<\/td>\n<td><a href=\"https:\/\/search.ancestry.de\/search\/db.aspx?dbid=31482\" target=\"_blank\">von Levetzowsche Familienbl\u00e4tter<\/a><\/td>\n<td>159<\/td>\n<\/tr>\n<tr>\n<td>948<\/td>\n<td><a href=\"https:\/\/search.ancestry.de\/search\/db.aspx?dbid=32194\" target=\"_blank\">Vor dreissig Jahren, R\u00fcckerinnerungen eines Dreiundachtzigers<\/a><\/td>\n<td>119<\/td>\n<\/tr>\n<tr>\n<td>949<\/td>\n<td><a href=\"https:\/\/search.ancestry.de\/search\/db.aspx?dbid=26033\" target=\"_blank\">Wahnfried<\/a><\/td>\n<td>131<\/td>\n<\/tr>\n<tr>\n<td>950<\/td>\n<td><a href=\"https:\/\/search.ancestry.de\/search\/db.aspx?dbid=31940\" target=\"_blank\">Wappen und Stammen der Grafen Hundt von Lauterbach : im Bezirksamte Dachau<\/a><\/td>\n<td>5<\/td>\n<\/tr>\n<tr>\n<td>951<\/td>\n<td><a href=\"https:\/\/search.ancestry.de\/search\/db.aspx?dbid=31726\" target=\"_blank\">Wappenbuch des deutschen Episcopates<\/a><\/td>\n<td>73<\/td>\n<\/tr>\n<tr>\n<td>952<\/td>\n<td><a href=\"https:\/\/search.ancestry.de\/search\/db.aspx?dbid=32099\" target=\"_blank\">Wappenb\u00fcchlein zur Erkl\u00e4rung von einfachen und zusammengesetzten Schilden und Kleinoden deutscher Gebietswappen<\/a><\/td>\n<td>37<\/td>\n<\/tr>\n<tr>\n<td>953<\/td>\n<td><a href=\"https:\/\/search.ancestry.de\/search\/db.aspx?dbid=32209\" target=\"_blank\">Wappentafel der Schildner zum Schneggen in Z\u00fcrich, 1637<\/a><\/td>\n<td>5<\/td>\n<\/tr>\n<tr>\n<td>954<\/td>\n<td><a href=\"https:\/\/search.ancestry.de\/search\/db.aspx?dbid=31985\" target=\"_blank\">Western Europe in the fifth century : an aftermath<\/a><\/td>\n<td>202<\/td>\n<\/tr>\n<tr>\n<td>955<\/td>\n<td><a href=\"https:\/\/search.ancestry.de\/search\/db.aspx?dbid=30413\" target=\"_blank\">Wiener Almanach, 1906<\/a><\/td>\n<td>598<\/td>\n<\/tr>\n<tr>\n<td>956<\/td>\n<td><a href=\"https:\/\/search.ancestry.de\/search\/db.aspx?dbid=32095\" target=\"_blank\">Wiener Kommunal Kalender und st\u00e4dtisches Jahrbuch<\/a><\/td>\n<td>250<\/td>\n<\/tr>\n<tr>\n<td>957<\/td>\n<td><a href=\"https:\/\/search.ancestry.de\/search\/db.aspx?dbid=33545\" target=\"_blank\">Wirthschafts- Und Kanzley-Kalender Auf Das 1778 Jahr: Zu Ehren S. Adalberti, Nebst Einem Alphabetischen Register Der Hohen Adelichen Standesgeschlechter Des K\u00f6nigreichs B\u00f6heim (B\u00f6hmen)<\/a><\/td>\n<td>178<\/td>\n<\/tr>\n<tr>\n<td>958<\/td>\n<td><a href=\"https:\/\/search.ancestry.de\/search\/db.aspx?dbid=61389\" target=\"_blank\">W\u00fcrttemberg, Deutschland, Familienregister 1550-1985<\/a><\/td>\n<td>6422547<\/td>\n<\/tr>\n<tr>\n<td>959<\/td>\n<td><a href=\"https:\/\/search.ancestry.de\/search\/db.aspx?dbid=60783\" target=\"_blank\">W\u00fcrzburg, Deutschland, deportierte Juden, 1941-1943 (auf Englisch)<\/a><\/td>\n<td>276<\/td>\n<\/tr>\n<tr>\n<td>960<\/td>\n<td><a href=\"https:\/\/search.ancestry.de\/search\/db.aspx?dbid=60816\" target=\"_blank\">Zb\u0105szy\u0144, Polen, polnisch-deutsche Kinder, die aus Deutschland vertrieben wurden, 1938 (auf Englisch)<\/a><\/td>\n<td>219<\/td>\n<\/tr>\n<tr>\n<td>961<\/td>\n<td><a href=\"https:\/\/search.ancestry.de\/search\/db.aspx?dbid=31663\" target=\"_blank\">Zehn posener Leichenpredigten der Marienkirchen-Bibliotek zu Frankfurt a. d. O<\/a><\/td>\n<td>13<\/td>\n<\/tr>\n<tr>\n<td>962<\/td>\n<td><a href=\"https:\/\/search.ancestry.de\/search\/db.aspx?dbid=32257\" target=\"_blank\">\u017didlochovice, mesto na Morave (auf Tschechisch)<\/a><\/td>\n<td>35<\/td>\n<\/tr>\n<tr>\n<td>963<\/td>\n<td><a href=\"https:\/\/search.ancestry.de\/search\/db.aspx?dbid=32239\" target=\"_blank\">Zur Abwehr der Angriffe des Herrn Herman Friedrich Macco in Aachen<\/a><\/td>\n<td>9<\/td>\n<\/tr>\n<tr>\n<td>964<\/td>\n<td><a href=\"https:\/\/search.ancestry.de\/search\/db.aspx?dbid=31667\" target=\"_blank\">Zur Familiengeschichte des Deutschen, insonderheit des Meissnischen Adels, von 1570 bis ca. 1820<\/a><\/td>\n<td>201<\/td>\n<\/tr>\n<tr>\n<td>965<\/td>\n<td><a href=\"https:\/\/search.ancestry.de\/search\/db.aspx?dbid=32231\" target=\"_blank\">Zur Genealogie des Dortmunder Grafengechlechts von Dortmund<\/a><\/td>\n<td>9<\/td>\n<\/tr>\n<tr>\n<td>966<\/td>\n<td><a href=\"https:\/\/search.ancestry.de\/search\/db.aspx?dbid=32002\" target=\"_blank\">Zur Geschichte der Familie Kneer<\/a><\/td>\n<td>42<\/td>\n<\/tr>\n<tr>\n<td>967<\/td>\n<td><a href=\"https:\/\/search.ancestry.de\/search\/db.aspx?dbid=31488\" target=\"_blank\">Zur Geschichte der Familie Roscher in Niedersachsen<\/a><\/td>\n<td>98<\/td>\n<\/tr>\n<tr>\n<td>968<\/td>\n<td><a href=\"https:\/\/search.ancestry.de\/search\/db.aspx?dbid=31966\" target=\"_blank\">Zur Geschichte der Familie von der Marwitz : Regesten, Stammtafeln und andere Materialien<\/a><\/td>\n<td>80<\/td>\n<\/tr>\n<tr>\n<td>969<\/td>\n<td><a href=\"https:\/\/search.ancestry.de\/search\/db.aspx?dbid=32136\" target=\"_blank\">Zur Geschichte der Familien Kaufmann aus Bonn und von Pelzer aus K\u00f6ln<\/a><\/td>\n<td>80<\/td>\n<\/tr>\n<tr>\n<td>970<\/td>\n<td><a href=\"https:\/\/search.ancestry.de\/search\/db.aspx?dbid=31477\" target=\"_blank\">Zur Geschichte der Fideicommisse : Separat-Abdruck aus den Excursen \u00fcber \u00f6sterreichisches allgemeines b\u00fcrgerliches Recht<\/a><\/td>\n<td>61<\/td>\n<\/tr>\n<tr>\n<td>971<\/td>\n<td><a href=\"https:\/\/search.ancestry.de\/search\/db.aspx?dbid=32373\" target=\"_blank\">Zur Geschichte der franz\u00f6sisch-reformirten Gemeinde in Altona<\/a><\/td>\n<td>9<\/td>\n<\/tr>\n<tr>\n<td>972<\/td>\n<td><a href=\"https:\/\/search.ancestry.de\/search\/db.aspx?dbid=32358\" target=\"_blank\">Zur Geschichte der Waldensergemeinde Pinache in W\u00fcrttemberg<\/a><\/td>\n<td>18<\/td>\n<\/tr>\n<tr>\n<td>973<\/td>\n<td><a href=\"https:\/\/search.ancestry.de\/search\/db.aspx?dbid=32008\" target=\"_blank\">Zur Geschichte des Grossm\u00fcnsterstifts Z\u00fcrich und der Mark Schwamend- ingen : vornehmlich der Stiftswaldung und des Stiftsrietes daselbst, vom IX. &#8211; XIX. Jahrhundert Bd. 1<\/a><\/td>\n<td>382<\/td>\n<\/tr>\n<\/table>\n","protected":false},"excerpt":{"rendered":"<p>\u00dcberblick \u00fcber die vorhandenen deutschen Unterlagen bei Ancestry. Orts- und Familiengeschichten Volksz\u00e4hlungen und W\u00e4hlerlisten Geburts-, Heirats- und Sterberegister Milit\u00e4rische Aufzeichnungen Einwanderung und Auswanderung Zeitungen und Zeitschriften Fotos Landkarten und Ortsverzeichnisse<\/p>\n<div><a href=\"https:\/\/dirkpeters.info\/?p=3123\" class=\"exp-read-more exp-read-more-underlined\">Read More<\/a><\/div>\n","protected":false},"author":1,"featured_media":2085,"comment_status":"open","ping_status":"open","sticky":false,"template":"","format":"standard","meta":{"jetpack_post_was_ever_published":false,"_jetpack_newsletter_access":"","_jetpack_dont_email_post_to_subs":false,"_jetpack_newsletter_tier_id":0,"_jetpack_memberships_contains_paywalled_content":false,"_jetpack_memberships_contains_paid_content":false,"footnotes":"","_links_to":"","_links_to_target":""},"categories":[9,86,194,256],"tags":[75,34,7,110],"class_list":["post-3123","post","type-post","status-publish","format-standard","has-post-thumbnail","hentry","category-ahnenforschung","category-datenbanken","category-kommerzielle-seiten","category-verzeichnisse","tag-ancestry","tag-datenbanken","tag-links","tag-verzeichnisse"],"jetpack_featured_media_url":"https:\/\/i0.wp.com\/dirkpeters.info\/wp-content\/uploads\/2018\/07\/ancestry.png?fit=500%2C200&ssl=1","jetpack_shortlink":"https:\/\/wp.me\/p8HCXc-On","jetpack-related-posts":[{"id":3102,"url":"https:\/\/dirkpeters.info\/?p=3102","url_meta":{"origin":3123,"position":0},"title":"Deutsche Sammlungen bei Ancestry","author":"dirkpeters","date":"20. Mai 2017","format":false,"excerpt":"\u00dcberblick \u00fcber die vorhandenen deutschen Unterlagen bei Ancestry. Volksz\u00e4hlungen und W\u00e4hlerlisten Stand 01.02.2019 Geburts-, Heirats- und Sterberegister Stand 03.02.2019 Milit\u00e4rische Aufzeichnungen Stand 01.02.2019 Einwanderung und Auswanderung Stand 01.02.2019 Zeitungen und Zeitschriften Stand 01.02.2019 Fotos Stand 01.02.2019 Orts- und Familiengeschichten Stand 01.02.2019 Landkarten und Ortsverzeichnisse Stand 01.02.2019 Adressb\u00fccher und Verzeichnisse Stand\u2026","rel":"","context":"In &quot;Ahnenforschung&quot;","block_context":{"text":"Ahnenforschung","link":"https:\/\/dirkpeters.info\/?cat=9"},"img":{"alt_text":"","src":"https:\/\/i0.wp.com\/dirkpeters.info\/wp-content\/uploads\/2018\/07\/ancestry.png?fit=500%2C200&ssl=1&resize=350%2C200","width":350,"height":200},"classes":[]},{"id":3116,"url":"https:\/\/dirkpeters.info\/?p=3116","url_meta":{"origin":3123,"position":1},"title":"Deutsche Sammlungen bei Ancestry \u2013 Teil 5","author":"dirkpeters","date":"20. Mai 2017","format":false,"excerpt":"\u00dcberblick \u00fcber die vorhandenen deutschen Unterlagen bei Ancestry. Zeitungen und Zeitschriften \/ Fotos Volksz\u00e4hlungen und W\u00e4hlerlisten Geburts-, Heirats- und Sterberegister Milit\u00e4rische Aufzeichnungen Einwanderung und Auswanderung Orts- und Familiengeschichten Landkarten und Ortsverzeichnisse Adressb\u00fccher und Verzeichnisse Steuerregister, Kriminalregister, Grundbesitzregister und Testamente Zeitungen und Zeitschriften Nr. Titel Aufzeichnungen 1S\u00e4chsischen Residenz-Stadt Dresden : W\u00f6chentlicher\u2026","rel":"","context":"In &quot;Ahnenforschung&quot;","block_context":{"text":"Ahnenforschung","link":"https:\/\/dirkpeters.info\/?cat=9"},"img":{"alt_text":"","src":"https:\/\/i0.wp.com\/dirkpeters.info\/wp-content\/uploads\/2018\/07\/ancestry.png?fit=500%2C200&ssl=1&resize=350%2C200","width":350,"height":200},"classes":[]},{"id":3131,"url":"https:\/\/dirkpeters.info\/?p=3131","url_meta":{"origin":3123,"position":2},"title":"Deutsche Sammlungen bei Ancestry \u2013 Teil 7","author":"dirkpeters","date":"20. Mai 2017","format":false,"excerpt":"\u00dcberblick \u00fcber die vorhandenen deutschen Unterlagen bei Ancestry. Landkarten und Ortsverzeichnisse Volksz\u00e4hlungen und W\u00e4hlerlisten Geburts-, Heirats- und Sterberegister Milit\u00e4rische Aufzeichnungen Einwanderung und Auswanderung Zeitungen und Zeitschriften Fotos Orts- und Familiengeschichten Adressb\u00fccher und Verzeichnisse Steuerregister, Kriminalregister, Grundbesitzregister und Testamente Landkarten und Ortsverzeichnisse Nr. Titel Aufzeichnungen 1Die Ortschaften des eidgen\u00f6ssischen Freistaates Bern.\u2026","rel":"","context":"In &quot;Ahnenforschung&quot;","block_context":{"text":"Ahnenforschung","link":"https:\/\/dirkpeters.info\/?cat=9"},"img":{"alt_text":"","src":"https:\/\/i0.wp.com\/dirkpeters.info\/wp-content\/uploads\/2018\/07\/ancestry.png?fit=500%2C200&ssl=1&resize=350%2C200","width":350,"height":200},"classes":[]},{"id":1493,"url":"https:\/\/dirkpeters.info\/?p=1493","url_meta":{"origin":3123,"position":3},"title":"Deutsche Sammlungen bei Ancestry &#8211; Teil 1","author":"dirkpeters","date":"20. Mai 2017","format":false,"excerpt":"\u00dcberblick \u00fcber die vorhandenen deutschen Unterlagen bei Ancestry. Volksz\u00e4hlungen und W\u00e4hlerlisten Geburts-, Heirats- und Sterberegister Milit\u00e4rische Aufzeichnungen Einwanderung und Auswanderung Zeitungen und Zeitschriften Fotos Orts- und Familiengeschichten Landkarten und Ortsverzeichnisse Adressb\u00fccher und Verzeichnisse Steuerregister, Kriminalregister, Grundbesitzregister und Testamente Volksz\u00e4hlungen und W\u00e4hlerlisten Nr. Titel Aufzeichnungen 1Deutschland, Preu\u00dfen, Westfalen, Minden, ausgew\u00e4hlte Best\u00e4nde\u2026","rel":"","context":"In &quot;Ahnenforschung&quot;","block_context":{"text":"Ahnenforschung","link":"https:\/\/dirkpeters.info\/?cat=9"},"img":{"alt_text":"","src":"https:\/\/i0.wp.com\/dirkpeters.info\/wp-content\/uploads\/2018\/07\/ancestry.png?fit=500%2C200&ssl=1&resize=350%2C200","width":350,"height":200},"classes":[]},{"id":3141,"url":"https:\/\/dirkpeters.info\/?p=3141","url_meta":{"origin":3123,"position":4},"title":"Deutsche Sammlungen bei Ancestry \u2013 Teil 9","author":"dirkpeters","date":"20. Mai 2017","format":false,"excerpt":"\u00dcberblick \u00fcber die vorhandenen deutschen Unterlagen bei Ancestry. Steuerregister, Kriminalregister, Grundbesitzregister und Testamente Volksz\u00e4hlungen und W\u00e4hlerlisten Geburts-, Heirats- und Sterberegister Milit\u00e4rische Aufzeichnungen Einwanderung und Auswanderung Zeitungen und Zeitschriften Fotos Orts- und Familiengeschichten Landkarten und Ortsverzeichnisse Adressb\u00fccher und Verzeichnisse Steuerregister, Kriminalregister, Grundbesitzregister und Testamente Nr. Titel Aufzeichnungen 1Deutschland, W\u00fcrttemberg, Albstadt, ausgew\u00e4hlte\u2026","rel":"","context":"In &quot;Ahnenforschung&quot;","block_context":{"text":"Ahnenforschung","link":"https:\/\/dirkpeters.info\/?cat=9"},"img":{"alt_text":"","src":"https:\/\/i0.wp.com\/dirkpeters.info\/wp-content\/uploads\/2018\/07\/ancestry.png?fit=500%2C200&ssl=1&resize=350%2C200","width":350,"height":200},"classes":[]},{"id":1501,"url":"https:\/\/dirkpeters.info\/?p=1501","url_meta":{"origin":3123,"position":5},"title":"Deutsche Sammlungen bei Ancestry &#8211; Teil 3","author":"dirkpeters","date":"20. Mai 2017","format":false,"excerpt":"\u00dcberblick \u00fcber die vorhandenen deutschen Unterlagen bei Ancestry. Milit\u00e4rische Aufzeichnungen Volksz\u00e4hlungen und W\u00e4hlerlisten Geburts-, Heirats- und Sterberegister Einwanderung und Auswanderung Zeitungen und Zeitschriften Fotos Orts- und Familiengeschichten Landkarten und Ortsverzeichnisse Adressb\u00fccher und Verzeichnisse Steuerregister, Kriminalregister, Grundbesitzregister und Testamente Milit\u00e4rische Aufzeichnungen Nr. Titel Aufzeichnungen 1Bad Doberan, Deutschland, Milit\u00e4rwesen, 1868-19143532 2Kriegsranglisten und\u2026","rel":"","context":"In &quot;Ahnenforschung&quot;","block_context":{"text":"Ahnenforschung","link":"https:\/\/dirkpeters.info\/?cat=9"},"img":{"alt_text":"","src":"https:\/\/i0.wp.com\/dirkpeters.info\/wp-content\/uploads\/2018\/07\/ancestry.png?fit=500%2C200&ssl=1&resize=350%2C200","width":350,"height":200},"classes":[]}],"jetpack_sharing_enabled":true,"jetpack_likes_enabled":true,"_links":{"self":[{"href":"https:\/\/dirkpeters.info\/index.php?rest_route=\/wp\/v2\/posts\/3123","targetHints":{"allow":["GET"]}}],"collection":[{"href":"https:\/\/dirkpeters.info\/index.php?rest_route=\/wp\/v2\/posts"}],"about":[{"href":"https:\/\/dirkpeters.info\/index.php?rest_route=\/wp\/v2\/types\/post"}],"author":[{"embeddable":true,"href":"https:\/\/dirkpeters.info\/index.php?rest_route=\/wp\/v2\/users\/1"}],"replies":[{"embeddable":true,"href":"https:\/\/dirkpeters.info\/index.php?rest_route=%2Fwp%2Fv2%2Fcomments&post=3123"}],"version-history":[{"count":3,"href":"https:\/\/dirkpeters.info\/index.php?rest_route=\/wp\/v2\/posts\/3123\/revisions"}],"predecessor-version":[{"id":3145,"href":"https:\/\/dirkpeters.info\/index.php?rest_route=\/wp\/v2\/posts\/3123\/revisions\/3145"}],"wp:featuredmedia":[{"embeddable":true,"href":"https:\/\/dirkpeters.info\/index.php?rest_route=\/wp\/v2\/media\/2085"}],"wp:attachment":[{"href":"https:\/\/dirkpeters.info\/index.php?rest_route=%2Fwp%2Fv2%2Fmedia&parent=3123"}],"wp:term":[{"taxonomy":"category","embeddable":true,"href":"https:\/\/dirkpeters.info\/index.php?rest_route=%2Fwp%2Fv2%2Fcategories&post=3123"},{"taxonomy":"post_tag","embeddable":true,"href":"https:\/\/dirkpeters.info\/index.php?rest_route=%2Fwp%2Fv2%2Ftags&post=3123"}],"curies":[{"name":"wp","href":"https:\/\/api.w.org\/{rel}","templated":true}]}}