{"id":25,"date":"2009-09-02T18:55:08","date_gmt":"2009-09-02T16:55:08","guid":{"rendered":"http:\/\/test.dirkpeters.net\/?p=25"},"modified":"2017-05-06T20:03:33","modified_gmt":"2017-05-06T18:03:33","slug":"allgemeine-neue-deutsche-biographie","status":"publish","type":"post","link":"https:\/\/dirkpeters.info\/?p=25","title":{"rendered":"Allgemeine \/ Neue Deutsche Biographie"},"content":{"rendered":"<p>Die Allgemeine Deutsche Biographie (ADB) ist ein biografisches Nachschlagewerk, das 1875\u20131912 (Nachdruck 1967\u20131971) in 56 B\u00e4nden von der Historischen Kommission bei der Bayerischen Akademie der Wissenschaften unter der Redaktion von Rochus Freiherr von Liliencron herausgegeben wurde und in Leipzig im Verlag Duncker &amp; Humblot erschienen ist. Die ADB ist ein erstrangiges Nachschlagewerk zu ungef\u00e4hr 26.500 Personen, die vor dem Jahr 1900 verstorben sind und im deutschsprachigen Raum wirksam waren. Dazu z\u00e4hlen auch die Niederlande bis ins Jahr 1648.<\/p>\n<p>Das Nachfolgeprojekt der ADB ist die noch nicht abgeschlossene Neue Deutsche Biographie (NDB). Quelle: <a href=\"http:\/\/de.wikipedia.org\/w\/index.php?title=Allgemeine_Deutsche_Biographie&amp;oldid=62682774\" target=\"_self\">Wikipedia.de<\/a><\/p>\n<p>Seit einigen Jahren ist die Allgemeine Deutsche Biographie online beim <a href=\"http:\/\/www.digitale-sammlungen.de\/\" target=\"_blank\">M\u00fcnchner Digitalisierungszentrum MDZ<\/a>. Die Einstiegsseite ist <a href=\"http:\/\/www.deutsche-biographie.de\/\" target=\"_blank\">hier<\/a>.<\/p>\n<p>Mittlerweile werden auch die Artikel der Neuen Deutschen Biographie angezeigt. Beide Reihen sind ein gro\u00dfer Schatz f\u00fcr Ahnenforscher, um ein wenig \u00fcber das Umfeld und die Geschichte der Vorfahren zu erfahren.<\/p>\n","protected":false},"excerpt":{"rendered":"<p>Die Allgemeine Deutsche Biographie (ADB) ist ein biografisches Nachschlagewerk, das 1875\u20131912 (Nachdruck 1967\u20131971) in 56 B\u00e4nden von der Historischen Kommission bei der Bayerischen Akademie der Wissenschaften unter der Redaktion von<\/p>\n<div><a href=\"https:\/\/dirkpeters.info\/?p=25\" class=\"exp-read-more exp-read-more-underlined\">Read More<\/a><\/div>\n","protected":false},"author":1,"featured_media":0,"comment_status":"open","ping_status":"open","sticky":false,"template":"","format":"standard","meta":{"jetpack_post_was_ever_published":false,"_jetpack_newsletter_access":"","_jetpack_dont_email_post_to_subs":false,"_jetpack_newsletter_tier_id":0,"_jetpack_memberships_contains_paywalled_content":false,"_jetpack_memberships_contains_paid_content":false,"footnotes":"","_links_to":"","_links_to_target":""},"categories":[3,4],"tags":[8,7],"class_list":["post-25","post","type-post","status-publish","format-standard","hentry","category-buecher","category-links","tag-biographie","tag-links"],"jetpack_featured_media_url":"","jetpack_shortlink":"https:\/\/wp.me\/p8HCXc-p","jetpack-related-posts":[{"id":606,"url":"https:\/\/dirkpeters.info\/?p=606","url_meta":{"origin":25,"position":0},"title":"Auf dem Weg zum europ\u00e4ischen Biographie-Portal","author":"dirkpeters","date":"5. April 2010","format":false,"excerpt":"Gefunden auf http:\/\/www.ahnegruebler.ch\/blog\/genealogie\/6508-auf-dem-weg-zum-europaeischen-biographie-portal.html Das Biographie-Portal beruht auf einer Kooperation zwischen der Bayerischen Staatsbibliothek, der Historischen Kommission bei der Bayerischen Akademie der Wissenschaften, der \u00d6sterreichischen Akademie der Wissenschaften und der Stiftung Historisches Lexikon der Schweiz. Es erschliesst \u00fcber ein gemeinsames Register zun\u00e4chst: Allgemeine Deutsche Biographie (ADB) Neue Deutsche Biographie (NDB) \u00d6sterreichisches\u2026","rel":"","context":"In &quot;B\u00fccher&quot;","block_context":{"text":"B\u00fccher","link":"https:\/\/dirkpeters.info\/?cat=3"},"img":{"alt_text":"","src":"","width":0,"height":0},"classes":[]},{"id":62,"url":"https:\/\/dirkpeters.info\/?p=62","url_meta":{"origin":25,"position":1},"title":"Johann Friedrich Rhetz (von Rhetz, Rhetius)","author":"dirkpeters","date":"30. September 2009","format":false,"excerpt":"Johann Friedrich Rhetz wurde 1633 in Brandenburg an der Havel geboren. Er studierte Jura in Wittenberg und an der Viadrina in Frankfurt \/ Oder. Dort war unter anderem Friedrich von Jena und dessen Bruder Gottfried seine Lehrer. Nach dem Studium wurde er Professor und Doktor der Rechte und r\u00fcckte 1673\u2026","rel":"","context":"In &quot;Ahnenforschung&quot;","block_context":{"text":"Ahnenforschung","link":"https:\/\/dirkpeters.info\/?cat=9"},"img":{"alt_text":"","src":"https:\/\/i0.wp.com\/test.dirkpeters.net\/wp-content\/uploads\/2017\/05\/rhetz-221x300.jpg?resize=350%2C200","width":350,"height":200},"classes":[]},{"id":643,"url":"https:\/\/dirkpeters.info\/?p=643","url_meta":{"origin":25,"position":2},"title":"J\u00fcrgen Graf Mellin","author":"dirkpeters","date":"23. Mai 2010","format":false,"excerpt":"Aus meiner Ahnenliste J\u00fcrgen Graf Mellin* 02.11.1633 Urpala, Finnland\u2020 13.01.1713 StettinVater: Bernd von MellinMutter: Margarethe von PaykullEhefrauen:1. Anna Magdalena Freiin von L\u00f6wen (1636 \u2013 1690)2. Eva Sophia Freiin von Inn- und Knyphausen (1644 \u2013 1707) Seine Laufbahn begann M. 1649 als Musketier in einem deutschen Regiment, das sein Vater f\u00fcr\u2026","rel":"","context":"In &quot;Genealogien&quot;","block_context":{"text":"Genealogien","link":"https:\/\/dirkpeters.info\/?cat=22"},"img":{"alt_text":"J\u00fcrgen Graf Mellin","src":"..\/wp-content\/uploads\/2010\/05\/mellin_juergen1-224x300.png","width":350,"height":200},"classes":[]},{"id":619,"url":"https:\/\/dirkpeters.info\/?p=619","url_meta":{"origin":25,"position":3},"title":"Ludwig Christian Mieg","author":"dirkpeters","date":"7. Mai 2010","format":false,"excerpt":"Aus meiner Ahnenliste Ludwig Christian Mieg* 10.08.1668 Heidelberg\u2020 19.01.1740 HeidelbergVater: Johann Friedrich MiegMutter: Catharina Modesta Stra\u00dfburgEhefrau: Louise Chatharina PauliSchwiegersohn: Abraham de Mar\u00e9esLudwig Christian M., reformirter Theolog, geb. am 10. Aug. 1668 zu Heidelberg, \u2020 am 19. Januar 1740 ebendaselbst. Er war ein Sohn des Professors der Theologie und Consistorialrathes Johann\u2026","rel":"","context":"In &quot;Genealogien&quot;","block_context":{"text":"Genealogien","link":"https:\/\/dirkpeters.info\/?cat=22"},"img":{"alt_text":"","src":"","width":0,"height":0},"classes":[]},{"id":1614,"url":"https:\/\/dirkpeters.info\/?p=1614","url_meta":{"origin":25,"position":4},"title":"Personenbeschreibungen \/ Biographien","author":"dirkpeters","date":"10. September 2014","format":false,"excerpt":"B\u00fccher mit Darstellungen zu einzelnen Personen Buddeus, Georg Karl Immanuel: Franz von Sickingen, eine Geschichte aus dem 16. Jahrhundert, Frankfurt und Leipzig 1794 Droysen, Johann August: Das Leben des Feldmarschalls Grafen Yorck von Wartenburg, vierte Auflage, Verlag Veit & Comp: Leipzig 1863 Band 1 Band 2 F\u00fcrstin Reu\u00df, Eleonore: Friderike\u2026","rel":"","context":"In &quot;B\u00fccher&quot;","block_context":{"text":"B\u00fccher","link":"https:\/\/dirkpeters.info\/?cat=3"},"img":{"alt_text":"","src":"","width":0,"height":0},"classes":[]},{"id":710,"url":"https:\/\/dirkpeters.info\/?p=710","url_meta":{"origin":25,"position":5},"title":"Martin Milagius","author":"dirkpeters","date":"22. August 2010","format":false,"excerpt":"aus meiner Ahnenliste Martin Milag (Milagius) * 12.03.1598 Tristewitz b. Torgau \u2020 28.06.1657 Dessau Vater: Jacob Milag(ius) Mutter: Anna Quellmalz Ehefrau: Katharina M\u00fcller Martin M., nach damaliger Sitte Milagius, f\u00fcrstl. anhalt. Gesammtrath und Kanzler des dessauischen Antheils, ward am 2.\/12. M\u00e4rz 1598 zu Tristewitz bei Torgau geboren. Geringen Herkommens mu\u00dfte\u2026","rel":"","context":"In &quot;Ahnenforschung&quot;","block_context":{"text":"Ahnenforschung","link":"https:\/\/dirkpeters.info\/?cat=9"},"img":{"alt_text":"","src":"","width":0,"height":0},"classes":[]}],"jetpack_sharing_enabled":true,"jetpack_likes_enabled":true,"_links":{"self":[{"href":"https:\/\/dirkpeters.info\/index.php?rest_route=\/wp\/v2\/posts\/25","targetHints":{"allow":["GET"]}}],"collection":[{"href":"https:\/\/dirkpeters.info\/index.php?rest_route=\/wp\/v2\/posts"}],"about":[{"href":"https:\/\/dirkpeters.info\/index.php?rest_route=\/wp\/v2\/types\/post"}],"author":[{"embeddable":true,"href":"https:\/\/dirkpeters.info\/index.php?rest_route=\/wp\/v2\/users\/1"}],"replies":[{"embeddable":true,"href":"https:\/\/dirkpeters.info\/index.php?rest_route=%2Fwp%2Fv2%2Fcomments&post=25"}],"version-history":[{"count":3,"href":"https:\/\/dirkpeters.info\/index.php?rest_route=\/wp\/v2\/posts\/25\/revisions"}],"predecessor-version":[{"id":50,"href":"https:\/\/dirkpeters.info\/index.php?rest_route=\/wp\/v2\/posts\/25\/revisions\/50"}],"wp:attachment":[{"href":"https:\/\/dirkpeters.info\/index.php?rest_route=%2Fwp%2Fv2%2Fmedia&parent=25"}],"wp:term":[{"taxonomy":"category","embeddable":true,"href":"https:\/\/dirkpeters.info\/index.php?rest_route=%2Fwp%2Fv2%2Fcategories&post=25"},{"taxonomy":"post_tag","embeddable":true,"href":"https:\/\/dirkpeters.info\/index.php?rest_route=%2Fwp%2Fv2%2Ftags&post=25"}],"curies":[{"name":"wp","href":"https:\/\/api.w.org\/{rel}","templated":true}]}}