{"id":247,"date":"2010-01-28T18:37:24","date_gmt":"2010-01-28T17:37:24","guid":{"rendered":"http:\/\/test.dirkpeters.net\/?p=247"},"modified":"2017-05-07T18:42:53","modified_gmt":"2017-05-07T16:42:53","slug":"der-industrieort-velten-und-seine-umgegend-1894","status":"publish","type":"post","link":"https:\/\/dirkpeters.info\/?p=247","title":{"rendered":"Der Industrieort Velten und seine Umgegend, 1894"},"content":{"rendered":"<p><img decoding=\"async\" title=\"velten\" src=\"..\/wp-content\/uploads\/2010\/01\/velten.png\" alt=\"Der Industrieort Velten und seine Umgegend, 1894\" style=\"float:right; padding:10px; margin:10px; border:1px solid\" \/><\/p>\n<p>Bei <a href=\"http:\/\/www.ancestry.de\">Ancestry.de<\/a> ist das Buch \u201e<a href=\"http:\/\/search.ancestry.de\/search\/db.aspx?dbid=30298\">Der Industrieort Velten und seine Umgegend, 1894<\/a>\u201c ver\u00f6ffentlicht worden. Das Werk ist sicher nicht nur f\u00fcr Veltener interessant, sondern auch f\u00fcr alle an der Geschichte des Berliner Umlandes Interessierten. Leider ist der Zugang zum Buch kostenpflichtig.<br \/>Aus dem Inhalt:<\/p>\n<ul>\n<li>Erster Teil: Alt-Velten, Entstehung Veltens\n<ul>\n<li>Lage, Anlage und Name Veltens<\/li>\n<li>Velten als Bauerndorf, Die Feldmark Ackerland, Wiesen, Gr\u00f6\u00dfe<\/li>\n<li>Die Besitzer von Velten<\/li>\n<li>1. Adelige Gro\u00df-Zietensche Wirte<\/li>\n<li>2. Die Waisenhaus-Unterthanen<\/li>\n<li>3. K\u00f6nigliche Hofwirte<\/li>\n<li>Das Leben der alten Veltener<\/li>\n<li>Viehzucht und Hirtenleben<\/li>\n<li>Die Separationen<\/li>\n<\/ul>\n<\/li>\n<li>Zweiter Teil: Die Entwickelung des Ortes infolge seiner Thonwaren-Industrie in diesem Jahrhundert\n<ul>\n<li>Verkehrswege nach Velten<\/li>\n<li>Die Stra\u00dfen in Velten<\/li>\n<li>Hierzu Stra\u00dfenplan, Die Stra\u00dfenordnung in Velten<\/li>\n<li>Der Grundst\u00fccksverkehr und das Baufach<\/li>\n<li>Die Bev\u00f6lkerung Veltens<\/li>\n<li>Kirchliche Verh\u00e4ltnisse, Velten als Filial von Marwitz<\/li>\n<li>Abbildung der Kirche<\/li>\n<li>Velten als selbst\u00e4ndige Pfarre<\/li>\n<li>Baptisten und. Katholiken<\/li>\n<li>Die Gemeindeschule\u00deSchull\u00e4ndereien, Schulh\u00e4user, Schulgeld und Schulkasse, Schulverwaltung.<\/li>\n<li>Abbildung der Schulen<\/li>\n<li>Die Privatschule<\/li>\n<li>Die Ortsverwaltung, Das Schulzenamt<\/li>\n<li>Die Sch\u00f6ppen<\/li>\n<li>Die Gemeinde-Vertretung<\/li>\n<li>Die Steuererheber<\/li>\n<li>Standesamt<\/li>\n<li>Gerichts- und Polizei-Verh\u00e4ltnisse<\/li>\n<li>Das Amtsgericht und die Gerichtstage<\/li>\n<li>Das Schiedsgericht<\/li>\n<li>Gendarmen<\/li>\n<li>Die Post<\/li>\n<li>\u00c4rzte und Apotheke<\/li>\n<li>Der Wochenmarkt<\/li>\n<li>Velten im \u201apapiernen\u2018 Zeitalter<\/li>\n<li>Die Eisenbahn<\/li>\n<li>Beziehung Veltens zum Vaterlande<\/li>\n<\/ul>\n<\/li>\n<li>Dritter Teil: Die Kachelofen-Industrie in Velten und der Wert des Kachelofens in den Wohnr\u00e4umen\n<ul>\n<li>Der Veltener Thon Pre\u00dfstimmen<\/li>\n<li>Die Thonberge<\/li>\n<li>Das Thongraben<\/li>\n<li>Das Thonschl\u00e4mmen<\/li>\n<li>Der Thonverkauf und die Ziegeleien<\/li>\n<li>Das Entstehen und Aufbl\u00fchen der hiesigen Kachelofen-Industrie<\/li>\n<li>Die Gr\u00fcndung der 35 Ofenfabriken<\/li>\n<li>Einrichtung und Betrieb der Kachelofen-Fabrikation<\/li>\n<li>R\u00fcckblick auf das Ofengesch\u00e4ft<\/li>\n<li>Verkauf und Versandt der \u00d6fen<\/li>\n<li>Absatzgebiet: Berlin und Umgegend<\/li>\n<li>Absatzgebiet: Die St\u00e4dte des In- u. Auslandes<\/li>\n<li>a Der Transport per Bahn<\/li>\n<li>b Der Transport per Kahn<\/li>\n<li>Die T\u00f6pfer-Innung<\/li>\n<li>Der Wert des Kachelofens in den Wohnr\u00e4umen und seine Konkurrenz<\/li>\n<li>Vierter Teil: Verzeichnisse, \u00dcbersicht der Verwaltung und Beh\u00f6rden<\/li>\n<li>Verzeichnis der Vereine<\/li>\n<li>Verzeichnis der Gewerbetreibenden<\/li>\n<li>Verzeichnis der selbst\u00e4ndigen Einwohner<\/li>\n<li>Der Anhang bringt kurze Angaben \u00fcber die Vergangenheit und Gegenwart der Ortschaften in der Umgegend von Velten<\/li>\n<li>Marwitz<\/li>\n<li>B\u00f6tzow<\/li>\n<li>Wansdorf<\/li>\n<li>Gichst\u00e4dt<\/li>\n<li>B\u00e4renklau<\/li>\n<li>Vehlefanz<\/li>\n<li>Schwante<\/li>\n<li>Kremmen<\/li>\n<li>Pinnow und Borgsdorf<\/li>\n<li>Hohen-Sch\u00f6pping<\/li>\n<li>Hennigsdorf<\/li>\n<li>Nieder-Neuendorf<\/li>\n<li>Heiligensee<\/li>\n<li>Schulzendorf, Tegel<\/li>\n<li>Personengeld-Tarif der Station Velten<\/li>\n<li>Fahrplan der Bahn Berlin\u2013Tegel\u2013Veiten \u2014 Kremmen. G\u00fcltig vom 1. Mai 1894 ab<\/li>\n<\/ul>\n<\/li>\n<\/ul>\n<hr>\n<p>Quelleninformationen:<br \/>Ancestry.com. Der Industrieort Velten und seine Umgegend, 1894 [Datenbank online]. Provo, UT, USA: Ancestry.com Operations Inc, 2007. Urspr\u00fcngliche Daten: Gericke, Gustav. Der Industrieort Velten und seine Umgegend, 1894. Velten: Georg Wolff, 1894.<\/p>\n","protected":false},"excerpt":{"rendered":"<p>Bei Ancestry.de ist das Buch \u201eDer Industrieort Velten und seine Umgegend, 1894\u201c ver\u00f6ffentlicht worden. Das Werk ist sicher nicht nur f\u00fcr Veltener interessant, sondern auch f\u00fcr alle an der Geschichte<\/p>\n<div><a href=\"https:\/\/dirkpeters.info\/?p=247\" class=\"exp-read-more exp-read-more-underlined\">Read More<\/a><\/div>\n","protected":false},"author":1,"featured_media":0,"comment_status":"open","ping_status":"open","sticky":false,"template":"","format":"standard","meta":{"jetpack_post_was_ever_published":false,"_jetpack_newsletter_access":"","_jetpack_dont_email_post_to_subs":false,"_jetpack_newsletter_tier_id":0,"_jetpack_memberships_contains_paywalled_content":false,"_jetpack_memberships_contains_paid_content":false,"footnotes":"","_links_to":"","_links_to_target":""},"categories":[3,4,80],"tags":[75,21,5,81],"class_list":["post-247","post","type-post","status-publish","format-standard","hentry","category-buecher","category-links","category-ortsgeschichte","tag-ancestry","tag-brandenburg","tag-buecher","tag-velten"],"jetpack_featured_media_url":"","jetpack_shortlink":"https:\/\/wp.me\/p8HCXc-3Z","jetpack-related-posts":[{"id":179,"url":"https:\/\/dirkpeters.info\/?p=179","url_meta":{"origin":247,"position":0},"title":"DigiWunschbuch","author":"dirkpeters","date":"28. November 2009","format":false,"excerpt":"Unter dem Projekt \"DigiWunschbuch\" bietet die Nieders\u00e4chsische Staats- und Universit\u00e4tsbibliothek G\u00f6ttingen (SUB) die M\u00f6glichkeit alte B\u00fccher mittels Patenschaften digitalisieren zu lassen. Wen hat es nicht schon oft ge\u00e4rgert, da hat man ein wichtiges Buch gefunden und nach der Freude kommt die Ern\u00fcchterung. Die besitzende Bibliothek ist weit weg, das Buch\u2026","rel":"","context":"In &quot;B\u00fccher&quot;","block_context":{"text":"B\u00fccher","link":"https:\/\/dirkpeters.info\/?cat=3"},"img":{"alt_text":"","src":"","width":0,"height":0},"classes":[]},{"id":1346,"url":"https:\/\/dirkpeters.info\/?p=1346","url_meta":{"origin":247,"position":1},"title":"Ahnentafel liegt gedruckt vor","author":"dirkpeters","date":"13. Januar 2016","format":false,"excerpt":"Es ist vollbracht, die Ahnentafel liegt als gedrucktes Exemplar vor. Den Druck habe ich bei WirmachenDruck.de in Auftrag gegeben. Gegen\u00fcber der Downloadversion wurde das Buch noch um etwa 140 Dokumente erg\u00e4nzt. Das ganze Werk hatte damit einen Umfang von 528 A4 Seiten und wurde auf 150g schwerem Papier gedruckt und\u2026","rel":"","context":"In &quot;Ahnenforschung&quot;","block_context":{"text":"Ahnenforschung","link":"https:\/\/dirkpeters.info\/?cat=9"},"img":{"alt_text":"","src":"","width":0,"height":0},"classes":[]},{"id":3911,"url":"https:\/\/dirkpeters.info\/?p=3911","url_meta":{"origin":247,"position":2},"title":"Neuerscheinungen aus Mecklenburg","author":"dirkpeters","date":"3. September 2020","format":false,"excerpt":"Mitteilungen des Vereins f\u00fcr mecklenburgische Familien- und Personengeschichte e. V., Heft 45 Obwohl auf dem Heft das Erscheinungsdatum Oktober 2020 steht, war es heute schon im Briefkasten. Dem MFP ist wieder ein sehr interessantes Heft gelungen. Aus dem Inhalt: Geleitwort des 1. Vorsitzenden Vorstellung neuer Vereinsmitglieder Geert Ruickholdt: Rudolf Tarnow\u2026","rel":"","context":"In &quot;Ahnenforschung&quot;","block_context":{"text":"Ahnenforschung","link":"https:\/\/dirkpeters.info\/?cat=9"},"img":{"alt_text":"","src":"https:\/\/i0.wp.com\/dirkpeters.info\/wp-content\/uploads\/2020\/09\/mfp45.jpg?fit=500%2C715&ssl=1&resize=350%2C200","width":350,"height":200},"classes":[]},{"id":253,"url":"https:\/\/dirkpeters.info\/?p=253","url_meta":{"origin":247,"position":3},"title":"Neues in der Digibib","author":"dirkpeters","date":"28. Januar 2010","format":false,"excerpt":"In der digitalen Bibliothek des Vereins f\u00fcr Computergenealogie wurden wieder neue B\u00fccher ver\u00f6ffentlicht: Handbuch \u00fcber den K\u00f6niglich Preu\u00dfischen Hof und Staat f\u00fcr das Jahr 1894, Berlin 1893. Hermann MOECK-CELLE: Heimat- und Einwohnerbuch Kehdingen 1926-30 Karl R\u00dcBEL: Dortmund\/Urkundenbuch 1910 Christian QUIX: Geschichte der ehemaligen Reichsabtei Burtscheid Bremen\/Staatshandbuch 1904 Bremen\/Staatshandbuch 1908 Bremen\/Staatshandbuch\u2026","rel":"","context":"In &quot;B\u00fccher&quot;","block_context":{"text":"B\u00fccher","link":"https:\/\/dirkpeters.info\/?cat=3"},"img":{"alt_text":"","src":"","width":0,"height":0},"classes":[]},{"id":3690,"url":"https:\/\/dirkpeters.info\/?p=3690","url_meta":{"origin":247,"position":4},"title":"Neue Ver\u00f6ffentlichungen aus Mecklenburg","author":"dirkpeters","date":"2. M\u00e4rz 2020","format":false,"excerpt":"Heute waren die neuesten Ver\u00f6ffentlichungen des Vereins f\u00fcr mecklenburgische Familien- und Personengeschichte e. V. im Briefkasten. Mitteilungen des Vereins f\u00fcr mecklenburgische Familien- und Personengeschichte e. V., Heft 44, M\u00e4rz 2020 Aus dem Inhalt: Geleitwort des 1. Vorsitzenden Vorstellung neuer Vereinsmitglieder Dieter Garling: Fachtagung f\u00fcr Ortschronist*innen des Landkreises Ludwigslust-Parchim Andr\u00e9 Adam:\u2026","rel":"","context":"In &quot;Ahnenforschung&quot;","block_context":{"text":"Ahnenforschung","link":"https:\/\/dirkpeters.info\/?cat=9"},"img":{"alt_text":"","src":"https:\/\/i0.wp.com\/dirkpeters.info\/wp-content\/uploads\/2020\/03\/Die_Manns.jpg?fit=500%2C700&ssl=1&resize=350%2C200","width":350,"height":200},"classes":[]},{"id":1118,"url":"https:\/\/dirkpeters.info\/?p=1118","url_meta":{"origin":247,"position":5},"title":"Ortsfamilienbuch Sch\u00f6nhagen Ostprignitz 1673-1803","author":"dirkpeters","date":"5. Juni 2014","format":false,"excerpt":"Seit heute ist der Band 4 der \u201cGenealogischen Quellen Brandenburgs\u201d verf\u00fcgbar: Olaf Wolter, Ortsfamilienbuch Sch\u00f6nhagen Ostprignitz 1673-1803. Das Dorf Sch\u00f6nhagen befindet sich im S\u00fcden des heutigen Landkreises Prignitz in 2,5 km Entfernung zur Bundesstra\u00dfe 5 und geh\u00f6rt als Ortsteil zur Gemeinde Gumtow. 1424 das erste Mal urkundlich erw\u00e4hnt, geh\u00f6rte Sch\u00f6nhagen\u2026","rel":"","context":"In &quot;B\u00fccher&quot;","block_context":{"text":"B\u00fccher","link":"https:\/\/dirkpeters.info\/?cat=3"},"img":{"alt_text":"","src":"","width":0,"height":0},"classes":[]}],"jetpack_sharing_enabled":true,"jetpack_likes_enabled":true,"_links":{"self":[{"href":"https:\/\/dirkpeters.info\/index.php?rest_route=\/wp\/v2\/posts\/247","targetHints":{"allow":["GET"]}}],"collection":[{"href":"https:\/\/dirkpeters.info\/index.php?rest_route=\/wp\/v2\/posts"}],"about":[{"href":"https:\/\/dirkpeters.info\/index.php?rest_route=\/wp\/v2\/types\/post"}],"author":[{"embeddable":true,"href":"https:\/\/dirkpeters.info\/index.php?rest_route=\/wp\/v2\/users\/1"}],"replies":[{"embeddable":true,"href":"https:\/\/dirkpeters.info\/index.php?rest_route=%2Fwp%2Fv2%2Fcomments&post=247"}],"version-history":[{"count":4,"href":"https:\/\/dirkpeters.info\/index.php?rest_route=\/wp\/v2\/posts\/247\/revisions"}],"predecessor-version":[{"id":251,"href":"https:\/\/dirkpeters.info\/index.php?rest_route=\/wp\/v2\/posts\/247\/revisions\/251"}],"wp:attachment":[{"href":"https:\/\/dirkpeters.info\/index.php?rest_route=%2Fwp%2Fv2%2Fmedia&parent=247"}],"wp:term":[{"taxonomy":"category","embeddable":true,"href":"https:\/\/dirkpeters.info\/index.php?rest_route=%2Fwp%2Fv2%2Fcategories&post=247"},{"taxonomy":"post_tag","embeddable":true,"href":"https:\/\/dirkpeters.info\/index.php?rest_route=%2Fwp%2Fv2%2Ftags&post=247"}],"curies":[{"name":"wp","href":"https:\/\/api.w.org\/{rel}","templated":true}]}}