{"id":1939,"date":"2018-03-06T22:09:26","date_gmt":"2018-03-06T21:09:26","guid":{"rendered":"http:\/\/dirkpeters.net\/?p=1939"},"modified":"2018-09-29T21:28:31","modified_gmt":"2018-09-29T19:28:31","slug":"die-breslauer-rats-und-stadtgeschlechter-2","status":"publish","type":"post","link":"https:\/\/dirkpeters.info\/?p=1939","title":{"rendered":"Die Breslauer Rats- und Stadtgeschlechter"},"content":{"rendered":"<p><a href=\"https:\/\/i0.wp.com\/dirkpeters.info\/wp-content\/uploads\/2018\/03\/pusch1.jpg\"><img data-recalc-dims=\"1\" loading=\"lazy\" decoding=\"async\" data-attachment-id=\"1945\" data-permalink=\"https:\/\/dirkpeters.info\/?attachment_id=1945\" data-orig-file=\"https:\/\/i0.wp.com\/dirkpeters.info\/wp-content\/uploads\/2018\/03\/pusch1.jpg?fit=505%2C734&amp;ssl=1\" data-orig-size=\"505,734\" data-comments-opened=\"1\" data-image-meta=\"{&quot;aperture&quot;:&quot;0&quot;,&quot;credit&quot;:&quot;&quot;,&quot;camera&quot;:&quot;&quot;,&quot;caption&quot;:&quot;&quot;,&quot;created_timestamp&quot;:&quot;0&quot;,&quot;copyright&quot;:&quot;&quot;,&quot;focal_length&quot;:&quot;0&quot;,&quot;iso&quot;:&quot;0&quot;,&quot;shutter_speed&quot;:&quot;0&quot;,&quot;title&quot;:&quot;&quot;,&quot;orientation&quot;:&quot;0&quot;}\" data-image-title=\"pusch1\" data-image-description=\"\" data-image-caption=\"\" data-large-file=\"https:\/\/i0.wp.com\/dirkpeters.info\/wp-content\/uploads\/2018\/03\/pusch1.jpg?fit=505%2C734&amp;ssl=1\" src=\"https:\/\/i0.wp.com\/dirkpeters.info\/wp-content\/uploads\/2018\/03\/pusch1.jpg?resize=505%2C734\" alt=\"\" width=\"505\" height=\"734\" class=\"alignright size-full wp-image-1945\" srcset=\"https:\/\/i0.wp.com\/dirkpeters.info\/wp-content\/uploads\/2018\/03\/pusch1.jpg?w=505&amp;ssl=1 505w, https:\/\/i0.wp.com\/dirkpeters.info\/wp-content\/uploads\/2018\/03\/pusch1.jpg?resize=206%2C300&amp;ssl=1 206w\" sizes=\"auto, (max-width: 505px) 100vw, 505px\" \/><\/a><\/p>\n<p>Sie haben Vorfahren unter den Rats- und Stadtgeschlechtern des alten Breslau? Oder Sie interessieren sich f\u00fcr die Geschichte von Breslau und wollen mehr wissen \u00fcber die famili\u00e4ren Verh\u00e4ltnisse der f\u00fchrenden Familien der Stadt? Dann kommen Sie an dem Werk von Oskar Pusch <em>Die Breslauer Rats- und Stadtgeschlechter in der Zeit von 1241 bis 1741<\/em> nicht vorbei. Dieses Werk erschien zwischen 1986 und 1991 in 5 B\u00e4nden als Ver\u00f6ffentlichung der eheamligen Forschungsstelle Ostmitteleuropa an der Universit\u00e4t Dortmund.<\/p>\n<p>Im ersten Band gibt Pusch eine Einf\u00fchrung in die Geografie und Geschichte von Breslau, seinem Rat und Patriziat. Im f\u00fcnften Band gibt es neben Berichtigungen und Erg\u00e4nzungen ein Orts- und ein Personenverzeichnis. Der Vorteil des Werkes ist gegen\u00fcber bspw. den Stammtafeln von Neumann-Reppert oder auch dem Werk von Rudolf Stein, dass Pusch alle Angaben mit Quellen belegt. So wertet er auch die Werke von Reichel und Witzendorff-Rehdiger aus und widerlegt diese zum Teil. Da Neumann-Reppert zumindest bei seinen Ausarbeitungen vor 1991 das Werk nicht gekannt hat und Pusch im Gegenzug keinen Bezug auf Neumann-Reppert nimmt, scheinen die beiden Familienforscher sich wohl nicht ausgetauscht zu haben. So weichen beide Ausarbeitungen zum Teil erheblich von einander ab.<\/p>\n<p>Mittlerweile gibt es die B\u00e4nde dankenswerterweise auch online:<\/p>\n<ul>\n<li><a href=\"http:\/\/sdo.studienstelleog.de\/Digibib\/DigibibFoME\/Pusch1_durchsuchbarW.pdf\" target=\"_blank\">Band 1, A-F, 1986<\/a><\/li>\n<li><a href=\"http:\/\/sdo.studienstelleog.de\/Digibib\/DigibibFoME\/Pusch2_durchsuchbarW.pdf\" target=\"_blank\">Band 2, G-K, 1987<\/a><\/li>\n<li><a href=\"http:\/\/sdo.studienstelleog.de\/Digibib\/DigibibFoME\/Pusch3_durchsuchbarW.pdf\" target=\"_blank\">Band 3, L-R, 1988<\/a><\/li>\n<li><a href=\"http:\/\/sdo.studienstelleog.de\/Digibib\/DigibibFoME\/Pusch4_durchsuchbarW.pdf\" target=\"_blank\">Band 4, S-U, 1990<\/a><\/li>\n<li><a href=\"http:\/\/sdo.studienstelleog.de\/Digibib\/DigibibFoME\/Pusch5_durchsuchbarW.pdf\" target=\"_blank\">Band 5, V-Z, 1991<\/a><\/li>\n<\/ul>\n<p><a href=\"?p=1504\">Verzeichnis der behandelten Familien<\/a><\/p>\n","protected":false},"excerpt":{"rendered":"<p>Sie haben Vorfahren unter den Rats- und Stadtgeschlechtern des alten Breslau? Oder Sie interessieren sich f\u00fcr die Geschichte von Breslau und wollen mehr wissen \u00fcber die famili\u00e4ren Verh\u00e4ltnisse der f\u00fchrenden<\/p>\n<div><a href=\"https:\/\/dirkpeters.info\/?p=1939\" class=\"exp-read-more exp-read-more-underlined\">Read More<\/a><\/div>\n","protected":false},"author":1,"featured_media":1945,"comment_status":"open","ping_status":"open","sticky":false,"template":"","format":"standard","meta":{"jetpack_post_was_ever_published":false,"_jetpack_newsletter_access":"","_jetpack_dont_email_post_to_subs":false,"_jetpack_newsletter_tier_id":0,"_jetpack_memberships_contains_paywalled_content":false,"_jetpack_memberships_contains_paid_content":false,"footnotes":"","_links_to":"","_links_to_target":""},"categories":[9,3,22,4,12],"tags":[279,5,318,281,186,277,127,110],"class_list":["post-1939","post","type-post","status-publish","format-standard","has-post-thumbnail","hentry","category-ahnenforschung","category-buecher","category-genealogien","category-links","category-stammlisten","tag-breslau","tag-buecher","tag-patrizier","tag-pusch","tag-ratsherren","tag-schlesien","tag-stammlisten","tag-verzeichnisse"],"jetpack_featured_media_url":"https:\/\/i0.wp.com\/dirkpeters.info\/wp-content\/uploads\/2018\/03\/pusch1.jpg?fit=505%2C734&ssl=1","jetpack_shortlink":"https:\/\/wp.me\/p8HCXc-vh","jetpack-related-posts":[{"id":1464,"url":"https:\/\/dirkpeters.info\/?p=1464","url_meta":{"origin":1939,"position":0},"title":"B\u00fccher zu Schlesien","author":"dirkpeters","date":"10. September 2014","format":false,"excerpt":"B\u00fccher zu und aus Schlesien f\u00fcr den Familienforscher Pusch, Oskar: Die Breslauer Rats- und Stadtgeschlechter in der Zeit von 1241 bis 1741, Ver\u00f6ffentlichungen der Forschungsstelle Ostmitteleuropa an der Universit\u00e4t Dortmund, Dortmund 1986-1991 Band 1, A-F, 1986 Band 2, G-K, 1987 Band 3, L-R, 1988 Band 4, S-U, 1990 Band 5,\u2026","rel":"","context":"In &quot;B\u00fccher&quot;","block_context":{"text":"B\u00fccher","link":"https:\/\/dirkpeters.info\/?cat=3"},"img":{"alt_text":"","src":"","width":0,"height":0},"classes":[]},{"id":1504,"url":"https:\/\/dirkpeters.info\/?p=1504","url_meta":{"origin":1939,"position":1},"title":"Die Breslauer Rats- und Stadtgeschlechter","author":"dirkpeters","date":"12. September 2014","format":false,"excerpt":"Pusch, Oskar: Die Breslauer Rats- und Stadtgeschlechter in der Zeit von 1241 bis 1741, Ver\u00f6ffentlichungen der Forschungsstelle Ostmitteleuropa an der Universit\u00e4t Dortmund, Dortmund 1986-1991 Mittlerweile gibt es die B\u00e4nde dankenswerterweise auch online: Band 1, A-F, 1986 Band 2, G-K, 1987 Band 3, L-R, 1988 Band 4, S-U, 1990 Band 5,\u2026","rel":"","context":"In &quot;B\u00fccher&quot;","block_context":{"text":"B\u00fccher","link":"https:\/\/dirkpeters.info\/?cat=3"},"img":{"alt_text":"","src":"","width":0,"height":0},"classes":[]},{"id":1917,"url":"https:\/\/dirkpeters.info\/?p=1917","url_meta":{"origin":1939,"position":2},"title":"Familienchroniken adliger Familien P \u2013 R","author":"dirkpeters","date":"14. September 2014","format":false,"excerpt":"P | Q | R P v. Pallant: Meyer, Gisela: Die Familie von Palant im Mittelalter, G\u00f6ttingen: Vandenhoeck & Ruprecht, 2004 (Online lesen) 2.) Geschichte der Herren, Freiherren und Grafen von Pallant, Separat-Druck aus der Vierteljahrsschrift f\u00fcr Heraldik, Sphragistik und Genealogie, Jahrgang 1872 Piasten: (Herrscher aus dem Hause der Piasten)\u2026","rel":"","context":"In &quot;Adel&quot;","block_context":{"text":"Adel","link":"https:\/\/dirkpeters.info\/?cat=44"},"img":{"alt_text":"","src":"","width":0,"height":0},"classes":[]},{"id":3794,"url":"https:\/\/dirkpeters.info\/?p=3794","url_meta":{"origin":1939,"position":3},"title":"Die Nachkommen Karls des Gro\u00dfen","author":"dirkpeters","date":"18. Juni 2020","format":false,"excerpt":"\"Der Brandenburg\" ist bei familysearch online verf\u00fcgbar. 1935 erschien als Band XI des Stamm- und Ahnentafelwerks der Zentralstelle f\u00fcr Deutsche Personen- und Familiengeschichte das Werk Die Nachkommen Karl des Gro\u00dfen (I. - XIV. Generation) von Professor Dr. Erich Brandenburg (* 31. Juli 1868 in Stralsund; \u2020 22. Januar 1946 in\u2026","rel":"","context":"In &quot;Adel&quot;","block_context":{"text":"Adel","link":"https:\/\/dirkpeters.info\/?cat=44"},"img":{"alt_text":"","src":"https:\/\/i0.wp.com\/dirkpeters.info\/wp-content\/uploads\/2020\/06\/brandenburg2.jpg?fit=500%2C726&ssl=1&resize=350%2C200","width":350,"height":200},"classes":[]},{"id":115,"url":"https:\/\/dirkpeters.info\/?p=115","url_meta":{"origin":1939,"position":4},"title":"Familie Steinlin von St. Gallen","author":"dirkpeters","date":"29. Oktober 2009","format":false,"excerpt":"Meine neueste Errungenschaft in Sachen Literatur ist das Werk \"Die Vorfahren Familie Steinlin von St. Gallen\" von Uli W. Steinlin, erschienen im Degener-Verlag. Das Werk besteht aus vier Teilb\u00e4nden, zwei B\u00e4nde mit Ahnentafeln, ein Textband und ein Registerband. Ausgehend von der St. Gallener Familie Steinlin werden hier deren Vorfahren auf\u2026","rel":"","context":"In &quot;Ahnenforschung&quot;","block_context":{"text":"Ahnenforschung","link":"https:\/\/dirkpeters.info\/?cat=9"},"img":{"alt_text":"Die Familie Steinlin","src":"..\/wp-content\/uploads\/2009\/10\/steinlin.jpg","width":350,"height":200},"classes":[]},{"id":510,"url":"https:\/\/dirkpeters.info\/?p=510","url_meta":{"origin":1939,"position":5},"title":"B\u00f6hmische Adelsfamilien","author":"dirkpeters","date":"12. September 2014","format":false,"excerpt":"Roman Freiherr von Proch\u00e1zka: B\u00f6hmische Adelsfamilien \u2013 ausgew\u00e4hlte, bisher nicht ver\u00f6ffentlichte Stammlisten b\u00f6hmischer Adelsgeschlechter, Verlag Degener & Co., Inh. Gerhard Gessner, Neustadt an der Aisch, 1969. Zu jeder Familie gibt es eine kurze geschichtliche Einf\u00fchrung und weiterf\u00fchrende Hinweise. Folgende Familien sind in dem Werk aufgef\u00fchrt: Bechinie von La\u017ean (Bechyne von\u2026","rel":"","context":"In &quot;Adel&quot;","block_context":{"text":"Adel","link":"https:\/\/dirkpeters.info\/?cat=44"},"img":{"alt_text":"","src":"","width":0,"height":0},"classes":[]}],"jetpack_sharing_enabled":true,"jetpack_likes_enabled":true,"_links":{"self":[{"href":"https:\/\/dirkpeters.info\/index.php?rest_route=\/wp\/v2\/posts\/1939","targetHints":{"allow":["GET"]}}],"collection":[{"href":"https:\/\/dirkpeters.info\/index.php?rest_route=\/wp\/v2\/posts"}],"about":[{"href":"https:\/\/dirkpeters.info\/index.php?rest_route=\/wp\/v2\/types\/post"}],"author":[{"embeddable":true,"href":"https:\/\/dirkpeters.info\/index.php?rest_route=\/wp\/v2\/users\/1"}],"replies":[{"embeddable":true,"href":"https:\/\/dirkpeters.info\/index.php?rest_route=%2Fwp%2Fv2%2Fcomments&post=1939"}],"version-history":[{"count":14,"href":"https:\/\/dirkpeters.info\/index.php?rest_route=\/wp\/v2\/posts\/1939\/revisions"}],"predecessor-version":[{"id":2291,"href":"https:\/\/dirkpeters.info\/index.php?rest_route=\/wp\/v2\/posts\/1939\/revisions\/2291"}],"wp:featuredmedia":[{"embeddable":true,"href":"https:\/\/dirkpeters.info\/index.php?rest_route=\/wp\/v2\/media\/1945"}],"wp:attachment":[{"href":"https:\/\/dirkpeters.info\/index.php?rest_route=%2Fwp%2Fv2%2Fmedia&parent=1939"}],"wp:term":[{"taxonomy":"category","embeddable":true,"href":"https:\/\/dirkpeters.info\/index.php?rest_route=%2Fwp%2Fv2%2Fcategories&post=1939"},{"taxonomy":"post_tag","embeddable":true,"href":"https:\/\/dirkpeters.info\/index.php?rest_route=%2Fwp%2Fv2%2Ftags&post=1939"}],"curies":[{"name":"wp","href":"https:\/\/api.w.org\/{rel}","templated":true}]}}