{"id":1602,"date":"2014-09-18T21:41:51","date_gmt":"2014-09-18T19:41:51","guid":{"rendered":"http:\/\/test.dirkpeters.net\/?p=1602"},"modified":"2017-05-23T21:49:45","modified_gmt":"2017-05-23T19:49:45","slug":"landbuch-des-herzogtums-pommern","status":"publish","type":"post","link":"https:\/\/dirkpeters.info\/?p=1602","title":{"rendered":"Landbuch des Herzogtums Pommern"},"content":{"rendered":"<p><img decoding=\"async\" src=\"..\/wp-content\/uploads\/2017\/05\/deckblatt_LBP.jpg\" alt=\"\" style=\"float:right; width: 400px; margin: 0 0 10px 10px; padding: 10px; border: 1px solid;\" \/><\/p>\n<p>Berghaus, Heinrich Karl Wilhelm (1797-1884): Landbuch des Herzogtums Pommern \u2013 Schilderung der Zust\u00e4nde dieser Lande in der zweiten H\u00e4lfte des 19. Jahrhunderts (Anklam 1862\u20131868 und Geschichte der Stadt Stettin \u2013 Topographisch-statistisch beschrieben nach allen Richtungen ihres politischen, b\u00fcrgerlichen, merkantilischen und kirchlichen Lebens (Berlin, Wriezen: Riemschneider 1875\u20131876 (13 B\u00e4nde)<\/p>\n<ul>\n<li>Teil II. \u2013 Landbuch des Herzogthums Stettin, Kammin und Hinterpommern\n<ul>\n<li><a target=\"_blank\" href=\"http:\/\/zbc.ksiaznica.szczecin.pl\/Content\/294\/N43187_ThII_BI.djvu\">Bd. 1<\/a>, Kreise Demmin, Anklam, Usedom-Wollin u. Ueckerm\u00fcnde<\/li>\n<li><a target=\"_blank\" href=\"http:\/\/zbc.ksiaznica.szczecin.pl\/Content\/295\/N43183_ThII_BII.djvu\">Bd. 2<\/a>, Randowscher Kreis und Kreise -linkes Oder-Ufer<\/li>\n<li><a target=\"_blank\" href=\"http:\/\/zbc.ksiaznica.szczecin.pl\/Content\/299\/N2525_ThII_BIII.djvu\">Bd. 3<\/a>, Kreise Greifenhagen und Pyritz<\/li>\n<li><a target=\"_blank\" href=\"http:\/\/zbc.ksiaznica.szczecin.pl\/Content\/296\/N43189_ThII_BIV.djvu\">Bd. 4<\/a>, Saatziger Kreis, insbesondere die Stadt Stargard<\/li>\n<li><a target=\"_blank\" href=\"http:\/\/zbc.ksiaznica.szczecin.pl\/Content\/297\/N43184_ThII_BV.djvu\">Bd. 5<\/a>, Abt. 1 Fortsetzung Saatziger Kreis und Kreis Naugard<\/li>\n<li><a target=\"_blank\" href=\"http:\/\/zbc.ksiaznica.szczecin.pl\/Content\/298\/N43185_ThII_BV.djvu\">Bd. 5<\/a>, Abt. 2 Fortsetzung Kreis Naugard<\/li>\n<li><a target=\"_blank\" href=\"http:\/\/zbc.ksiaznica.szczecin.pl\/Content\/300\/N2525_ThII_BVI.djvu\">Bd. 6<\/a>, Kreise Kammin und Greifenberg<\/li>\n<li><a target=\"_blank\" href=\"http:\/\/zbc.ksiaznica.szczecin.pl\/Content\/304\/N202212_ThII_BVII.djvu\">Bd. 7<\/a>, Kreis Regenwald<\/li>\n<li><a target=\"_blank\" href=\"http:\/\/zbc.ksiaznica.szczecin.pl\/Content\/305\/N2525_ThII_BVIII.djvu\">Bd. 8<\/a>, Geschichte der Stadt Stettin<\/li>\n<li><a target=\"_blank\" href=\"http:\/\/zbc.ksiaznica.szczecin.pl\/Content\/306\/N43191_ThII_BIX.djvu\">Bd. 9<\/a>, Geschichte der Stadt Stettin<\/li>\n<\/ul>\n<\/li>\n<li>Teil III. \u2013 Landbuch des Herzogthums Kaschubien und Belgard\n<ul>\n<li><a target=\"_blank\" href=\"http:\/\/zbc.ksiaznica.szczecin.pl\/Content\/307\/N2525_ThIII_BI.djvu\">Bd. 1<\/a>, Kreise Kammin und Belgard<\/li>\n<\/ul>\n<\/li>\n<li>Teil IV. \u2013 Landbuch von Neu-Vorpommern und der Insel R\u00fcgen (Regierung zu Stralsund)\n<ul>\n<li><a target=\"_blank\" href=\"http:\/\/zbc.ksiaznica.szczecin.pl\/Content\/308\/N201080_ThIV_BI.djvu\">Bd. 1<\/a>, Der Greifswalder Kreis<\/li>\n<li><a target=\"_blank\" href=\"http:\/\/zbc.ksiaznica.szczecin.pl\/Content\/309\/N201081_ThIV_BII.djvu\">Bd. 2<\/a>, Der Greifswalder Kreis<\/li>\n<\/ul>\n<\/li>\n<\/ul>\n","protected":false},"excerpt":{"rendered":"<p>Berghaus, Heinrich Karl Wilhelm (1797-1884): Landbuch des Herzogtums Pommern \u2013 Schilderung der Zust\u00e4nde dieser Lande in der zweiten H\u00e4lfte des 19. Jahrhunderts (Anklam 1862\u20131868 und Geschichte der Stadt Stettin \u2013<\/p>\n<div><a href=\"https:\/\/dirkpeters.info\/?p=1602\" class=\"exp-read-more exp-read-more-underlined\">Read More<\/a><\/div>\n","protected":false},"author":1,"featured_media":0,"comment_status":"open","ping_status":"open","sticky":false,"template":"","format":"standard","meta":{"jetpack_post_was_ever_published":false,"_jetpack_newsletter_access":"","_jetpack_dont_email_post_to_subs":false,"_jetpack_newsletter_tier_id":0,"_jetpack_memberships_contains_paywalled_content":false,"_jetpack_memberships_contains_paid_content":false,"footnotes":"","_links_to":"","_links_to_target":""},"categories":[3,4,256],"tags":[298,5,297,7,6,131,110],"class_list":["post-1602","post","type-post","status-publish","format-standard","hentry","category-buecher","category-links","category-verzeichnisse","tag-berghaus","tag-buecher","tag-landbuch","tag-links","tag-pommern","tag-regionalliteratur","tag-verzeichnisse"],"jetpack_featured_media_url":"","jetpack_shortlink":"https:\/\/wp.me\/p8HCXc-pQ","jetpack-related-posts":[{"id":1458,"url":"https:\/\/dirkpeters.info\/?p=1458","url_meta":{"origin":1602,"position":0},"title":"B\u00fccher zu Pommern","author":"dirkpeters","date":"10. September 2014","format":false,"excerpt":"B\u00fccher zu und aus Pommern f\u00fcr den Familienforscher Vanselow, Amandus Karl: Adeliches Pommern; Kolberg 1742 Enthalten sind Genealogien zu folgenden Familien: v. der Osten, v. Preu\u00dfen, v. Rangen, v. Rhein, v. Schweder, v. Zastrow Br\u00fcggemann, Ludewig Wilhelm: Ausf\u00fchrliche Beschreibung des gegenw\u00e4rtigen Zustandes des K\u00f6nigl. Preu\u00dfischen Herzogthums Vor- und Hinter-Pommern Teil\u2026","rel":"","context":"In &quot;B\u00fccher&quot;","block_context":{"text":"B\u00fccher","link":"https:\/\/dirkpeters.info\/?cat=3"},"img":{"alt_text":"","src":"","width":0,"height":0},"classes":[]},{"id":233,"url":"https:\/\/dirkpeters.info\/?p=233","url_meta":{"origin":1602,"position":1},"title":"Die Familie von Eickstedt","author":"dirkpeters","date":"23. Januar 2010","format":false,"excerpt":"Die Familie von Eickstedt ist ein altes pommersches Adelsgeschlecht, dessen Stammreihe mit dem Ritter Friedrich von Eickstedt urkundlich 1296 beginnt. Kontakte der in der zweiten H\u00e4lfte des 13. Jahrhunderts aus der Altmark nach Pommern eingewanderten Familie von Eickstedt sind bereits 1187 nachgewiesen, als Hinricus de Ekstedte und sein Bruder bei\u2026","rel":"","context":"In &quot;B\u00fccher&quot;","block_context":{"text":"B\u00fccher","link":"https:\/\/dirkpeters.info\/?cat=3"},"img":{"alt_text":"","src":"..\/wp-content\/uploads\/2010\/01\/Eickstedt.jpg","width":350,"height":200},"classes":[]},{"id":643,"url":"https:\/\/dirkpeters.info\/?p=643","url_meta":{"origin":1602,"position":2},"title":"J\u00fcrgen Graf Mellin","author":"dirkpeters","date":"23. Mai 2010","format":false,"excerpt":"Aus meiner Ahnenliste J\u00fcrgen Graf Mellin* 02.11.1633 Urpala, Finnland\u2020 13.01.1713 StettinVater: Bernd von MellinMutter: Margarethe von PaykullEhefrauen:1. Anna Magdalena Freiin von L\u00f6wen (1636 \u2013 1690)2. Eva Sophia Freiin von Inn- und Knyphausen (1644 \u2013 1707) Seine Laufbahn begann M. 1649 als Musketier in einem deutschen Regiment, das sein Vater f\u00fcr\u2026","rel":"","context":"In &quot;Genealogien&quot;","block_context":{"text":"Genealogien","link":"https:\/\/dirkpeters.info\/?cat=22"},"img":{"alt_text":"J\u00fcrgen Graf Mellin","src":"..\/wp-content\/uploads\/2010\/05\/mellin_juergen1-224x300.png","width":350,"height":200},"classes":[]},{"id":746,"url":"https:\/\/dirkpeters.info\/?p=746","url_meta":{"origin":1602,"position":3},"title":"Pommersche Lebensbilder","author":"dirkpeters","date":"15. September 2010","format":false,"excerpt":"Bei der Westpommerschen Digitale Bibliothek habe ich das Werk \u201cPommersche Lebensbilder\u201d gefunden. In diesem dreib\u00e4ndigen Werk aus den Jahren 1934 \u2013 1939. Das Werk enth\u00e4lt Biographien und Bilder von pommerschen Pers\u00f6nlichkeiten vom 18. bis zum beginnenden 20. Jahrhundert. Unter anderem sind Biographien von Johann Christoph Adelung, Ludwig Wilhelm Br\u00fcggemann, Max\u2026","rel":"","context":"In &quot;B\u00fccher&quot;","block_context":{"text":"B\u00fccher","link":"https:\/\/dirkpeters.info\/?cat=3"},"img":{"alt_text":"pommersche_lebensbilder","src":"..\/wp-content\/uploads\/2010\/09\/pommersche_lebensbilder_thumb.png","width":350,"height":200},"classes":[]},{"id":1367,"url":"https:\/\/dirkpeters.info\/?p=1367","url_meta":{"origin":1602,"position":4},"title":"Atlas der Kirchenprovinz Pommern 1931","author":"dirkpeters","date":"21. April 2016","format":false,"excerpt":"Neu in meiner Bibliothek: Atlas der Kirchenprovinz Pommern 1931 Herausgegeben von der Arbeitsgemeinschaft f\u00fcr pommersche Kirchengeschichte, 2005 Thomas Helms Verlag Die 1931 vom Evangelischen Pfarrerverein der Provinz Pommern im Ma\u00dfstab 1:200.000 ver\u00f6ffentlichte 'Kirchenkarte der Provinz Pommern' wurde von Hans Glaeser auf der Basis einer Pommernkarte des damaligen 'Reichsamtes f\u00fcr Landesaufnahme'\u2026","rel":"","context":"In &quot;B\u00fccher&quot;","block_context":{"text":"B\u00fccher","link":"https:\/\/dirkpeters.info\/?cat=3"},"img":{"alt_text":"","src":"","width":0,"height":0},"classes":[]},{"id":630,"url":"https:\/\/dirkpeters.info\/?p=630","url_meta":{"origin":1602,"position":5},"title":"Neu bei Google Books","author":"dirkpeters","date":"1. Mai 2010","format":false,"excerpt":"Neu bei Google Books und f\u00fcr alle Familienforscher interessant, die in Pommern forschen: Br\u00fcggemann Ludewig Wilhelm: Ausf\u00fchrliche Beschreibung des gegenw\u00e4rtigen Zustandes des K\u00f6nigl. Preu\u00dfischen Herzogthums Vor- und Hinter-Pommern. Band 1 Band 2","rel":"","context":"In &quot;B\u00fccher&quot;","block_context":{"text":"B\u00fccher","link":"https:\/\/dirkpeters.info\/?cat=3"},"img":{"alt_text":"brueggemann","src":"..\/wp-content\/uploads\/2010\/05\/brueggemann_thumb.png","width":350,"height":200},"classes":[]}],"jetpack_sharing_enabled":true,"jetpack_likes_enabled":true,"_links":{"self":[{"href":"https:\/\/dirkpeters.info\/index.php?rest_route=\/wp\/v2\/posts\/1602","targetHints":{"allow":["GET"]}}],"collection":[{"href":"https:\/\/dirkpeters.info\/index.php?rest_route=\/wp\/v2\/posts"}],"about":[{"href":"https:\/\/dirkpeters.info\/index.php?rest_route=\/wp\/v2\/types\/post"}],"author":[{"embeddable":true,"href":"https:\/\/dirkpeters.info\/index.php?rest_route=\/wp\/v2\/users\/1"}],"replies":[{"embeddable":true,"href":"https:\/\/dirkpeters.info\/index.php?rest_route=%2Fwp%2Fv2%2Fcomments&post=1602"}],"version-history":[{"count":2,"href":"https:\/\/dirkpeters.info\/index.php?rest_route=\/wp\/v2\/posts\/1602\/revisions"}],"predecessor-version":[{"id":1605,"href":"https:\/\/dirkpeters.info\/index.php?rest_route=\/wp\/v2\/posts\/1602\/revisions\/1605"}],"wp:attachment":[{"href":"https:\/\/dirkpeters.info\/index.php?rest_route=%2Fwp%2Fv2%2Fmedia&parent=1602"}],"wp:term":[{"taxonomy":"category","embeddable":true,"href":"https:\/\/dirkpeters.info\/index.php?rest_route=%2Fwp%2Fv2%2Fcategories&post=1602"},{"taxonomy":"post_tag","embeddable":true,"href":"https:\/\/dirkpeters.info\/index.php?rest_route=%2Fwp%2Fv2%2Ftags&post=1602"}],"curies":[{"name":"wp","href":"https:\/\/api.w.org\/{rel}","templated":true}]}}