{"id":150,"date":"2009-11-12T22:24:04","date_gmt":"2009-11-12T21:24:04","guid":{"rendered":"http:\/\/test.dirkpeters.net\/?p=150"},"modified":"2017-05-06T22:26:16","modified_gmt":"2017-05-06T20:26:16","slug":"der-verkaufte-adelstitel","status":"publish","type":"post","link":"https:\/\/dirkpeters.info\/?p=150","title":{"rendered":"Der verkaufte Adelstitel"},"content":{"rendered":"<p>In jeder Familiengeschichte gibt es das eine oder andere Geheimnis. Eines der h\u00e4ufigsten taucht regelm\u00e4\u00dfig in den Genealogieforen und -mailinglisten auf.<\/p>\n<blockquote><p>\n\t&#8222;einer unserer Vorfahren soll adlig gewesen sein, hat seinen Adel aber verkauft oder verspielt&#8220;\n<\/p><\/blockquote>\n<p>Gab es das wirklich? Nein! Es gab F\u00e4lle von Adelsverlust, so weit so gut. Der Verlust des Adels konnte aber lediglich im Falle von schweren Rechtsverst\u00f6\u00dfen durch das oberste Gericht aberkannt werden. Daneben gab es Adlige, die ihren Adel freiwillig ablegten, dieses musste jedoch vor der zust\u00e4ndigen Beh\u00f6rde (z. B. dem Heroldsamt) erkl\u00e4rt werden.<\/p>\n<p>In einigen F\u00e4llen wurde der Adel auch einfach nicht mehr gef\u00fchrt, dies kam vor allem vor, wenn die betreffenden Personen ihren Wohnsitz in der Stadt nahmen und ihren Lebensunterhalt mit b\u00fcrgerlichen T\u00e4tigkeiten verdienten.<\/p>\n<p>Einen Verkauf von Adelstiteln hat es nie gegeben. Das was heute auf den g\u00e4ngigen Internetseiten angeboten wird, sind schon allein deshalb keine Titel, da der Adel in Deutschland 1919 abgeschafft wurde und seitdem die Titel nur noch Namensbestandteil sind. Da nach dem Deutschen Namensrecht Namens\u00e4nderungen nur unter sehr seltenen Bedingungen ge\u00e4ndert werden k\u00f6nnen, taugen die gekauften Namen im besten Falle als K\u00fcnstlernamen.<\/p>\n<p>Weitere Informationen zum Adel, zu Titel und zum Adelsverlust gibt es beim<\/p>\n<ul>\n\t<\/p>\n<li><a href=\"http:\/\/www.adelsrecht.de\/index.html\" target=\"_blank\">Deutschen Adelsrechtsausschu\u00df<\/a> und beim<\/li>\n<li><a href=\"http:\/\/www.edelleute.de\/\" target=\"_blank\">Institut Deutsche Adelsforschung<\/a>.<\/li>\n<\/ul>\n","protected":false},"excerpt":{"rendered":"<p>In jeder Familiengeschichte gibt es das eine oder andere Geheimnis. Eines der h\u00e4ufigsten taucht regelm\u00e4\u00dfig in den Genealogieforen und -mailinglisten auf. &#8222;einer unserer Vorfahren soll adlig gewesen sein, hat seinen<\/p>\n<div><a href=\"https:\/\/dirkpeters.info\/?p=150\" class=\"exp-read-more exp-read-more-underlined\">Read More<\/a><\/div>\n","protected":false},"author":1,"featured_media":0,"comment_status":"open","ping_status":"open","sticky":false,"template":"","format":"standard","meta":{"jetpack_post_was_ever_published":false,"_jetpack_newsletter_access":"","_jetpack_dont_email_post_to_subs":false,"_jetpack_newsletter_tier_id":0,"_jetpack_memberships_contains_paywalled_content":false,"_jetpack_memberships_contains_paid_content":false,"footnotes":"","_links_to":"","_links_to_target":""},"categories":[44,1,4],"tags":[24,7,45],"class_list":["post-150","post","type-post","status-publish","format-standard","hentry","category-adel","category-allgemein","category-links","tag-adel","tag-links","tag-recht"],"jetpack_featured_media_url":"","jetpack_shortlink":"https:\/\/wp.me\/p8HCXc-2q","jetpack-related-posts":[{"id":324,"url":"https:\/\/dirkpeters.info\/?p=324","url_meta":{"origin":150,"position":0},"title":"Das Handbuch des Preu\u00dfischen Adels","author":"dirkpeters","date":"27. Februar 2010","format":false,"excerpt":"Das Handbuch des Preu\u00dfischen Adels, wurde 1891 und 1893 in zwei B\u00e4nden unter Leitung von Marcelli Janecki herausgegeben. Gedacht war das Werk als Erg\u00e4nzung zu den Gothaischen Taschenb\u00fcchern, dies es zu diesem Zeitpunkt nur f\u00fcr F\u00fcrsten, Grafen und Freiherren gab. Es sollten Familien aufgenommen werden, die zum Uradel des K\u00f6nigreiches\u2026","rel":"","context":"In &quot;Adel&quot;","block_context":{"text":"Adel","link":"https:\/\/dirkpeters.info\/?cat=44"},"img":{"alt_text":"","src":"","width":0,"height":0},"classes":[]},{"id":3179,"url":"https:\/\/dirkpeters.info\/?p=3179","url_meta":{"origin":150,"position":1},"title":"Siebmachers Wappenb\u00fccher (Neuherausgabe 1854-1967)","author":"dirkpeters","date":"10. Februar 2019","format":false,"excerpt":"Der originale Siebmacher erschien erstmals 1605. Der erste Herausgeber Johann Sibmacher (* um 1561 in N\u00fcrnberg; \u2020 23. M\u00e4rz 1611 ebenda) war Wappenmaler, Kupferstecher, Radierer und Verleger gab nur das \"Newe Wappenbuch\" heraus, das in zwei B\u00e4nden in den Jahren 1605 (264 Tafeln) bzw. 1609 (164 Tafeln). Bis 1696 gab\u2026","rel":"","context":"In &quot;Datenbanken&quot;","block_context":{"text":"Datenbanken","link":"https:\/\/dirkpeters.info\/?cat=86"},"img":{"alt_text":"","src":"https:\/\/i0.wp.com\/dirkpeters.info\/wp-content\/uploads\/2019\/02\/wappenburg.png?fit=506%2C733&ssl=1&resize=350%2C200","width":350,"height":200},"classes":[]},{"id":224,"url":"https:\/\/dirkpeters.info\/?p=224","url_meta":{"origin":150,"position":2},"title":"Adelsvapens genealogi Wiki","author":"dirkpeters","date":"17. Januar 2010","format":false,"excerpt":"Wer sich vor schwedisch nicht \u00e4ngstigt, findet auf bei Adelsvapen genealogi Wiki interessante Informationen rund um den schwedischen Adel. Da ein nicht geringer Teil des schwedischen Adels deutsche Wurzeln hat, ist das st\u00e4ndig wachsende Infomationsangebot des Wikis auch f\u00fcr Nichtschweden eine Bereicherung.Link","rel":"","context":"In &quot;Adel&quot;","block_context":{"text":"Adel","link":"https:\/\/dirkpeters.info\/?cat=44"},"img":{"alt_text":"","src":"..\/wp-content\/uploads\/2010\/01\/adelsvapen.png","width":350,"height":200},"classes":[]},{"id":531,"url":"https:\/\/dirkpeters.info\/?p=531","url_meta":{"origin":150,"position":3},"title":"Gudrun Gersmann \/ Hans-Werner Langbrandtner (Hgg.): Adlige Lebenswelten im Rheinland","author":"dirkpeters","date":"16. M\u00e4rz 2010","format":false,"excerpt":"gefunden auf sehepunkte.de Die Herausgeber des vorliegenden Quellenbandes haben sich zwei wichtige Ziele gesetzt: Sie wollen die Geschichte des in der historischen Forschung bislang vergleichsweise wenig beachteten rheinischen Adels dokumentieren und zugleich in der Form eines an Studenten und Lehrende gerichteten Kompendiums \"eine materialgest\u00fctzte Ann\u00e4herung an die adligen Lebenswelten der\u2026","rel":"","context":"In &quot;B\u00fccher&quot;","block_context":{"text":"B\u00fccher","link":"https:\/\/dirkpeters.info\/?cat=3"},"img":{"alt_text":"sehepunkte","src":"..\/wp-content\/uploads\/2010\/03\/sehepunkte_thumb.jpg","width":350,"height":200},"classes":[]},{"id":3760,"url":"https:\/\/dirkpeters.info\/?p=3760","url_meta":{"origin":150,"position":4},"title":"Gotha&#8217;s online verf\u00fcgbar","author":"dirkpeters","date":"18. Mai 2020","format":false,"excerpt":"Das Gothaische Genealogische Handbuch des Adels ist f\u00fcr viele Familienforscher eine unverzichtbare Sekund\u00e4rquelle. Viele Links sind schon im Servicebereich verf\u00fcgbar. Nun gibt es alle B\u00e4nde der Reihen Adel A und Adel B bei Familysearch als Verfilmung. F\u00fcr Nutzung der nachfolgenden Links muss man \u00fcber eine kostenlose Mitgliedschaft bei Familysearch verf\u00fcgen.\u2026","rel":"","context":"In &quot;Adel&quot;","block_context":{"text":"Adel","link":"https:\/\/dirkpeters.info\/?cat=44"},"img":{"alt_text":"","src":"https:\/\/i0.wp.com\/dirkpeters.info\/wp-content\/uploads\/2018\/10\/Adel-A-1908.jpg?fit=755%2C1200&ssl=1&resize=350%2C200","width":350,"height":200,"srcset":"https:\/\/i0.wp.com\/dirkpeters.info\/wp-content\/uploads\/2018\/10\/Adel-A-1908.jpg?fit=755%2C1200&ssl=1&resize=350%2C200 1x, https:\/\/i0.wp.com\/dirkpeters.info\/wp-content\/uploads\/2018\/10\/Adel-A-1908.jpg?fit=755%2C1200&ssl=1&resize=525%2C300 1.5x, https:\/\/i0.wp.com\/dirkpeters.info\/wp-content\/uploads\/2018\/10\/Adel-A-1908.jpg?fit=755%2C1200&ssl=1&resize=700%2C400 2x"},"classes":[]},{"id":3775,"url":"https:\/\/dirkpeters.info\/?p=3775","url_meta":{"origin":150,"position":5},"title":"Stammtafeln des Adels des Gro\u00dfherzogthums Baden","author":"dirkpeters","date":"11. Juni 2020","format":false,"excerpt":"Stammtafeln des Adels des Gro\u00dfherzogthums Baden Edmund von der Becke-Kl\u00fcchtzner, Baden-Baden, Weber & K\u00f6lblin, 1886 Link: https:\/\/digi.ub.uni-heidelberg.de\/diglit\/beckekluechtzner1886 In diesem Werk sind Stammtafeln der im Gro\u00dfherzogtum Baden ans\u00e4ssigen adligen Familien enthalten. Zu jeder Familie gibt es eine kurze Einf\u00fchrung. Die enthaltenen Stammtafeln sind mitunter sehr umfangreich, f\u00fchren aber oft auch nur\u2026","rel":"","context":"In &quot;Adel&quot;","block_context":{"text":"Adel","link":"https:\/\/dirkpeters.info\/?cat=44"},"img":{"alt_text":"","src":"https:\/\/i0.wp.com\/dirkpeters.info\/wp-content\/uploads\/2020\/06\/Baden.jpg?fit=865%2C1200&ssl=1&resize=350%2C200","width":350,"height":200,"srcset":"https:\/\/i0.wp.com\/dirkpeters.info\/wp-content\/uploads\/2020\/06\/Baden.jpg?fit=865%2C1200&ssl=1&resize=350%2C200 1x, https:\/\/i0.wp.com\/dirkpeters.info\/wp-content\/uploads\/2020\/06\/Baden.jpg?fit=865%2C1200&ssl=1&resize=525%2C300 1.5x, https:\/\/i0.wp.com\/dirkpeters.info\/wp-content\/uploads\/2020\/06\/Baden.jpg?fit=865%2C1200&ssl=1&resize=700%2C400 2x"},"classes":[]}],"jetpack_sharing_enabled":true,"jetpack_likes_enabled":true,"_links":{"self":[{"href":"https:\/\/dirkpeters.info\/index.php?rest_route=\/wp\/v2\/posts\/150","targetHints":{"allow":["GET"]}}],"collection":[{"href":"https:\/\/dirkpeters.info\/index.php?rest_route=\/wp\/v2\/posts"}],"about":[{"href":"https:\/\/dirkpeters.info\/index.php?rest_route=\/wp\/v2\/types\/post"}],"author":[{"embeddable":true,"href":"https:\/\/dirkpeters.info\/index.php?rest_route=\/wp\/v2\/users\/1"}],"replies":[{"embeddable":true,"href":"https:\/\/dirkpeters.info\/index.php?rest_route=%2Fwp%2Fv2%2Fcomments&post=150"}],"version-history":[{"count":2,"href":"https:\/\/dirkpeters.info\/index.php?rest_route=\/wp\/v2\/posts\/150\/revisions"}],"predecessor-version":[{"id":152,"href":"https:\/\/dirkpeters.info\/index.php?rest_route=\/wp\/v2\/posts\/150\/revisions\/152"}],"wp:attachment":[{"href":"https:\/\/dirkpeters.info\/index.php?rest_route=%2Fwp%2Fv2%2Fmedia&parent=150"}],"wp:term":[{"taxonomy":"category","embeddable":true,"href":"https:\/\/dirkpeters.info\/index.php?rest_route=%2Fwp%2Fv2%2Fcategories&post=150"},{"taxonomy":"post_tag","embeddable":true,"href":"https:\/\/dirkpeters.info\/index.php?rest_route=%2Fwp%2Fv2%2Ftags&post=150"}],"curies":[{"name":"wp","href":"https:\/\/api.w.org\/{rel}","templated":true}]}}