{"id":1475,"date":"2014-09-12T22:40:49","date_gmt":"2014-09-12T20:40:49","guid":{"rendered":"http:\/\/test.dirkpeters.net\/?p=1475"},"modified":"2017-05-20T23:28:46","modified_gmt":"2017-05-20T21:28:46","slug":"ekkehart-neumann-reppert","status":"publish","type":"post","link":"https:\/\/dirkpeters.info\/?p=1475","title":{"rendered":"Ekkehart Neumann-Reppert"},"content":{"rendered":"<p>Verzeichnis von Stammtafeln schlesischer Familien, erstellt durch Ekkehart Neumann-Reppert.<\/p>\n<table>\n<tr>\n<td><b>A<\/b><\/td>\n<td><b>B<\/b><\/td>\n<td><b>C<\/b><\/td>\n<td><b>D<\/b><\/td>\n<\/tr>\n<tr>\n<td>\n<ul>\n<li>Die Familie von <strong>Attelmayer aus Breslau<\/strong>, 2. Bearbeitung, Schenefeld, 1986, <em>Herold, GGHH<\/em><\/li>\n<\/ul>\n<\/td>\n<td>\n<ul>\n<li>Die Familie von <strong>Bancke<\/strong>, Schenefeld, 1987, <em>Herold, GGHH<\/em><\/li>\n<li>Die Familie von <strong>Bankau<\/strong>, Schenefeld, 1988, <em>Herold, GGHH<\/em><\/li>\n<li>Die Familie <strong>Birle von Mahlendorf<\/strong>, Schenefeld, 1987, <em>Herold, GGHH<\/em><\/li>\n<li>Die Familie <strong>Bohl von Montbach<\/strong>, Schenefeld, 1989, <em>Herold, GGHH<\/em><\/li>\n<li>Die Familie <strong>Boner von Landau<\/strong>, Schenefeld, 1989, <em>Herold, GGHH<\/em><\/li>\n<li>Die Familie von <strong>Borschnitz<\/strong>, Schenefeld, 1991, <em>Herold, GGHH<\/em><\/li>\n<li>Die Familie <strong>Borzita von Martinitz<\/strong>, Schenefeld, 1985, <em>Herold, GGHH<\/em><\/li>\n<li>Die Familie <strong>Butschky und Butsky von Rutinfeld<\/strong>, Schenefeld, 1987, <em>Herold, GGHH<\/em><\/li>\n<\/ul>\n<\/td>\n<td>\n<ul>\n<li>Die Familie <strong>Christel<\/strong>, Schenefeld, 1986, <em>Herold, GGHH<\/em><\/li>\n<li>Das Breslauer Stadtgeschlecht <strong>Claudius<\/strong>, Schenefeld, 1986, <em>Herold, GGHH<\/em><\/li>\n<ul>\n\t\t<\/td>\n<td>\n<ul>\n<li>Die Familie von <strong>Debsch\u00fctz<\/strong>, 2. Auflage, Schenefeld, 1985, <em>Herold, GGHH<\/em><\/li>\n<li>Die Familie von <strong>Diebitsch<\/strong>, Schenefeld, 1985, <em>Herold, GGHH<\/em><\/li>\n<li>Die Familie <strong>Dietz von Dietzenstein<\/strong>, Schenefeld, 1986, <em>Herold, GGHH<\/em><\/li>\n<li>Die Familie <strong>Dietz, auch Decius, auch Dietz von Kupferberg<\/strong>, Schenefeld, 1987, <em>Herold, GGHH<\/em><\/li>\n<li>Die Familie <strong>Donig von Zdanitz<\/strong>, Schenefeld, 1988, <em>Herold, GGHH<\/em><\/li>\n<\/ul>\n<\/td>\n<\/tr>\n<tr>\n<td><b>F<\/b><\/td>\n<td><b>G<\/b><\/td>\n<td><b>K<\/b><\/td>\n<td><b>L<\/b><\/td>\n<\/tr>\n<tr>\n<td>\n<ul>\n<li>Die Familie (von) <strong>Flandrin aus Breslau<\/strong>, Schenefeld, 1986, <em>Herold, GGHH<\/em><\/li>\n<\/ul>\n<\/td>\n<td>\n<ul>\n<li>Die Familie von <strong>Gaschin<\/strong>, Schenefeld, 1991, <em>Herold, GGHH<\/em><\/li>\n<li>Die Familie von <strong>Gruttschreiber<\/strong>, Schenefeld, 1991, <em>Herold, GGHH<\/em><\/li>\n<\/ul>\n<\/td>\n<td>\n<ul>\n<li>Die Familie von <strong>Karras<\/strong>, Schenefeld, 1985, <em>Herold, GGHH<\/em><\/li>\n<li>Die Familie von <strong>Kessel<\/strong>, Schenefeld, 1985, <em>Herold, GGHH<\/em><\/li>\n<li>Die Familie von <strong>Kreckwitz<\/strong>, 3. Bearbeitung, Schenefeld, 1989, <em>Herold, GGHH<\/em><\/li>\n<\/ul>\n<\/td>\n<td>\n<ul>\n<li>Die Anf\u00e4nge der Familien von <strong>Larisch, Gl\u00e4sen, Fragstein<\/strong>, Schenefeld, 1983, <em>Herold<\/em><\/li>\n<\/ul>\n<\/td>\n<\/tr>\n<tr>\n<td><b>M<\/b><\/td>\n<td><b>N<\/b><\/td>\n<td><b>O<\/b><\/td>\n<td><b>P<\/b><\/td>\n<\/tr>\n<tr>\n<td>\n<ul>\n<li>Die Familie von <strong>Maltis<\/strong>, Hamburg, 1983, <em>Herold, GGHH<\/em><\/li>\n<li>Die Familie von <strong>Maltitz<\/strong>, Schenefeld, 1983, <em>Herold, GGHH<\/em><\/li>\n<li>Die Familie von <strong>Mauschwitz<\/strong>, Schenefeld, 1985, <em>Herold, GGHH<\/em><\/li>\n<li>Die Familie von <strong>Miltitz<\/strong>, Hamburg, 1983, <em>Herold<\/em><\/li>\n<\/ul>\n<\/td>\n<td>\n<ul>\n<li>\n<li>Die Familie von <strong>Nadelwitz<\/strong>, Schenefeld, 1986, <em>Herold, GGHH<\/em><\/li>\n<li>Die Familie von <strong>Nagel<\/strong>, Schenefeld, 1986, <em>Herold, GGHH<\/em><\/li>\n<li>Die Familie von <strong>Naschwitz<\/strong>, Schenefeld, 1987, <em>Herold, GGHH<\/em><\/li>\n<li>Die Familie von <strong>Nassau<\/strong>, Schenefeld, 1986, <em>Herold, GGHH<\/em><\/li>\n<li>Die Familie von <strong>Necher<\/strong>, Schenefeld, 1986, <em>Herold, GGHH<\/em><\/li>\n<li>Die Familie von <strong>Neefe und Obischau<\/strong>, Schenefeld, 1986, <em>Herold, GGHH<\/em><\/li>\n<li>Die Familie von <strong>Netz<\/strong>, Schenefeld, 1986, <em>Herold, GGHH<\/em><\/li>\n<li>Die Familie von <strong>Neudorf<\/strong>, Schenefeld, 1987, <em>Herold, GGHH<\/em><\/li>\n<li>Die Familie von <strong>Neuhaus, auch von Nayhauss<\/strong>, Schenefeld, 1987, <em>Herold, GGHH<\/em><\/li>\n<li>Die Familie <strong>Neumann aus Beuthen a. O.<\/strong>, Schenefeld, 1987, <em>Herold, GGHH<\/em><\/li>\n<li>Die Familie von <strong>Neumarkt<\/strong>, Schenefeld, 1987, <em>Herold, GGHH<\/em><\/li>\n<li>Die Familie von <strong>Neunz<\/strong>, Schenefeld, 1987, <em>Herold, GGHH<\/em><\/li>\n<li>Die Familie <strong>Nickisch von Rosenegk<\/strong>, Schenefeld, 1986, <em>Herold, GGHH<\/em><\/li>\n<li>Die Familie von <strong>Niemitz<\/strong>, Schenefeld, 1986, <em>Herold, GGHH<\/em>\n<li>Die Familien von <strong>Niesemeuschel<\/strong>, Schenefeld, 1986, <em>Herold, GGHH<\/em><\/li>\n<li>Die Familie von <strong>Nimptsch<\/strong>, Briefadel, Schenefeld, 1987, <em>Herold, GGHH<\/em><\/li>\n<li>Die Familie von <strong>Nimptsch<\/strong>, Schenefeld, 1981, <em>Herold<\/em><\/li>\n<li>Die Familie <strong>Nitius<\/strong>, Schenefeld, 1987, <em>Herold, GGHH<\/em><\/li>\n<li>Die Familie von <strong>Nitsche aus Breslau<\/strong>, Schenefeld, 1987, <em>Herold, GGHH<\/em><\/li>\n<li>Die Familie <strong>Noes von Grabow<\/strong>, Schenefeld, 1987, <em>Herold, GGHH<\/em><\/li>\n<li>Die Familie <strong>Noldel, auch von Kreuzburg<\/strong>, Schenefeld, 1987, <em>Herold, GGHH<\/em><\/li>\n<li>Die Familie von <strong>Nordmann<\/strong>, , , <em>Herold, GGHH<\/em><\/li>\n<li>Die Familien von <strong>Nossen alias de Ossina<\/strong>, Schenefeld, 1987, <em>Herold, GGHH<\/em><\/li>\n<li>Die Familie von <strong>Nostitz<\/strong>, Heft I-II, Schenefeld, 1986, <em>Herold, GGHH<\/em><\/li>\n<li>Die Familie von <strong>Nottenhof gen. Krommenau<\/strong>, Schenefeld, 1987, <em>Herold, GGHH<\/em><\/li>\n<li>Die Familie von <strong>Nowagk<\/strong>, Schenefeld, 1986, <em>Herold, GGHH<\/em><\/li>\n<li>Die Familie <strong>Nunhart<\/strong>, Schenefeld, 1987, <em>Herold, GGHH<\/em><\/li>\n<li>Die Familie von <strong>Nu\u00df<\/strong>, Schenefeld, 1987, <em>Herold, GGHH<\/em><\/li>\n<li>Die Familie von <strong>Nuys<\/strong>, Schenefeld, 1987, <em>Herold, GGHH<\/em><\/li>\n<\/ul>\n<\/td>\n<td>\n<ul>\n<li>Die Familie von  <strong>Odersky, richtiger Odersky von Liderov<\/strong>, Schenefeld, 1985, <em>Herold, GGHH<\/em><\/li>\n<p>\t\t\t<\/il>\n\t\t<\/td>\n<td>\n<ul>\n<li>Stammtafel <strong>Prittwitz (Pritticz), Schlesien<\/strong>, Schenefeld, 1991, <em>GGHH<\/em><\/li>\n<li>Die Familie von <strong>Prittwitz und Gaffron<\/strong>, Schenefeld, 1991, <em>Herold, GGHH<\/em><\/li>\n<li>Die Familie von <strong>Promnitz<\/strong>, Schenefeld, 1985, <em>Herold, GGHH<\/em><\/li>\n<\/ul>\n<\/td>\n<\/tr>\n<tr>\n<td><b>R<\/b><\/td>\n<td><b>S<\/b><\/td>\n<td><b>T<\/b><\/td>\n<td><b>U<\/b><\/td>\n<\/tr>\n<tr>\n<td>\n<ul>\n<li>Die Familie von <strong>Rabenau<\/strong>, Schenefeld, 1987, <em>Herold, GGHH<\/em><\/li>\n<li>Die Familie von <strong>Rachnau<\/strong>, Schenefeld, 1989, <em>Herold, GGHH<\/em><\/li>\n<li>Die Familie von <strong>Rackel<\/strong>, Schenefeld, 1988, <em>Herold, GGHH<\/em><\/li>\n<li>Die Familie von <strong>Rackwitz<\/strong>, Schenefeld, 1988, <em>Herold, GGHH<\/em><\/li>\n<li>Die Familie von <strong>Raczinsky<\/strong>, Schenefeld, 1989, <em>Herold, GGHH<\/em><\/li>\n<li>Die Familie <strong>Rampusch von Rammstein<\/strong>, Schenefeld, 1989, <em>Herold, GGHH<\/em><\/li>\n<li>Die Familie von <strong>Randow<\/strong>, schlesische Linie, Schenefeld, 1989, <em>Herold, GGHH<\/em><\/li>\n<li>Die Familie von <strong>Raschitz, auch von Rassitz<\/strong>, Schenefeld, 1989, <em>Herold, GGHH<\/em><\/li>\n<li>Die Familie von <strong>Rasselwitz, auch von Rastelwitz<\/strong>, Schenefeld, 1988, <em>Herold, GGHH<\/em><\/li>\n<li>Die Familie <strong>Raster gen M\u00fchlschreiber<\/strong>, Schenefeld, 1988, <em>Herold, GGHH<\/em><\/li>\n<li>Die Familie  <strong>Ratibor<\/strong>, Schenefeld, 1988, <em>Herold, GGHH<\/em><\/li>\n<li>Die Familie <strong>Ratold von Zdanitz<\/strong>, Schenefeld, 1988, <em>Herold, GGHH<\/em><\/li>\n<li>Die Familie von <strong>Ratschin<\/strong>, Schenefeld, 1988, <em>Herold, GGHH<\/em><\/li>\n<li>Die Familie von <strong>Ratzbar gen. Busch<\/strong>, Schenefeld, 1988, <em>Herold, GGHH<\/em><\/li>\n<li>Die Familie von <strong>Raueck<\/strong>, Schenefeld, 1988, <em>Herold, GGHH<\/em><\/li>\n<li>Die Familie von <strong>Rau\u00dfendorff<\/strong>, Schenefeld, 1987, <em>Herold, GGHH<\/em><\/li>\n<li>Die Familie von <strong>Rau\u00dfke<\/strong>, Schenefeld, 1989, <em>Herold, GGHH<\/em><\/li>\n<li>Die Familie von <strong>Rawein<\/strong>, Schenefeld, 1988, <em>Herold, GGHH<\/em><\/li>\n<li>Die Familie von <strong>Rechenberg<\/strong>, Schenefeld, 1987, <em>Herold, GGHH<\/em><\/li>\n<li>Die Familie von <strong>Reder, sp\u00e4ter von Redern, sp\u00e4ter von Roedern<\/strong>, Schenefeld, 1988, <em>Herold, GGHH<\/em><\/li>\n<li>Die Familie von <strong>Rehdiger<\/strong>, Schenefeld, 1988, <em>Herold, GGHH<\/em><\/li>\n<li>Die Familie von <strong>Reibnitz<\/strong>, Schenefeld, 1992, <em>Herold, GGHH<\/em><\/li>\n<li>Die Familie von <strong>Reichell<\/strong>, Schenefeld, 1989, <em>Herold, GGHH<\/em><\/li>\n<li>Die Familie von <strong>Reideburg<\/strong>, Schenefeld, 1988, <em>Herold<\/em><\/li>\n<li>Die Familie von <strong>Reinsberg<\/strong>, Schenefeld, 1988, <em>Herold, GGHH<\/em><\/li>\n<li>Die Familie von <strong>Reiswitz<\/strong>, Schenefeld, 1988, <em>Herold, GGHH<\/em><\/li>\n<li>Die Familie <strong>Rempel<\/strong>, Schenefeld, 1988, <em>Herold, GGHH<\/em><\/li>\n<li>Die Familie <strong>Renker<\/strong>, Schenefeld, 1988, <em>Herold, GGHH<\/em><\/li>\n<li>Die Familie von <strong>Rindfleisch<\/strong>, Schenefeld, 1989, <em>Herold, GGHH<\/em><\/li>\n<li>Die Familie von <strong>Rohr und Stein<\/strong>, Schenefeld, 1988, <em>Herold, GGHH<\/em><\/li>\n<li>Die Familie <strong>Rosarius von Rosenberg<\/strong>, Schenefeld, 1988, <em>Herold, GGHH<\/em><\/li>\n<li>Die Familie <strong>Roth aus dem F\u00fcrstentume J\u00e4gerndorf<\/strong>, Schenefeld, 1988, <em>Herold, GGHH<\/em><\/li>\n<li>Die Familie von <strong>Roth aus Freystadt in Niederschlesien<\/strong>, Schenefeld, 1988, <em>Herold, GGHH<\/em>\t<\/li>\n<li>Hiob von <strong>Rothkirch<\/strong>, und seine Kinder und Enkel, Schenefeld, 1991, <em>GGHH<\/em><\/li>\n<\/ul>\n<\/td>\n<td>\n<ul>\n<li>Die Familie <strong>Sachs von L\u00f6wenheimb<\/strong>, Schenefeld, 1988, <em>Herold, GGHH<\/em><\/li>\n<li>Die Familie von <strong>Sandrezky<\/strong>, Schenefeld, 1991, <em>Herold, GGHH<\/em><\/li>\n<li>Die \u00e4lteste Geschichte der Familie von <strong>Schenkendorff<\/strong>, , 1973, <em>GGHH<\/em><\/li>\n<li>Die Familie von <strong>Schkopp<\/strong>, Schenefeld, 1989, <em>Herold, GGHH<\/em><\/li>\n<li>Die Familie <strong>Scholtz von L\u00f6wencron<\/strong>, 2. Bearbeitung, Schenefeld, 1991, <em>Herold, GGHH<\/em><\/li>\n<li>Die Familie <strong>Schwarz von Oberdorf<\/strong>, Schenefeld, 1987, <em>Herold, GGHH<\/em><\/li>\n<li>Die Familie von <strong>Schweinichen<\/strong>, Schenefeld, 1987, <em>Herold, GGHH<\/em><\/li>\n<li>Die Familie von <strong>Sebottendorff<\/strong>, Schenefeld, 1989, <em>Herold<\/em><\/li>\n<li>Die Familie von <strong>Seydlitz<\/strong>, Bd. 2 Schlesien, Schenefeld, 1991, <em>Herold, GGHH<\/em><\/li>\n<li>Die Familie von <strong>Seydlitz<\/strong>, Bd. 4 Stamm Kurzbach, Schenefeld, 1985, <em>Herold, GGHH<\/em><\/li>\n<li>Die Familie von <strong>Spiller<\/strong>, Schenefeld, 1991, <em>Herold, GGHH<\/em><\/li>\n<li>Die Familie von <strong>Stechow zu Gro\u00df-Stechow<\/strong>, Schenefeld, 1984, <em>GGHH<\/em><\/li>\n<li>Die \u00e4lteste Geschichte der Familie von <strong>Stosch<\/strong>, Hamburg, 1980, <em>Herold, GGHH<\/em><\/li>\n<li>Peter Wlast, der Ahnherr der Grafen von <strong>Stosch<\/strong>, Hamburg, 1982, <em>GGHH<\/em><\/li>\n<li>Stammtafel der Grafen von <strong>Stosch<\/strong>, Schenefeld, 1981, <em>GGHH<\/em><\/li>\n<li>Erg\u00e4nzungen zur Ahnentafel von <strong>Strantz-Cohen<\/strong>, Bde. 1-5, Schenefeld, 1985, <em>Herold, GGHH<\/em><\/li>\n<li>Die Familie von <strong>Studnitz<\/strong>, Schenefeld, 1987, <em>Herold, GGHH<\/em><\/li>\n<\/ul>\n<\/td>\n<td>\n<ul>\n<li>Die Familie von <strong>Tschischwitz<\/strong>, Hamburg, 1979, <em>Herold<\/em><\/li>\n<\/ul>\n<\/td>\n<td>\n<ul>\n<li><strong>Unsere gemeinsamen Ahnen<\/strong>, Teil 1 u. 2, Hamburg, 1981, <em>GGHH<\/em><\/li>\n<\/ul>\n<\/td>\n<\/tr>\n<tr>\n<td><b>V<\/b><\/td>\n<td><b>W<\/b><\/td>\n<td colspan=\"2\"><b>Z<\/b><\/td>\n<\/tr>\n<tr>\n<td>\n<ul>\n<li>Die Familie von <strong>Vippach<\/strong>, Schenefeld, 1980, <em>AGT<\/em><\/li>\n<\/ul>\n<\/td>\n<td>\n<ul>\n<li>Die Familie von <strong>Wins<\/strong>, Hamburg, 1981, <em>Herold<\/em><\/li>\n<\/ul>\n<\/td>\n<td colspan=\"2\">\n<ul>\n<li>Die Familie von <strong>Zedlitz<\/strong>, Bd. 1, Schenefeld, 1984, <em>Herold, GGHH<\/em><\/li>\n<li>Die Familie von <strong>Zedlitz<\/strong>, Bd. 2 Schlesien, Schenefeld, 1985, <em>Herold, GGHH<\/em><\/li>\n<li>Die Familie von <strong>Zezschwitz<\/strong>, 2. Bearbeitung, Schenefeld, 1985, <em>Herold, GGHH<\/em><\/li>\n<li>Die Familie von <strong>Zinzendorf<\/strong>, aus Zinsenfeld bei Melk\/Ober\u00f6sterreich, Schenefeld, 1984, <em>GGHH<\/em><\/li>\n<li>Die Familie von <strong>Zollikofer<\/strong>, aus der Schweiz und aus Schlesien mit verschw\u00e4gerten Familien, Hamburg, 1984, <em>GGHH<\/em><\/li>\n<\/ul>\n<\/td>\n<\/tr>\n<\/table>\n<hr \/ >\n<p>Hinweis zu den Lagerorten:<\/p>\n<hr \/ >\n<ul>\n<li>Herold: <a href=\"http:\/\/www.herold-verein.de\/\" target=\"_blank\">Herold &#8211; Verein f\u00fcr Heraldik, Genealogie und verwandte Wissenschaften zu Berlin e.V.<\/a><\/li>\n<li>GGHH: <a href=\"http:\/\/www.genealogy.net\/vereine\/GGHH\/index.html\" target=\"_blank\">Genealogische Gesellschaft Hamburg e.V.<\/a><\/li>\n<li>AGT: <a href=\"http:\/\/www.genealogie-thueringen.de\/\" target=\"_blank\">Arbeitsgemeinschaft Genealogie Th\u00fcringen e.V.<\/a><\/li>\n<\/ul>\n<hr \/ >\n<p>Dar\u00fcber hinaus ist mir bekannt, dass im Deutschen Adelsarchiv zumindest zu folgenden Familien Stammtafeln vorliegen:<\/p>\n<hr \/ >\n<ul>\n<li>v. Axleben gen. Magnus<\/li>\n<li>Dachs von Polsnitz<\/li>\n<li>v. Dyhrn<\/li>\n<li>v. Falkenhayn<\/li>\n<li>v. Haugwitz<\/li>\n<\/ul>\n","protected":false},"excerpt":{"rendered":"<p>Verzeichnis von Stammtafeln schlesischer Familien, erstellt durch Ekkehart Neumann-Reppert. A B C D Die Familie von Attelmayer aus Breslau, 2. Bearbeitung, Schenefeld, 1986, Herold, GGHH Die Familie von Bancke, Schenefeld,<\/p>\n<div><a href=\"https:\/\/dirkpeters.info\/?p=1475\" class=\"exp-read-more exp-read-more-underlined\">Read More<\/a><\/div>\n","protected":false},"author":1,"featured_media":0,"comment_status":"open","ping_status":"open","sticky":false,"template":"","format":"standard","meta":{"jetpack_post_was_ever_published":false,"_jetpack_newsletter_access":"","_jetpack_dont_email_post_to_subs":false,"_jetpack_newsletter_tier_id":0,"_jetpack_memberships_contains_paywalled_content":false,"_jetpack_memberships_contains_paid_content":false,"footnotes":"","_links_to":"","_links_to_target":""},"categories":[44,3,22,4,12],"tags":[24,278,277,110],"class_list":["post-1475","post","type-post","status-publish","format-standard","hentry","category-adel","category-buecher","category-genealogien","category-links","category-stammlisten","tag-adel","tag-neumann-reppert","tag-schlesien","tag-verzeichnisse"],"jetpack_featured_media_url":"","jetpack_shortlink":"https:\/\/wp.me\/p8HCXc-nN","jetpack-related-posts":[{"id":52,"url":"https:\/\/dirkpeters.info\/?p=52","url_meta":{"origin":1475,"position":0},"title":"Die Familie Dachs von Polsnitz","author":"dirkpeters","date":"25. September 2009","format":false,"excerpt":"Altes schlesisches Adelsgeschlecht aus dem Stammhause Polsnitz im Schweidnitzichen, am kleinen Flusse Polsnitz bei Freiburg. Die Familie erlosch am 06.01.1713 mit Anna Margarethe Dachs von Polsnitz (Kneschke, Adelslexikon Bd. 2, S. 396f) Stammliste 1-Hartmann v. Polsnitz (\u2020 nach 1257) . . 2-Matthias v. Polsnitz (\u2020 nach 1278) . . .\u2026","rel":"","context":"In &quot;Stammlisten&quot;","block_context":{"text":"Stammlisten","link":"https:\/\/dirkpeters.info\/?cat=12"},"img":{"alt_text":"","src":"","width":0,"height":0},"classes":[]},{"id":914,"url":"https:\/\/dirkpeters.info\/?p=914","url_meta":{"origin":1475,"position":1},"title":"Der Herold Heft 4\/2011","author":"dirkpeters","date":"14. Februar 2012","format":false,"excerpt":"Soeben war das Heft 4\/2011 des Herold, der Vierteljahresschrift f\u00fcr Heraldik, Genealogie und verwandte Wissenschaften im Briefkasten. Aus dem Inhalt: Lars A. Severin: Drei erloschene polnische Linien der Familie von Podewils Alexander Hoffmann: Kommunale Wappenschau Zeitschriftenschau Besonders empfehlenswert ist der Beitrag von Lars Severin. Mitglieder erhalten das Heft kostenlos, Nichtmitglieder\u2026","rel":"","context":"In &quot;Herold&quot;","block_context":{"text":"Herold","link":"https:\/\/dirkpeters.info\/?cat=252"},"img":{"alt_text":"herold-2011-04004","src":"..\/wp-content\/uploads\/2012\/02\/herold-2011-04004.jpg","width":350,"height":200},"classes":[]},{"id":4070,"url":"https:\/\/dirkpeters.info\/?p=4070","url_meta":{"origin":1475,"position":2},"title":"Herold 3-4\/2020","author":"dirkpeters","date":"28. Februar 2021","format":false,"excerpt":"Diese Woche war das Herold-Doppelheft 3-4 des Jahrgangs 2020 im Briefkasten. F\u00fcr mich war besonders der Artikel zur pommerschen Familie von G\u00fcntersberg von Lars Severin interessant, wobei nat\u00fcrlich auch alle anderen Beitr\u00e4ge sehr informativ sind. Aus dem Inhalt: M. Zander: Wappen als Nagelungs-Denkm\u00e4ler des Ersten Weltkriegs N. Klu\u0308\u00dfendorf: Rang- und\u2026","rel":"","context":"In &quot;Ahnenforschung&quot;","block_context":{"text":"Ahnenforschung","link":"https:\/\/dirkpeters.info\/?cat=9"},"img":{"alt_text":"Herold Heft 3-4 2020","src":"https:\/\/i0.wp.com\/dirkpeters.info\/wp-content\/uploads\/2021\/02\/Herold-2020-4.jpeg?fit=500%2C756&ssl=1&resize=350%2C200","width":350,"height":200},"classes":[]},{"id":970,"url":"https:\/\/dirkpeters.info\/?p=970","url_meta":{"origin":1475,"position":3},"title":"HEROLD-JAHRBUCH 17. Band","author":"dirkpeters","date":"13. M\u00e4rz 2013","format":false,"excerpt":"Soeben ist das neue Herold-Jahrbuch erschienen. Aus dem Inhalt: Aufs\u00e4tze Kl\u00fc\u00dfendorf, Nikolt: Die M\u00fcnzst\u00e4tte Kassel im preu\u00dfischen Diktaturjahr 1866\/67 Lehsten, Lupold von: Otto Hupps Ausmalung des Wormser Stadtarchivs 1885 - ein Initialereignis der neuen Heraldik Mai, Klaus: Nike, Victoria, Kranz und Palmzweig - Allegorie von Sieg und Frieden. Zur Geschichte\u2026","rel":"","context":"In &quot;B\u00fccher&quot;","block_context":{"text":"B\u00fccher","link":"https:\/\/dirkpeters.info\/?cat=3"},"img":{"alt_text":"DSC_4191","src":"https:\/\/i0.wp.com\/dirkpeters.net\/wp-content\/uploads\/2013\/03\/DSC_4191_thumb.jpg?resize=350%2C200","width":350,"height":200},"classes":[]},{"id":1388,"url":"https:\/\/dirkpeters.info\/?p=1388","url_meta":{"origin":1475,"position":4},"title":"Herold-Jahrbuch Bd. 21","author":"dirkpeters","date":"18. M\u00e4rz 2017","format":false,"excerpt":"Diese Woche war der neue Band des Herold-Jahrbuchs im Briefkasten. Aus dem Inhalt: Aufs\u00e4tze Ji\u0159\u00ed Br\u0148ovj\u00e1k: Zur Modernisierung der b\u00f6hmischen Heraldik im Lichte der Kanzleipraxis bei Standeserhebung der ersten H\u00e4lfte des 18. Jahrhunderts Toni Diederich: \u00dcberlegungen zum Siegel der K\u00f6lner M\u00fcnzerhausgenossen Eckart Henning: Auslaufmodell Familie? Ein genealogisch-demographischer Streifzug durch die\u2026","rel":"","context":"In &quot;B\u00fccher&quot;","block_context":{"text":"B\u00fccher","link":"https:\/\/dirkpeters.info\/?cat=3"},"img":{"alt_text":"","src":"","width":0,"height":0},"classes":[]},{"id":3575,"url":"https:\/\/dirkpeters.info\/?p=3575","url_meta":{"origin":1475,"position":5},"title":"Herold-Jahrbuch 2019","author":"dirkpeters","date":"19. November 2019","format":false,"excerpt":"Das Herold-Jahrbuch 2019, die Festschrift zum 150-j\u00e4hrigen Bestehen des Herold zu Berlin war heute im Briefkasten. Aus dem Inhalt: Sphragistika, Titulturenkunde, Numismatik Toni Diederich: Zum Rang des abendl\u00e4ndischen Siegelwesens in der Kulturgeschichte Friedrich Beck: Siegelstempel als Fundst\u00fccke der Mittelalterarch\u00e4ologie. Vom interdisziplin\u00e4ren Nutzen der Historischen Hilfswissenschaften Konrad Schneider: Betrug mit falschen\u2026","rel":"","context":"In &quot;Ahnenforschung&quot;","block_context":{"text":"Ahnenforschung","link":"https:\/\/dirkpeters.info\/?cat=9"},"img":{"alt_text":"","src":"https:\/\/i0.wp.com\/dirkpeters.info\/wp-content\/uploads\/2019\/11\/Herold_2019.jpg?fit=476%2C720&ssl=1&resize=350%2C200","width":350,"height":200},"classes":[]}],"jetpack_sharing_enabled":true,"jetpack_likes_enabled":true,"_links":{"self":[{"href":"https:\/\/dirkpeters.info\/index.php?rest_route=\/wp\/v2\/posts\/1475","targetHints":{"allow":["GET"]}}],"collection":[{"href":"https:\/\/dirkpeters.info\/index.php?rest_route=\/wp\/v2\/posts"}],"about":[{"href":"https:\/\/dirkpeters.info\/index.php?rest_route=\/wp\/v2\/types\/post"}],"author":[{"embeddable":true,"href":"https:\/\/dirkpeters.info\/index.php?rest_route=\/wp\/v2\/users\/1"}],"replies":[{"embeddable":true,"href":"https:\/\/dirkpeters.info\/index.php?rest_route=%2Fwp%2Fv2%2Fcomments&post=1475"}],"version-history":[{"count":2,"href":"https:\/\/dirkpeters.info\/index.php?rest_route=\/wp\/v2\/posts\/1475\/revisions"}],"predecessor-version":[{"id":1477,"href":"https:\/\/dirkpeters.info\/index.php?rest_route=\/wp\/v2\/posts\/1475\/revisions\/1477"}],"wp:attachment":[{"href":"https:\/\/dirkpeters.info\/index.php?rest_route=%2Fwp%2Fv2%2Fmedia&parent=1475"}],"wp:term":[{"taxonomy":"category","embeddable":true,"href":"https:\/\/dirkpeters.info\/index.php?rest_route=%2Fwp%2Fv2%2Fcategories&post=1475"},{"taxonomy":"post_tag","embeddable":true,"href":"https:\/\/dirkpeters.info\/index.php?rest_route=%2Fwp%2Fv2%2Ftags&post=1475"}],"curies":[{"name":"wp","href":"https:\/\/api.w.org\/{rel}","templated":true}]}}