{"id":1374,"date":"2016-09-21T11:09:15","date_gmt":"2016-09-21T09:09:15","guid":{"rendered":"http:\/\/test.dirkpeters.net\/?p=1374"},"modified":"2017-05-19T11:18:23","modified_gmt":"2017-05-19T09:18:23","slug":"neue-publikationen","status":"publish","type":"post","link":"https:\/\/dirkpeters.info\/?p=1374","title":{"rendered":"Neue Publikationen"},"content":{"rendered":"<p><img decoding=\"async\" src=\"\/uploads\/AMF_201603.jpg\" style=\"float: right; width: 300px; margin: 0 0 10px 10px; padding: 10px; border: 1px solid;\" alt=\"AMF_201603.jpg\"><\/p>\n<p>Auch im dritten Quartal gab es wieder aktuelle Publikationen der genealogischen Vereine, in denen ich Mitglied bin.<\/p>\n<p><span style=\"font-size: 18pt\"><a href=\"http:\/\/amf-verein.de\/\" target=\"_blank\">AMF<\/a>: Zeitschrift f\u00fcr Mitteldeutsche Familiengeschichte Heft 3\/2016<\/span><\/p>\n<p>Aus dem Inhalt:<\/p>\n<ul>\n<li>Urkunden \u00fcber Zins- bzw. Rentenzahlungen der Stadt Leipzig im 16. Jahrhundert an Mitglieder einer Familie Kreil (Hartmut Kreil)<\/li>\n<li>Gregor J\u00f6stel (t 1565) aus Dresden, Pfarrer und Superintendent in Wei\u00dfensee\/Th\u00fcr., Eine Erg\u00e4nzung zu Bonat (ZMFG 56, 2015, 169-178) (Peter Engel)<\/li>\n<li>Der Gol\u00dfener Kantor Christian Heffter aus Guben (1687-1750) als Stammvater bedeutender Pers\u00f6nlichkeiten (Michael Bock und Ernesto Brucker)<\/li>\n<li>Zwei Steueranschl\u00e4ge \u00fcber Heinsdorf im kurs\u00e4chsischen Amt Schlieben 1688 und 1698 (Michael Bock)<\/li>\n<li>Ver\u00f6ffentlichungen von Wolfgang Huschke (Rolf Eifers)<\/li>\n<li>Gelegenheitsfund<\/li>\n<li>Berichtigung zum Beitrag \u00fcber Adolarius Praetorius in ZMFG 2\/2016<\/li>\n<li>Zeitschriftenschau<\/li>\n<\/ul>\n<div style=\"clear:both\">&nbsp;<\/div>\n<p><img decoding=\"async\" src=\"..\/uploads\/bgn_201603.jpg\" style=\"float: right; width: 300px; margin: 0 0 10px 10px; padding: 10px; border: 1px solid;\" alt=\"bgn_201603.jpg\"><span style=\"font-size: 18pt\"><a href=\"http:\/\/bggroteradler.de\" target=\"_blank\">BGG<\/a>: Brandenburgische Genealogische Nachrichten Heft 3\/2013<\/span><br \/>Aus dem Inhalt:<\/p>\n<ul>\n<li>Aus unserem Verein\n<ul>\n<li>Nachruf f\u00fcr Carsten Stern<\/li>\n<li>Festrede zum 10-j\u00e4hrigen Jubil\u00e4um<\/li>\n<li>Bericht zu 10-j\u00e4hrigem Vereinsjubil\u00e4um und 2. Mitgliederversammlung<\/li>\n<\/ul>\n<\/li>\n<li>Beitr\u00e4ge zum Forschungsgebiet\n<ul>\n<li>Von Ketzin bis Knoblauch &#8211; Was ist ein devastiertes Dorf?<\/li>\n<li>Alles Bierm\u00e4nner &#8230; oder: Das vergessene Klingelschild, Teil 2<\/li>\n<li>Hunderte Brandenburger in Asien<\/li>\n<\/ul>\n<\/li>\n<li>Der Volksmund, Vergessenes und Kurioses\n<ul>\n<li>Sophies H\u00e4nde<\/li>\n<li>Kuriose Kirchenbucheintr\u00e4ge<\/li>\n<\/ul>\n<\/li>\n<li>Gelegenheitsfunde\n<ul>\n<li>Schulz aus Wilkersdorf<\/li>\n<\/ul>\n<\/li>\n<li>Wissenswertes\n<ul>\n<li>Exkursion ins Landesarchiv Berlin<\/li>\n<li>Das Leben der \u201ekleinen Leute&#8220; oder Personen hinter der Geschichte<\/li>\n<\/ul>\n<\/li>\n<li>Veranstaltungskalender<\/li>\n<\/ul>\n<div style=\"clear:both\">&nbsp;<\/div>\n<p><img decoding=\"async\" src=\"..\/uploads\/MFP_201610.jpg\" style=\"float: right; width: 300px; margin: 0 0 10px 10px; padding: 10px; border: 1px solid;\" alt=\"MFP_201610.jpg\"><span style=\"font-size: 18pt\"><a href=\"http:\/\/www.mfpev.de\/\" target=\"_blank\">MFP<\/a>: Mitteilungen des Vereins f\u00fcr mecklenburgische Familien- und Personengeschichte e. V. Heft 37<\/span><br \/>Aus dem Inhalt:<\/p>\n<ul>\n<li>Geleitwort des 1. Vorsitzenden<\/li>\n<li>Vorstellung neuer Vereinsmitglieder<\/li>\n<li>Neue Werbemittel aufgelegt<\/li>\n<li>Andre Sump: Ein &#8222;teuflisches&#8220; Familientreffen<\/li>\n<li>Neuzug\u00e4nge f\u00fcr die Vereinsbibliothek und unser Archiv<\/li>\n<li>MittsommerRemise 2016 &#8211; Ein Kurzbericht<\/li>\n<li>Andre Adam: Ortschronistentagung des Stadt- und Landkreises Rostock<\/li>\n<li>Kleine Helfer vorgestellt<\/li>\n<li>S\u00f6ren Lindner: Der besondere Zufallsfund<\/li>\n<li>Angela Ziegler: Auf Spurensuche in Big Sky Country<\/li>\n<li>Prof. Dr. Dr. Wulf v. Restorff: Ich will gefunden werden!<\/li>\n<li>Torsten Gertz: Von Malchin in die Welt hinaus<\/li>\n<li>Helge Viereck: Adventszeit und Krippenspiel in Pepelow im Jahr 1932<\/li>\n<li>Literaturhinweise und Rezensionen<\/li>\n<li>Geburtstage<\/li>\n<li>Einladung zur Herbsttagung 2016<\/li>\n<li>Lothar Sump: Ein Zufallsfund ganz anderer Art<\/li>\n<li>Termine<\/li>\n<li>Hinweis auf noch verf\u00fcgbare Schriften<\/li>\n<li>Hinweis der Redaktion<\/li>\n<\/ul>\n<div style=\"clear:both\">&nbsp;<\/div>\n<p><img decoding=\"async\" src=\"..\/uploads\/Greif_201603.jpg\" style=\"float: right; width: 300px; margin: 0 0 10px 10px; padding: 10px; border: 1px solid;\" alt=\"Greif_201603.jpg\"><span style=\"font-size: 18pt\"><a href=\"http:\/\/www.pommerscher-greif.de\/\" target=\"_blank\">Pommerscher Greif<\/a>: Sedina Archiv<br \/>\n<\/span><br \/>Aus dem Inhalt:<\/p>\n<ul>\n<li>Sedina-Archiv vor 50 Jahren<\/li>\n<li>Editorial<\/li>\n<li>Dr. Margret Ott und Henry Kuritz: Aktuelle Meldungen aus dem Internet<\/li>\n<li>Wilfried Krempien: Pommersche Flurnamen-Sammlung von Robert Holsten (1862-1954) Wiederauffinden nach vierj\u00e4hriger ehrenamtlicher Suebe in Polen (Teil 2 und Schluss)<\/li>\n<li>Andre Marten: Pommersches Handwerksblatt (Teil 1)<\/li>\n<li>Herbert Klimper: Ein herausragender pommerscher Volkskundler: Walter Borchers<\/li>\n<li>Buchbesprechungen<\/li>\n<li>Zeitschriftenschau<\/li>\n<li>Hinweise auf Neuerscbeinungen<\/li>\n<li>Termine<\/li>\n<li>Neue Mitglieder<\/li>\n<\/ul>\n","protected":false},"excerpt":{"rendered":"<p>Auch im dritten Quartal gab es wieder aktuelle Publikationen der genealogischen Vereine, in denen ich Mitglied bin. AMF: Zeitschrift f\u00fcr Mitteldeutsche Familiengeschichte Heft 3\/2016 Aus dem Inhalt: Urkunden \u00fcber Zins-<\/p>\n<div><a href=\"https:\/\/dirkpeters.info\/?p=1374\" class=\"exp-read-more exp-read-more-underlined\">Read More<\/a><\/div>\n","protected":false},"author":1,"featured_media":0,"comment_status":"open","ping_status":"open","sticky":false,"template":"","format":"standard","meta":{"jetpack_post_was_ever_published":false,"_jetpack_newsletter_access":"","_jetpack_dont_email_post_to_subs":false,"_jetpack_newsletter_tier_id":0,"_jetpack_memberships_contains_paywalled_content":false,"_jetpack_memberships_contains_paid_content":false,"footnotes":"","_links_to":"","_links_to_target":""},"categories":[251,254,248,250,18,153],"tags":[89,62,133,132,20,249,167,66,159],"class_list":["post-1374","post","type-post","status-publish","format-standard","hentry","category-amf","category-mfp","category-pommerscher-greif","category-roter-adler","category-vereine","category-zeitschriften","tag-amf","tag-bgn","tag-mfp","tag-pommerscher-greif","tag-roter-adler","tag-sedina-archiv","tag-vereine","tag-zeitschriften","tag-zmfg"],"jetpack_featured_media_url":"","jetpack_shortlink":"https:\/\/wp.me\/p8HCXc-ma","jetpack-related-posts":[{"id":3280,"url":"https:\/\/dirkpeters.info\/?p=3280","url_meta":{"origin":1374,"position":0},"title":"ZMFG 1\/2019","author":"dirkpeters","date":"27. M\u00e4rz 2019","format":false,"excerpt":"Neuerscheinung bei der AMF: Zeitschrift f\u00fcr Mitteldeutsche Familiengeschicht Heft 1\/2019 Aus dem Inhalt: Hans-Dietrich Lemmel: Bambert - Chemnitz - Schneeberg. Die Unternehmerfamilie Lemmel 1400-1600 im Zeitenwandel Hermann K\u00fchn: Herkunft, Werdegang und Familie des Zittauer Gymnasialkonrektors Adam Erdmann Mirus (1656-1728) Michael Bock: Die Richterfamilien G\u00f6lsdorf, Sch\u00f6nichen, Wartenberg und Rietdorf von G\u00f6lsdorf\u2026","rel":"","context":"In &quot;Ahnenforschung&quot;","block_context":{"text":"Ahnenforschung","link":"https:\/\/dirkpeters.info\/?cat=9"},"img":{"alt_text":"ZMFG Heft 1\/2019","src":"https:\/\/i0.wp.com\/dirkpeters.info\/wp-content\/uploads\/2019\/03\/amf-2019-1.jpg?fit=761%2C1108&ssl=1&resize=350%2C200","width":350,"height":200,"srcset":"https:\/\/i0.wp.com\/dirkpeters.info\/wp-content\/uploads\/2019\/03\/amf-2019-1.jpg?fit=761%2C1108&ssl=1&resize=350%2C200 1x, https:\/\/i0.wp.com\/dirkpeters.info\/wp-content\/uploads\/2019\/03\/amf-2019-1.jpg?fit=761%2C1108&ssl=1&resize=525%2C300 1.5x, https:\/\/i0.wp.com\/dirkpeters.info\/wp-content\/uploads\/2019\/03\/amf-2019-1.jpg?fit=761%2C1108&ssl=1&resize=700%2C400 2x"},"classes":[]},{"id":3395,"url":"https:\/\/dirkpeters.info\/?p=3395","url_meta":{"origin":1374,"position":1},"title":"ZMFG 2\/2019","author":"dirkpeters","date":"26. Juni 2019","format":false,"excerpt":"Neuerscheinung bei der AMF Kurz vor Ende des zweiten Quartals erschien Heft 2\/2019 der Zeitschrift f\u00fcr Mitteldeutsche Familiengeschichte. Aus dem Inhalt: J\u00fcrgen Wagner: B\u00e4uerliche Lehnsnehmer und Abgabenpflichtige im Amt Torgau um 1505\/1510 Michael Bock: Der Eid des Urban Wetzke im Amt Dahme 1706 Peter Engel: Meine Vorfahren Freygang in Sachsen-Meiningen\u2026","rel":"","context":"In &quot;Ahnenforschung&quot;","block_context":{"text":"Ahnenforschung","link":"https:\/\/dirkpeters.info\/?cat=9"},"img":{"alt_text":"ZMFG 2\/2019","src":"https:\/\/i0.wp.com\/dirkpeters.info\/wp-content\/uploads\/2019\/06\/AMF_02_2019.jpg?fit=581%2C835&ssl=1&resize=350%2C200","width":350,"height":200,"srcset":"https:\/\/i0.wp.com\/dirkpeters.info\/wp-content\/uploads\/2019\/06\/AMF_02_2019.jpg?fit=581%2C835&ssl=1&resize=350%2C200 1x, https:\/\/i0.wp.com\/dirkpeters.info\/wp-content\/uploads\/2019\/06\/AMF_02_2019.jpg?fit=581%2C835&ssl=1&resize=525%2C300 1.5x"},"classes":[]},{"id":1148,"url":"https:\/\/dirkpeters.info\/?p=1148","url_meta":{"origin":1374,"position":2},"title":"ZMFG Heft 3\/2014","author":"dirkpeters","date":"26. September 2014","format":false,"excerpt":"Das neueste Heft der Zeitschrift f\u00fcr Mitteldeutsche Familiengeschichte ist erschienen: Heft 3\/2014 Aus dem Inhalt: Die Witwe Katharina Krell geb. Pistoris - Inventar und Geradeschenkung von 1570. Zwei Quellen zu den Lebens- und Verm\u00f6gensverh\u00e4ltnissen einer Leipziger ratsf\u00e4higen Familie des 16. Jahrhunderts (Hartmut Krell) Das Steuerregister des Gr\u00e4flich Solms'schen Amtes Baruth\u2026","rel":"","context":"In &quot;AMF&quot;","block_context":{"text":"AMF","link":"https:\/\/dirkpeters.info\/?cat=251"},"img":{"alt_text":"","src":"","width":0,"height":0},"classes":[]},{"id":1331,"url":"https:\/\/dirkpeters.info\/?p=1331","url_meta":{"origin":1374,"position":3},"title":"ZMFG 4\/2015","author":"dirkpeters","date":"16. Dezember 2015","format":false,"excerpt":"Neuerscheinung bei der AMF: Zeitschrift f\u00fcr Mitteldeutsche Familienforschung Heft 4\/2015 Rechtzeitig von Weihnachten erschien das Heft 4\/2015 der Zeitschrift f\u00fcr Mitteldeutsche Familienforschung. Aus dem Inhalt: Engel, Peter: Nochmals: Die Bonat\/Bonath in M\u00fchlhausen\/Th\u00fcr. M\u00fcller, Klaus: Die Oertel in B\u00fcna im Vogtl\u00e4ndischen Oberland. Familien- und Besitzgeschichten 1661-1999 Bock, Michael: Die Geschwister der\u2026","rel":"","context":"In &quot;AMF&quot;","block_context":{"text":"AMF","link":"https:\/\/dirkpeters.info\/?cat=251"},"img":{"alt_text":"","src":"","width":0,"height":0},"classes":[]},{"id":1296,"url":"https:\/\/dirkpeters.info\/?p=1296","url_meta":{"origin":1374,"position":4},"title":"ZMFG 2\/2015","author":"dirkpeters","date":"20. Juni 2015","format":false,"excerpt":"Diese Woche wurde von der Arbeitgemeinschaft f\u00fcr Mitteldeutsche Familienforschung e. V. (AMF) das Heft 2\/2015 der Zeitschrift f\u00fcr Mitteldeutsche Familiengeschichte (ZMFG) herausgegeben.Aus dem Inhalt: Die M\u00fcnzmeisterfamilie Hausmann in Freiberg in Sachsen. Zum Umkreis des Lutherfreundes Nikolaus Hausmann (Peter Engel) Zur Genealogie der M\u00fcllerfamilien Rump, Piel und Frick in Quaslin (Mecklenburg)\u2026","rel":"","context":"In &quot;AMF&quot;","block_context":{"text":"AMF","link":"https:\/\/dirkpeters.info\/?cat=251"},"img":{"alt_text":"","src":"","width":0,"height":0},"classes":[]},{"id":1805,"url":"https:\/\/dirkpeters.info\/?p=1805","url_meta":{"origin":1374,"position":5},"title":"ZMFG Heft 4\/2017","author":"dirkpeters","date":"10. Dezember 2017","format":false,"excerpt":"Neuerscheinung bei der AMF: Zeitschrift f\u00fcr Mitteldeutsche Familiengeschichte Heft 4\/2017 Aus dem Inhalt: Der Erfurter Kupferschmiedemeister Nikolaus Sauerzweig (* vor 1585 \u2020 1650). Mit Edition seines Testaments (Volker K. E. Sauerzweig) Johann L\u00e4mmel (1644-1705) \u2013 s\u00e4chsischer Generalkriegszahlmeister (Hans-Dietrich Lemmel) Meine th\u00fcringischen Vorfahren (Peter Engel) \u201cunser liebes St\u00e4dtlein Gartz\u201d. B\u00fcrger und\u2026","rel":"","context":"In &quot;AMF&quot;","block_context":{"text":"AMF","link":"https:\/\/dirkpeters.info\/?cat=251"},"img":{"alt_text":"","src":"https:\/\/i0.wp.com\/dirkpeters.info\/wp-content\/uploads\/2017\/12\/amf-201704.jpg?fit=565%2C799&ssl=1&resize=350%2C200","width":350,"height":200,"srcset":"https:\/\/i0.wp.com\/dirkpeters.info\/wp-content\/uploads\/2017\/12\/amf-201704.jpg?fit=565%2C799&ssl=1&resize=350%2C200 1x, https:\/\/i0.wp.com\/dirkpeters.info\/wp-content\/uploads\/2017\/12\/amf-201704.jpg?fit=565%2C799&ssl=1&resize=525%2C300 1.5x"},"classes":[]}],"jetpack_sharing_enabled":true,"jetpack_likes_enabled":true,"_links":{"self":[{"href":"https:\/\/dirkpeters.info\/index.php?rest_route=\/wp\/v2\/posts\/1374","targetHints":{"allow":["GET"]}}],"collection":[{"href":"https:\/\/dirkpeters.info\/index.php?rest_route=\/wp\/v2\/posts"}],"about":[{"href":"https:\/\/dirkpeters.info\/index.php?rest_route=\/wp\/v2\/types\/post"}],"author":[{"embeddable":true,"href":"https:\/\/dirkpeters.info\/index.php?rest_route=\/wp\/v2\/users\/1"}],"replies":[{"embeddable":true,"href":"https:\/\/dirkpeters.info\/index.php?rest_route=%2Fwp%2Fv2%2Fcomments&post=1374"}],"version-history":[{"count":1,"href":"https:\/\/dirkpeters.info\/index.php?rest_route=\/wp\/v2\/posts\/1374\/revisions"}],"predecessor-version":[{"id":1375,"href":"https:\/\/dirkpeters.info\/index.php?rest_route=\/wp\/v2\/posts\/1374\/revisions\/1375"}],"wp:attachment":[{"href":"https:\/\/dirkpeters.info\/index.php?rest_route=%2Fwp%2Fv2%2Fmedia&parent=1374"}],"wp:term":[{"taxonomy":"category","embeddable":true,"href":"https:\/\/dirkpeters.info\/index.php?rest_route=%2Fwp%2Fv2%2Fcategories&post=1374"},{"taxonomy":"post_tag","embeddable":true,"href":"https:\/\/dirkpeters.info\/index.php?rest_route=%2Fwp%2Fv2%2Ftags&post=1374"}],"curies":[{"name":"wp","href":"https:\/\/api.w.org\/{rel}","templated":true}]}}