{"id":1372,"date":"2016-05-11T11:05:25","date_gmt":"2016-05-11T09:05:25","guid":{"rendered":"http:\/\/test.dirkpeters.net\/?p=1372"},"modified":"2017-05-19T11:08:14","modified_gmt":"2017-05-19T09:08:14","slug":"sedina-archiv-22016","status":"publish","type":"post","link":"https:\/\/dirkpeters.info\/?p=1372","title":{"rendered":"Sedina-Archiv 2\/2016"},"content":{"rendered":"<p><img data-recalc-dims=\"1\" decoding=\"async\" src=\"https:\/\/i0.wp.com\/dirkpeters.net\/uploads\/sedina2-2016.jpg?w=1160\" style=\"float: right; width: 300px; margin: 0 0 10px 10px; padding: 10px; border: 1px solid;\" alt=\"sedina2-2016.jpg\"><\/p>\n<p>Heute war der Briefkasten wieder gut gef\u00fcllt. Das Heft 2\/2016 des Sedina-Archivs, dem Mitteilungsblatt des <a href=\"http:\/\/www.pommerscher-greif.de\/\" target=\"_blank\">Pommerschen Greif e. V.<\/a> war im Briefkasten.<\/p>\n<p>Inhalt<\/p>\n<ul>\n<li>Sedina-Archiv vor 50 Jahren<\/li>\n<li>Impressum<\/li>\n<li>Editorial<\/li>\n<li>Termine<\/li>\n<li>Prof Dr. Hans-Dieter Wallschl\u00e4ger und Dr. Margret Ott: Familienforschung am Stettiner Haff &#8211; Nachlese von Seminar und Mitgliederversammlung 2016 in Z\u00fcssow<\/li>\n<li>Dr. Margret Ott und Henry Kuritz: Aktuelle Meldungen aus dem Internet<\/li>\n<li>Wilfried Krempien: Pommersche Flurnamen-Sammlung von Robert Holsten (1862-1954) Wiederauffinden nach vierj\u00e4hriger ehrenamtlicher Suche in Polen (Teil 1)<\/li>\n<li>Dr. Hermann Seils: Organistent\u00e4tigkeit einiger erbuntert\u00e4niger (leibeigener) Bauern aus dem K\u00e4mmereidorf Schmaatz an der Stadtpfarrkirche St. Marien in Stolp am Anfang es 17. Jahrhunderts in Vertretung f\u00fcr den Organisten Elias Ke\u00dfler<\/li>\n<li>Uwe Thiel Schul- und Kirchenakten aus den Kreisen Neustettin und Dramburg<\/li>\n<li>Danilo Beiersdorf: Die Quellendatenbank des Pommerschen Greif<\/li>\n<li>Detlef Schnell: Grabmale in Vorpommern als Herkunftsnachweis (hinter)pommerscher Fl\u00fcchtlinge und Vertriebener des Zweiten Weltkrieges (2. Fortsetzung und Schluss)<\/li>\n<li>Buchbesprechungen<\/li>\n<li>Zeitschriftenschau<\/li>\n<li>Hinweise auf Neuerscheinungen<\/li>\n<li>Neue Mitglieder<\/li>\n<\/ul>\n<p>Dar\u00fcber hinaus war der Jahresband des <a href=\"http:\/\/www.pommerscher-greif.de\/\" target=\"_blank\">Pommerschen Greif<\/a>: <em>&#8222;Beitr\u00e4ge zu der ausf\u00fchrlichen Beschreibung des K\u00f6nigl. Preu\u00dfischen Herzogtums Vor- und Hinterpommern, 1. Supplementband&#8220; von Ludwig Wilhelm Br\u00fcggemann<\/em> und das <a href=\"http:\/\/www.bggroteradler.de\/?p=2995\" target=\"_blank\">Heft 2\/2016 der Brandenburgischen Genealogischen Nachrichten<\/a> im Briefkasten.<\/p>\n","protected":false},"excerpt":{"rendered":"<p>Heute war der Briefkasten wieder gut gef\u00fcllt. Das Heft 2\/2016 des Sedina-Archivs, dem Mitteilungsblatt des Pommerschen Greif e. V. war im Briefkasten. Inhalt Sedina-Archiv vor 50 Jahren Impressum Editorial Termine<\/p>\n<div><a href=\"https:\/\/dirkpeters.info\/?p=1372\" class=\"exp-read-more exp-read-more-underlined\">Read More<\/a><\/div>\n","protected":false},"author":1,"featured_media":0,"comment_status":"open","ping_status":"open","sticky":false,"template":"","format":"standard","meta":{"jetpack_post_was_ever_published":false,"_jetpack_newsletter_access":"","_jetpack_dont_email_post_to_subs":false,"_jetpack_newsletter_tier_id":0,"_jetpack_memberships_contains_paywalled_content":false,"_jetpack_memberships_contains_paid_content":false,"footnotes":"","_links_to":"","_links_to_target":""},"categories":[248,18,153],"tags":[132,249,167,66],"class_list":["post-1372","post","type-post","status-publish","format-standard","hentry","category-pommerscher-greif","category-vereine","category-zeitschriften","tag-pommerscher-greif","tag-sedina-archiv","tag-vereine","tag-zeitschriften"],"jetpack_featured_media_url":"","jetpack_shortlink":"https:\/\/wp.me\/p8HCXc-m8","jetpack-related-posts":[{"id":3729,"url":"https:\/\/dirkpeters.info\/?p=3729","url_meta":{"origin":1372,"position":0},"title":"Sedina-Archiv 2\/2020","author":"dirkpeters","date":"6. Mai 2020","format":false,"excerpt":"Die neueste Publikation des pommerschen Greif war heute im Briefkasten, das Heft 2\/2020 des Sedina-Archivs. Aus dem Inhalt: Dr. Margret Ott: Familienforschung in Zeiten von Corona? Klaus-Dieter Kreplin: Besitzer des Gerberei-Grundst\u00fccks in B\u00fctow 1873-1938 Karen Feldbusch: Die \"Angestellten-Kartei H\u00fctte Kraft\" in Kratzwieck Brigitte Max \/ Albert Laack\u2020: \u00dcber die Insel\u2026","rel":"","context":"In &quot;Ahnenforschung&quot;","block_context":{"text":"Ahnenforschung","link":"https:\/\/dirkpeters.info\/?cat=9"},"img":{"alt_text":"","src":"https:\/\/i0.wp.com\/dirkpeters.info\/wp-content\/uploads\/2020\/05\/Sedina_02_2020.jpg?fit=518%2C744&ssl=1&resize=350%2C200","width":350,"height":200},"classes":[]},{"id":1135,"url":"https:\/\/dirkpeters.info\/?p=1135","url_meta":{"origin":1372,"position":1},"title":"Sedina-Archiv 2\/2017","author":"dirkpeters","date":"16. Mai 2017","format":false,"excerpt":"Die neue Ausgabe des Sedina-Archives ist erschienen. Aus dem Inhalt: Sedina-Archiv vor 50 Jahren Nachruf Michael Reimer Dr. Margret Ott und Henry Kuritz: Aktuelle Meldungen aus dem Internet Dr. Margret Ott: Seminar in Greifswald 2017 Dr. Klaus-Dieter Kohrt: Aktuelle Entwicklung und Vorstandsarbeit im Pommerschen Greif Dr. Karl-Heinz Schroeder: Versuch der\u2026","rel":"","context":"In &quot;Pommerscher Greif&quot;","block_context":{"text":"Pommerscher Greif","link":"https:\/\/dirkpeters.info\/?cat=248"},"img":{"alt_text":"","src":"","width":0,"height":0},"classes":[]},{"id":1392,"url":"https:\/\/dirkpeters.info\/?p=1392","url_meta":{"origin":1372,"position":2},"title":"Sedina-Archiv 1\/2017","author":"dirkpeters","date":"23. M\u00e4rz 2017","format":false,"excerpt":"Neu erschienen ist das Heft 1\/2017 des Sedina-Archivs, den Familiengeschichtlichen Mitteilungen Pommerns. Das Sedina-Archiv ist das Mitteilungsblatt des Pommerschen Greif e. V. Aus dem Inhalt: Sedina-Archiv vor 50 Jahren Dr. Margret Ott und Henry Kuritz: Aktuelle Mitteilungen aus dem Internet Klaus-Dieter Kreplin: Pommern im Deutschen Geschlechterbuch Andr\u00e9 Marten: Pommersches Handwerksblatt\u2026","rel":"","context":"In &quot;Pommerscher Greif&quot;","block_context":{"text":"Pommerscher Greif","link":"https:\/\/dirkpeters.info\/?cat=248"},"img":{"alt_text":"","src":"","width":0,"height":0},"classes":[]},{"id":1307,"url":"https:\/\/dirkpeters.info\/?p=1307","url_meta":{"origin":1372,"position":3},"title":"Sedina-Archiv 2\/2015","author":"dirkpeters","date":"10. Juli 2015","format":false,"excerpt":"Das aktuelle Heft (2\/2015) des Sedina-Archivs ist erschienen. Aus dem Inhalt Sedina-Archiv vor 50 Jahren Henry Kuritz: Aktuelles aus dem Internet Gerhard W\u00f6hner: Personaldaten \u00fcber pommersche Lehrer aus den Jahren 1931-1935 Herbert K\u00e4mper: Aus alten Sterberegistern des Kreises Greifenhagen. Teil 2: Neumark, Kreis Greifenhagen 1779-1812 (Teil 3 und Schluss) Dr.\u2026","rel":"","context":"In &quot;Pommerscher Greif&quot;","block_context":{"text":"Pommerscher Greif","link":"https:\/\/dirkpeters.info\/?cat=248"},"img":{"alt_text":"","src":"","width":0,"height":0},"classes":[]},{"id":3476,"url":"https:\/\/dirkpeters.info\/?p=3476","url_meta":{"origin":1372,"position":4},"title":"Sedina-Archiv 3\/2019","author":"dirkpeters","date":"20. August 2019","format":false,"excerpt":"Der Pommersche Greif hat als erster Verein, in dem ich Mitglied bin, das dritte Heft des laufenden Jahres vorgestellt, das Sedina-Archiv, Heft 3\/2019. Aus dem Inhalt: Sedina-Archiv vor 50 Jahren Willi R. G. K\u00f6hler: Zur Zusammenarbeit in Pommern Zur Arbeit des Heimatverbandes M-V in Vorpommern (Interview) Klaus-Dieter Kreplin: Gefallene des\u2026","rel":"","context":"In &quot;Ahnenforschung&quot;","block_context":{"text":"Ahnenforschung","link":"https:\/\/dirkpeters.info\/?cat=9"},"img":{"alt_text":"","src":"https:\/\/i0.wp.com\/dirkpeters.info\/wp-content\/uploads\/2019\/08\/Sedina-03-2019.jpg?fit=514%2C734&ssl=1&resize=350%2C200","width":350,"height":200},"classes":[]},{"id":1848,"url":"https:\/\/dirkpeters.info\/?p=1848","url_meta":{"origin":1372,"position":5},"title":"Neues beim Pommerschen Greif","author":"dirkpeters","date":"27. Dezember 2017","format":false,"excerpt":"Auch beim Pommerschen Greif gab es kurz vor Jahresende noch zwei Neuerscheinungen: Sedina-Archiv 4\/2017 Aus dem Inhalt: Sedina-Archiv vor 50 Jahren Dr. Franz Waldmann: Archiv ostdeutscher Familienforscher 2017 Dr. Margret Ott und Henry Kuritz M. A.: Aktuelle Meldungen aus dem Internet Henry Kuritz M. A.: Zur Familie des Schmolsiner Pfarrers\u2026","rel":"","context":"In &quot;B\u00fccher&quot;","block_context":{"text":"B\u00fccher","link":"https:\/\/dirkpeters.info\/?cat=3"},"img":{"alt_text":"","src":"https:\/\/i0.wp.com\/dirkpeters.info\/wp-content\/uploads\/2017\/12\/sedina-archiv-2017-4.jpg?fit=521%2C735&ssl=1&resize=350%2C200","width":350,"height":200},"classes":[]}],"jetpack_sharing_enabled":true,"jetpack_likes_enabled":true,"_links":{"self":[{"href":"https:\/\/dirkpeters.info\/index.php?rest_route=\/wp\/v2\/posts\/1372","targetHints":{"allow":["GET"]}}],"collection":[{"href":"https:\/\/dirkpeters.info\/index.php?rest_route=\/wp\/v2\/posts"}],"about":[{"href":"https:\/\/dirkpeters.info\/index.php?rest_route=\/wp\/v2\/types\/post"}],"author":[{"embeddable":true,"href":"https:\/\/dirkpeters.info\/index.php?rest_route=\/wp\/v2\/users\/1"}],"replies":[{"embeddable":true,"href":"https:\/\/dirkpeters.info\/index.php?rest_route=%2Fwp%2Fv2%2Fcomments&post=1372"}],"version-history":[{"count":1,"href":"https:\/\/dirkpeters.info\/index.php?rest_route=\/wp\/v2\/posts\/1372\/revisions"}],"predecessor-version":[{"id":1373,"href":"https:\/\/dirkpeters.info\/index.php?rest_route=\/wp\/v2\/posts\/1372\/revisions\/1373"}],"wp:attachment":[{"href":"https:\/\/dirkpeters.info\/index.php?rest_route=%2Fwp%2Fv2%2Fmedia&parent=1372"}],"wp:term":[{"taxonomy":"category","embeddable":true,"href":"https:\/\/dirkpeters.info\/index.php?rest_route=%2Fwp%2Fv2%2Fcategories&post=1372"},{"taxonomy":"post_tag","embeddable":true,"href":"https:\/\/dirkpeters.info\/index.php?rest_route=%2Fwp%2Fv2%2Ftags&post=1372"}],"curies":[{"name":"wp","href":"https:\/\/api.w.org\/{rel}","templated":true}]}}