{"id":1320,"date":"2015-09-22T08:09:09","date_gmt":"2015-09-22T06:09:09","guid":{"rendered":"http:\/\/test.dirkpeters.net\/?p=1320"},"modified":"2017-05-19T08:22:13","modified_gmt":"2017-05-19T06:22:13","slug":"neuerscheinung-beim-mfp","status":"publish","type":"post","link":"https:\/\/dirkpeters.info\/?p=1320","title":{"rendered":"Neuerscheinung beim MFP"},"content":{"rendered":"<p><img decoding=\"async\" src=\"..\/uploads\/mfp-15.jpg\" alt=\"mfp-15.jpg\" style=\"float: right; width: 300px; margin: 0 0 10px 10px; padding: 10px; border: 1px solid;\" \/><\/p>\n<p>Beim <a href=\"http:\/\/www.mfpev.de\/\" target=\"_blank\">Verein f\u00fcr Mecklenburgische Familien- und Personengeschichte e. V.<\/a> gibt es zwei Neuerscheinungen:<\/p>\n<p><strong>&#8222;\u00dcber Mecklenburger zu Hause, beim Nachbarn und weit weg &#8230; &#8211; Vortr\u00e4ge und Beitr\u00e4ge 2015&#8220;<\/strong> MFP-Schriftenreihe Heft 15<\/p>\n<p>Aus dem Inhalt:<\/p>\n<ul>\n<li><em>Manfred F. Wacker<\/em>: Meine Familienforschung<\/li>\n<li><em>Erhard F\u00fcssel<\/em>: \u00dcber die Entwicklung der Schrift von Karl dem Gro\u00dfen bis &#8222;S\u00fctterlin&#8220;<\/li>\n<li><em>Dr. med. Geert Ruickoldt<\/em>: Die mecklenburger Bauernfamilie Pingel in Alt Damerow<\/li>\n<li><em>Hans-Albert Neumann<\/em>: Mecklenburger in den Kirchenb\u00fcchern von Bergstedt und von Trittau<\/li>\n<li><em>Dirk Sch\u00e4fer<\/em>: Alte Bilder erz\u00e4hlen: Das Fotoalbum der Familie Calsow aus dem 19. Jahrhunder<\/li>\n<li><em>Marion Esser<\/em>: Ein Strelitzer Grenadier im Krieg 1870\/71<\/li>\n<li><em>Janell R. Duxbury<\/em>: Tatsache oder Fiktion: Ist Hermann Haessler Sen. in Milwaukee ein Nachkomme des mecklenburgischen Herzogshauses?<\/li>\n<\/ul>\n<hr \/>\n<p>Bibliographische Angaben: \u00dcber Mecklenburger zu Hause, beim Nachbarn und weit weg &#8230; &#8211; Vortr\u00e4ge und Beitr\u00e4ge 2015&#8243; MFP-Schriftenreihe Heft 15, Herausgeber: <a href=\"http:\/\/www.mfpev.de\/\" target=\"_blank\">Verein f\u00fcr mecklenburgische Familien- und Personengeschichte e. V.<\/a>, Tellow Oktober 2015, ISBN 978-3-946273-00-4, 6,00 \u20ac<\/p>\n<hr \/>\n<div style=\"clear: both\">&nbsp;<\/div>\n<p><img decoding=\"async\" src=\"..\/uploads\/mfp_2015-04.jpg\" alt=\"mfp_2015-04.jpg\" style=\"float: right; width: 300px; margin: 0 0 10px 10px; padding: 10px; border: 1px solid;\" \/><\/p>\n<p><strong>Mitteilungen des Vereins f\u00fcr mecklenburgische Familien und Personengeschichte e. V.<\/strong>, Heft 35, Oktober 2015<\/p>\n<p>Aus dem Inhalt:<\/p>\n<ul>\n<li>Geleitwort des 1. Vorsitzenden<\/li>\n<li>Ehrungen<\/li>\n<li>Vorstellung neuer Mitglieder<\/li>\n<li>Unsere ISSN und ISBN sind da<\/li>\n<li>Berichte aus den Arbeitsgruppen<\/li>\n<li>10. Regionaltreffen Brandenburg &#8211; ein Erlebnisbericht<\/li>\n<li>Mittsommer Remise 2015 &#8211; ein Kurzbericht<\/li>\n<li>Bericht vom Ersten Regionaltreffen Wismar<\/li>\n<li>Projekt Epitaphe<\/li>\n<li>Neuzug\u00e4nge f\u00fcr die Vereinsbibliothek und unser Archiv<\/li>\n<li><em>Martina Clemens<\/em>: Moderne Quellen<\/li>\n<li>Kleine Helfer vorgestellt<\/li>\n<li><em>Hans-Joachim Pegler<\/em>: Wie es mir gelang, meine Frau f\u00fcr ihre Ahnen zu begeistern<\/li>\n<li><em>Dirk Sch\u00e4fer<\/em>: Der besondere Zufallsfund<\/li>\n<li><em>Ingo u. Karin Susemihl<\/em>: Kleine Geschichten zum Amtmann Susemihl in Ratzeburg<\/li>\n<li><em>Dirk Sch\u00e4fer<\/em>: Was ist ein Chronogramm<\/li>\n<li>Literaturhinweise und Rezensionen<\/li>\n<\/ul>\n<hr \/>\n<p>Bibliographische Angaben: \u00dcber Mecklenburger zu Hause, beim Nachbarn und weit weg &#8230; &#8211; Vortr\u00e4ge und Beitr\u00e4ge 2015&#8243; MFP-Schriftenreihe Heft 15, Herausgeber: <a href=\"http:\/\/www.mfpev.de\/\" target=\"_blank\">Verein f\u00fcr mecklenburgische Familien- und Personengeschichte e. V.<\/a>, Tellow Oktober 2015, ISSN 2364-4664, 3,50 \u20ac<\/p>\n<hr \/>\n","protected":false},"excerpt":{"rendered":"<p>Beim Verein f\u00fcr Mecklenburgische Familien- und Personengeschichte e. V. gibt es zwei Neuerscheinungen: &#8222;\u00dcber Mecklenburger zu Hause, beim Nachbarn und weit weg &#8230; &#8211; Vortr\u00e4ge und Beitr\u00e4ge 2015&#8220; MFP-Schriftenreihe Heft<\/p>\n<div><a href=\"https:\/\/dirkpeters.info\/?p=1320\" class=\"exp-read-more exp-read-more-underlined\">Read More<\/a><\/div>\n","protected":false},"author":1,"featured_media":0,"comment_status":"open","ping_status":"open","sticky":false,"template":"","format":"standard","meta":{"jetpack_post_was_ever_published":false,"_jetpack_newsletter_access":"","_jetpack_dont_email_post_to_subs":false,"_jetpack_newsletter_tier_id":0,"_jetpack_memberships_contains_paywalled_content":false,"_jetpack_memberships_contains_paid_content":false,"footnotes":"","_links_to":"","_links_to_target":""},"categories":[3,254,18,153],"tags":[5,50,133,167,66],"class_list":["post-1320","post","type-post","status-publish","format-standard","hentry","category-buecher","category-mfp","category-vereine","category-zeitschriften","tag-buecher","tag-mecklenburg","tag-mfp","tag-vereine","tag-zeitschriften"],"jetpack_featured_media_url":"","jetpack_shortlink":"https:\/\/wp.me\/p8HCXc-li","jetpack-related-posts":[{"id":1252,"url":"https:\/\/dirkpeters.info\/?p=1252","url_meta":{"origin":1320,"position":0},"title":"Mitteilungen des Vereins f\u00fcr mecklenburgische Familien- und Personengeschichte e. V. &#8211; Heft 34","author":"dirkpeters","date":"5. M\u00e4rz 2015","format":false,"excerpt":"Heute im Briefkasten: Das Heft 34 der Mitteilungen des Vereins f\u00fcr mecklenburgische Familien- und Personengeschichte e. V.Neben vielen Vereinsnachrichten enth\u00e4lt das Heft auch einige genealogische Beitr\u00e4ge: B\u00e4rbel Kitzerow: Das angebliche Findelkind Prof. Dr. Peter Clemens: Der gesamte europ\u00e4ische Hochadel hat j\u00fcdische Vorfahren Andreas Parlow: Die Birckholtz-Trompete von Belitz Dirk Sch\u00e4fer:\u2026","rel":"","context":"In &quot;MFP&quot;","block_context":{"text":"MFP","link":"https:\/\/dirkpeters.info\/?cat=254"},"img":{"alt_text":"","src":"","width":0,"height":0},"classes":[]},{"id":2316,"url":"https:\/\/dirkpeters.info\/?p=2316","url_meta":{"origin":1320,"position":1},"title":"Neuerscheinungen beim MFP","author":"dirkpeters","date":"2. Oktober 2018","format":false,"excerpt":"Heute waren die neuesten Ausgaben der Mitteilungen und der Schriftenreihe des Vereins f\u00fcr mecklenburgische Familien- und Personengeschichte e. V. im Briefkasten. Mitteilungen des Vereins f\u00fcr mecklenburgische Familien- und Personengeschichte e. V. Heft 41, Oktober 2018 Aus dem Inhalt: Andr\u00e9 Adam: Fachtagung der Ortschronisten f\u00fcr den Landkreis Rostock am 21.04.2018 in\u2026","rel":"","context":"In &quot;Ahnenforschung&quot;","block_context":{"text":"Ahnenforschung","link":"https:\/\/dirkpeters.info\/?cat=9"},"img":{"alt_text":"","src":"https:\/\/i0.wp.com\/dirkpeters.info\/wp-content\/uploads\/2018\/10\/MFP-2018-18.jpg?fit=870%2C1200&ssl=1&resize=350%2C200","width":350,"height":200,"srcset":"https:\/\/i0.wp.com\/dirkpeters.info\/wp-content\/uploads\/2018\/10\/MFP-2018-18.jpg?fit=870%2C1200&ssl=1&resize=350%2C200 1x, https:\/\/i0.wp.com\/dirkpeters.info\/wp-content\/uploads\/2018\/10\/MFP-2018-18.jpg?fit=870%2C1200&ssl=1&resize=525%2C300 1.5x, https:\/\/i0.wp.com\/dirkpeters.info\/wp-content\/uploads\/2018\/10\/MFP-2018-18.jpg?fit=870%2C1200&ssl=1&resize=700%2C400 2x"},"classes":[]},{"id":1381,"url":"https:\/\/dirkpeters.info\/?p=1381","url_meta":{"origin":1320,"position":2},"title":"Neuerscheinungen im Dezember 2016","author":"dirkpeters","date":"19. Dezember 2016","format":false,"excerpt":"Auch dieses Jahr kommen kurz vor Weihnachten noch ein paar Publikationen der Familienforschungsvereine heraus: Von Hebammen, Oberschulzen, Staatsaff\u00e4ren und Landverderberinnen MFP-Schriftenreihe, Heft 16, Oktober 2016, MFP-Verlag \/ Verein f\u00fcr mecklenburgische Familien- und Personengeschichte e. V., ISBN 978-3-946273-01-1 Aus dem Inhalt: Dr. Angelika Halama: Das gottlose und verrufene Mensch: Aufstieg und\u2026","rel":"","context":"In &quot;B\u00fccher&quot;","block_context":{"text":"B\u00fccher","link":"https:\/\/dirkpeters.info\/?cat=3"},"img":{"alt_text":"","src":"","width":0,"height":0},"classes":[]},{"id":1384,"url":"https:\/\/dirkpeters.info\/?p=1384","url_meta":{"origin":1320,"position":3},"title":"Mitteilungen des Vereins f\u00fcr mecklenburgische Familien und Personengeschichte e. V. &#8211; Heft 38","author":"dirkpeters","date":"18. Februar 2017","format":false,"excerpt":"Neuerscheinung aus Mecklenburg:Heft 38 - M\u00e4rz 2017 der Mitteilungen des Vereins f\u00fcr mecklenburgische Familien und Personengeschichte e. V.. Aus dem Inhalt: Wilfried Rachow: Vom herzoglichen Hofschuhmachermeister und vom Hauptmann von K\u00f6penick David Kr\u00fcger: Die Anf\u00e4nge meiner Familienforschung Dirk Sch\u00e4fer: Das Epitaph des Detlof von Goeden Rosita Miesorski: Das Deutsche Tagebucharchiv\u2026","rel":"","context":"In &quot;MFP&quot;","block_context":{"text":"MFP","link":"https:\/\/dirkpeters.info\/?cat=254"},"img":{"alt_text":"","src":"","width":0,"height":0},"classes":[]},{"id":3690,"url":"https:\/\/dirkpeters.info\/?p=3690","url_meta":{"origin":1320,"position":4},"title":"Neue Ver\u00f6ffentlichungen aus Mecklenburg","author":"dirkpeters","date":"2. M\u00e4rz 2020","format":false,"excerpt":"Heute waren die neuesten Ver\u00f6ffentlichungen des Vereins f\u00fcr mecklenburgische Familien- und Personengeschichte e. V. im Briefkasten. Mitteilungen des Vereins f\u00fcr mecklenburgische Familien- und Personengeschichte e. V., Heft 44, M\u00e4rz 2020 Aus dem Inhalt: Geleitwort des 1. Vorsitzenden Vorstellung neuer Vereinsmitglieder Dieter Garling: Fachtagung f\u00fcr Ortschronist*innen des Landkreises Ludwigslust-Parchim Andr\u00e9 Adam:\u2026","rel":"","context":"In &quot;Ahnenforschung&quot;","block_context":{"text":"Ahnenforschung","link":"https:\/\/dirkpeters.info\/?cat=9"},"img":{"alt_text":"","src":"https:\/\/i0.wp.com\/dirkpeters.info\/wp-content\/uploads\/2020\/03\/Die_Manns.jpg?fit=500%2C700&ssl=1&resize=350%2C200","width":350,"height":200},"classes":[]},{"id":1794,"url":"https:\/\/dirkpeters.info\/?p=1794","url_meta":{"origin":1320,"position":5},"title":"Von Landschulen in der Griesen Gegend und anderes","author":"dirkpeters","date":"29. November 2017","format":false,"excerpt":"Heute war es im Briefkasten, das neue Heft der MFP-Schriftenreihe des Vereins f\u00fcr mecklenburgische Familien- und Personengeschichte e. V. Hauptthema ist der Artikel von Anne Schwarm \u201cZur Geschichte der Landschulen im mecklenburgischen Domanium. Anne Schwarm bearbeitet das Thema anhand der D\u00f6rfer der \u201cGriesen Gegend\u201d einer Landschaft im S\u00fcdwesten Mecklenburgs. Der\u2026","rel":"","context":"In &quot;B\u00fccher&quot;","block_context":{"text":"B\u00fccher","link":"https:\/\/dirkpeters.info\/?cat=3"},"img":{"alt_text":"mfp17","src":"https:\/\/i0.wp.com\/dirkpeters.info\/wp-content\/uploads\/2017\/11\/mfp17_thumb.jpg?resize=350%2C200","width":350,"height":200},"classes":[]}],"jetpack_sharing_enabled":true,"jetpack_likes_enabled":true,"_links":{"self":[{"href":"https:\/\/dirkpeters.info\/index.php?rest_route=\/wp\/v2\/posts\/1320","targetHints":{"allow":["GET"]}}],"collection":[{"href":"https:\/\/dirkpeters.info\/index.php?rest_route=\/wp\/v2\/posts"}],"about":[{"href":"https:\/\/dirkpeters.info\/index.php?rest_route=\/wp\/v2\/types\/post"}],"author":[{"embeddable":true,"href":"https:\/\/dirkpeters.info\/index.php?rest_route=\/wp\/v2\/users\/1"}],"replies":[{"embeddable":true,"href":"https:\/\/dirkpeters.info\/index.php?rest_route=%2Fwp%2Fv2%2Fcomments&post=1320"}],"version-history":[{"count":10,"href":"https:\/\/dirkpeters.info\/index.php?rest_route=\/wp\/v2\/posts\/1320\/revisions"}],"predecessor-version":[{"id":1330,"href":"https:\/\/dirkpeters.info\/index.php?rest_route=\/wp\/v2\/posts\/1320\/revisions\/1330"}],"wp:attachment":[{"href":"https:\/\/dirkpeters.info\/index.php?rest_route=%2Fwp%2Fv2%2Fmedia&parent=1320"}],"wp:term":[{"taxonomy":"category","embeddable":true,"href":"https:\/\/dirkpeters.info\/index.php?rest_route=%2Fwp%2Fv2%2Fcategories&post=1320"},{"taxonomy":"post_tag","embeddable":true,"href":"https:\/\/dirkpeters.info\/index.php?rest_route=%2Fwp%2Fv2%2Ftags&post=1320"}],"curies":[{"name":"wp","href":"https:\/\/api.w.org\/{rel}","templated":true}]}}