{"id":1187,"date":"2014-12-01T07:31:37","date_gmt":"2014-12-01T06:31:37","guid":{"rendered":"http:\/\/test.dirkpeters.net\/?p=1187"},"modified":"2017-05-17T07:34:55","modified_gmt":"2017-05-17T05:34:55","slug":"seminar-qualifizierter-genealoge","status":"publish","type":"post","link":"https:\/\/dirkpeters.info\/?p=1187","title":{"rendered":"Seminar &#8222;QUALIFIZIERTER GENEALOGE&#8220;"},"content":{"rendered":"<p><img data-recalc-dims=\"1\" decoding=\"async\" src=\"https:\/\/i0.wp.com\/www.seminar-qualifizierter-genealoge.de\/img\/logo.png?w=1160\" alt=\"logo.png\" style=\"float: left; width: 150px; margin: 0 10px 10px 0;\" \/><\/p>\n<p>Das Institut f\u00fcr Genealogie der <a href=\"http:\/\/www.genealogie-institut.de\/\" target=\"_blank\">Stiftung Zentralstelle f\u00fcr Personen- und Familiengeschichte<\/a> bietet auch in diesem Jahr wieder ein Seminar &#8222;QUALIFIZIERTER GENEALOGE&#8220; an. Das Seminar findet vom 06. bis 11. April in Suhl im <a href=\"http:\/\/www.hotel-thueringen-suhl.de\/\" target=\"_blank\">Hotel Th\u00fcringen<\/a> statt.<\/p>\n<p>Themen sind unter anderem Datenbanken, prof. Internetrecherche, Bibliotheks- und Archivwesen. Schwerpunkt ist die genealogische Forschung in den ehemaligen deutschen Ostgebieten. Mehr Informationen gibt es unter: <a href=\"http:\/\/www.seminar-qualifizierter-genealoge.de\/\" target=\"_blank\">http:\/\/www.seminar-qualifizierter-genealoge.de\/<\/a>.<\/p>\n<p>Das Seminar ist in sechs Module unterteilt:<\/p>\n<ul>\n<li>Modul 1 &#8211; Einf\u00fchrung in die Familiengeschichtsforschung<\/li>\n<li>Modul 2 &#8211; Forschungsstrategien in der Genealogie und Familienforschung<\/li>\n<li>Modul 3 &#8211; Historische Hilfswissenschaften &#8211; Pal\u00e4ographie und Archivwesen<\/li>\n<li>Modul 4 &#8211; Historische Hilfswissenschaften &#8211; Soziologie und Demographie \u2013 Heraldik und Wappenkunde<\/li>\n<li>Modul 5 &#8211; Archivwesen\/Archivrecht \u2013 Erbenermittlung\/Nachlasspflege<\/li>\n<li>Modul 6 &#8211; Projekt Verein, Jugend und Schule \u2013 Eine Br\u00fccke f\u00fcr Generationen<\/li>\n<\/ul>\n<p>Mit diesen Themen scheint das Seminar ein Rundum-Paket sowohl f\u00fcr den Hobbyfamilienforscher, als auch f\u00fcr den ambitionierten Genealogen zu bieten.<\/p>\n","protected":false},"excerpt":{"rendered":"<p>Das Institut f\u00fcr Genealogie der Stiftung Zentralstelle f\u00fcr Personen- und Familiengeschichte bietet auch in diesem Jahr wieder ein Seminar &#8222;QUALIFIZIERTER GENEALOGE&#8220; an. Das Seminar findet vom 06. bis 11. April<\/p>\n<div><a href=\"https:\/\/dirkpeters.info\/?p=1187\" class=\"exp-read-more exp-read-more-underlined\">Read More<\/a><\/div>\n","protected":false},"author":1,"featured_media":0,"comment_status":"open","ping_status":"open","sticky":false,"template":"","format":"standard","meta":{"jetpack_post_was_ever_published":false,"_jetpack_newsletter_access":"","_jetpack_dont_email_post_to_subs":false,"_jetpack_newsletter_tier_id":0,"_jetpack_memberships_contains_paywalled_content":false,"_jetpack_memberships_contains_paid_content":false,"footnotes":"","_links_to":"","_links_to_target":""},"categories":[9,218],"tags":[242,258,244,259],"class_list":["post-1187","post","type-post","status-publish","format-standard","hentry","category-ahnenforschung","category-termine","tag-qualifizierter-genealoge","tag-seminar","tag-stiftung-zentralstelle-fuer-personen-und-familiengeschichte","tag-suhl"],"jetpack_featured_media_url":"","jetpack_shortlink":"https:\/\/wp.me\/p8HCXc-j9","jetpack-related-posts":[{"id":1102,"url":"https:\/\/dirkpeters.info\/?p=1102","url_meta":{"origin":1187,"position":0},"title":"Lehrgang &#8222;Qualifizierter Genealoge&#8220;","author":"dirkpeters","date":"22. April 2014","format":false,"excerpt":"\u00dcber verschiedene Mailinglisten kam der folgende Hinweis: vom 11. \u2013 16. August 2014, findet in Braunschweig, das sechst\u00e4gige Seminar \u201eQUALIFIZIERTER GENEALOGE\u201c \u2013 Institut f\u00fcr Genealogie - statt. Auf der Homepage http:\/\/www.seminar-qualifizierter-genealoge.de findet Ihr weitere Hinweise, Informationen und Anmeldung. Anmeldeschluss ist der 7. Juli 2014. Es werden Euch neue Impulse auf\u2026","rel":"","context":"In &quot;Termine&quot;","block_context":{"text":"Termine","link":"https:\/\/dirkpeters.info\/?cat=218"},"img":{"alt_text":"","src":"","width":0,"height":0},"classes":[]},{"id":1955,"url":"https:\/\/dirkpeters.info\/?p=1955","url_meta":{"origin":1187,"position":1},"title":"ZMFG 1\/2018","author":"dirkpeters","date":"2. April 2018","format":false,"excerpt":"Diese Woche war das Heft 1\/2018 der Zeitschrift f\u00fcr Mitteldeutsche Familiengeschichte, der Vereinszeitschrift der AMF im Briefkasten. Das Heft enth\u00e4lt wieder eine Reihe interessanter Beitr\u00e4ge. Aus dem Inhalt Thekla Kluttig: 50 Jahre nach der Gr\u00fcndung: Die \"Deutsche Zentralstelle f\u00fcr Genealogie\" heute Felicitas Spring: \"unser liebes St\u00e4dtlein Garz\". B\u00fcrger und Einlieger\u2026","rel":"","context":"In &quot;AMF&quot;","block_context":{"text":"AMF","link":"https:\/\/dirkpeters.info\/?cat=251"},"img":{"alt_text":"","src":"https:\/\/i0.wp.com\/dirkpeters.info\/wp-content\/uploads\/2018\/04\/img002.jpg?fit=526%2C801&ssl=1&resize=350%2C200","width":350,"height":200,"srcset":"https:\/\/i0.wp.com\/dirkpeters.info\/wp-content\/uploads\/2018\/04\/img002.jpg?fit=526%2C801&ssl=1&resize=350%2C200 1x, https:\/\/i0.wp.com\/dirkpeters.info\/wp-content\/uploads\/2018\/04\/img002.jpg?fit=526%2C801&ssl=1&resize=525%2C300 1.5x"},"classes":[]},{"id":3794,"url":"https:\/\/dirkpeters.info\/?p=3794","url_meta":{"origin":1187,"position":2},"title":"Die Nachkommen Karls des Gro\u00dfen","author":"dirkpeters","date":"18. Juni 2020","format":false,"excerpt":"\"Der Brandenburg\" ist bei familysearch online verf\u00fcgbar. 1935 erschien als Band XI des Stamm- und Ahnentafelwerks der Zentralstelle f\u00fcr Deutsche Personen- und Familiengeschichte das Werk Die Nachkommen Karl des Gro\u00dfen (I. - XIV. Generation) von Professor Dr. Erich Brandenburg (* 31. Juli 1868 in Stralsund; \u2020 22. Januar 1946 in\u2026","rel":"","context":"In &quot;Adel&quot;","block_context":{"text":"Adel","link":"https:\/\/dirkpeters.info\/?cat=44"},"img":{"alt_text":"","src":"https:\/\/i0.wp.com\/dirkpeters.info\/wp-content\/uploads\/2020\/06\/brandenburg2.jpg?fit=500%2C726&ssl=1&resize=350%2C200","width":350,"height":200},"classes":[]},{"id":798,"url":"https:\/\/dirkpeters.info\/?p=798","url_meta":{"origin":1187,"position":3},"title":"Zeitschrift f\u00fcr Mitteldeutsche Familiengeschichte","author":"dirkpeters","date":"13. Dezember 2010","format":false,"excerpt":"Gerade ist das Heft 4\/2010 der Zeitschrift f\u00fcr Mitteldeutsche Familiengeschichte erschienen. Aus dem Inhalt: Uwe Koch: Ein Oberlausitzer Netzwerk des 16. b\u00eds 18. Jahrhunderts. Zur Genealogie der Familie des Bautzener M\u00e4zens Dr. Gregorius M\u00e4ttig (1585\u20131650) Hans-Joachim H\u00e4rting: Die H\u00e4rtingsche Brau- und Erbschenke zu Bothfeld bei L\u00fctzen. Besitz und Familiengeschichte 1611-1756\u2026","rel":"","context":"In &quot;AMF&quot;","block_context":{"text":"AMF","link":"https:\/\/dirkpeters.info\/?cat=251"},"img":{"alt_text":"AMF 04-2010","src":"..\/wp-content\/uploads\/2010\/12\/AMF042010.jpg","width":350,"height":200},"classes":[]},{"id":863,"url":"https:\/\/dirkpeters.info\/?p=863","url_meta":{"origin":1187,"position":4},"title":"Computergenealogie 2\/2011","author":"dirkpeters","date":"23. Juni 2011","format":false,"excerpt":"Frisch eingetroffen ist heute das Heft 2\/2011 der Computergenealogie, der Vereinszeitschrift des Vereins f\u00fcr Computergenealogie. Schwerpunktthema des Heftes ist GEDCOM, das Austauschformat f\u00fcr genealogische Daten. Aus dem Inhalt: Titelthema: GEDCOM Der Code der Computergenealogie Datenaustausch via GEDCOM bald verlustfrei m\u00f6glich? Anwender fragen \u2013 Experten antworten GEDCOM \u2013 manchmal liegt\u2019s am\u2026","rel":"","context":"In &quot;Compgen&quot;","block_context":{"text":"Compgen","link":"https:\/\/dirkpeters.info\/?cat=253"},"img":{"alt_text":"compgen-2011-02","src":"..\/wp-content\/uploads\/2011\/06\/compgen-2011-02.jpg","width":350,"height":200},"classes":[]},{"id":928,"url":"https:\/\/dirkpeters.info\/?p=928","url_meta":{"origin":1187,"position":5},"title":"Computergenealogie 02\/2012","author":"dirkpeters","date":"24. Juni 2012","format":false,"excerpt":"Diese Woche war Heft 2\/2012 der Computergenealogie im Briefkasten. Schwerpunkt dieser Ausgabe ist Thema Homepageerstellung. Aus dem Inhalt: Wissen Publizieren in den Zeiten des Internets: Druck - Website - Blog - Twitter Webhosting Vergleich: Was ist drin, was ist richtig? Eine Website bauen? Nichts leichter als das! Content Management Systeme:\u2026","rel":"","context":"In &quot;Compgen&quot;","block_context":{"text":"Compgen","link":"https:\/\/dirkpeters.info\/?cat=253"},"img":{"alt_text":"Computergenealogie 02\/2012","src":"..\/wp-content\/uploads\/2012\/06\/CG_2012_02-209x300.jpg","width":350,"height":200},"classes":[]}],"jetpack_sharing_enabled":true,"jetpack_likes_enabled":true,"_links":{"self":[{"href":"https:\/\/dirkpeters.info\/index.php?rest_route=\/wp\/v2\/posts\/1187","targetHints":{"allow":["GET"]}}],"collection":[{"href":"https:\/\/dirkpeters.info\/index.php?rest_route=\/wp\/v2\/posts"}],"about":[{"href":"https:\/\/dirkpeters.info\/index.php?rest_route=\/wp\/v2\/types\/post"}],"author":[{"embeddable":true,"href":"https:\/\/dirkpeters.info\/index.php?rest_route=\/wp\/v2\/users\/1"}],"replies":[{"embeddable":true,"href":"https:\/\/dirkpeters.info\/index.php?rest_route=%2Fwp%2Fv2%2Fcomments&post=1187"}],"version-history":[{"count":2,"href":"https:\/\/dirkpeters.info\/index.php?rest_route=\/wp\/v2\/posts\/1187\/revisions"}],"predecessor-version":[{"id":1189,"href":"https:\/\/dirkpeters.info\/index.php?rest_route=\/wp\/v2\/posts\/1187\/revisions\/1189"}],"wp:attachment":[{"href":"https:\/\/dirkpeters.info\/index.php?rest_route=%2Fwp%2Fv2%2Fmedia&parent=1187"}],"wp:term":[{"taxonomy":"category","embeddable":true,"href":"https:\/\/dirkpeters.info\/index.php?rest_route=%2Fwp%2Fv2%2Fcategories&post=1187"},{"taxonomy":"post_tag","embeddable":true,"href":"https:\/\/dirkpeters.info\/index.php?rest_route=%2Fwp%2Fv2%2Ftags&post=1187"}],"curies":[{"name":"wp","href":"https:\/\/api.w.org\/{rel}","templated":true}]}}