{"id":1102,"date":"2014-04-22T22:43:00","date_gmt":"2014-04-22T20:43:00","guid":{"rendered":"http:\/\/test.dirkpeters.net\/?p=1102"},"modified":"2017-05-15T22:51:50","modified_gmt":"2017-05-15T20:51:50","slug":"lehrgang-qualifizierter-genealoge","status":"publish","type":"post","link":"https:\/\/dirkpeters.info\/?p=1102","title":{"rendered":"Lehrgang &#8222;Qualifizierter Genealoge&#8220;"},"content":{"rendered":"<p>\u00dcber verschiedene Mailinglisten kam der folgende Hinweis:<\/p>\n<hr>\n<blockquote>\n<p><a href=\"http:\/\/www.seminar-qualifizierter-genealoge.de\"><img decoding=\"async\" src=\"..\/images\/genealoge.png\" alt=\"Lehrgang Genealoge\" style=\"float:right; width: 300px; margin: 0 0 10px 10px; padding:10px; border: 1px solid;\" \/><\/a><\/p>\n<p>vom 11. \u2013 16. August 2014, findet in Braunschweig, das sechst\u00e4gige Seminar \u201eQUALIFIZIERTER GENEALOGE\u201c \u2013 Institut f\u00fcr Genealogie &#8211; statt.<\/p>\n<p>Auf der Homepage <a href=\"http:\/\/www.seminar-qualifizierter-genealoge.de\">http:\/\/www.seminar-qualifizierter-genealoge.de<\/a> findet Ihr weitere Hinweise, Informationen und Anmeldung. Anmeldeschluss ist der 7. Juli 2014. Es werden Euch neue Impulse auf dem Gebiet der inhaltlichen Weiterbildung der Genealogie, Heraldik, Indexing, Recht, Erbenermittlung und Nachlasspflegschaft angeboten. Das Seminar &#8222;Qualifizierter Genealoge&#8220; vermittelt Euch neue Impulse f\u00fcr die eigene Familienforschung und die M\u00f6glichkeit Euer Hobby zum Beruf zu machen.Erfahrene fachbezogene und beruflich orientierte Dozenten sagen Euch wie es geht und funktioniert. Dieses Seminar bringt Euch auf den aktuellen Stand und bietet die passende Diskussions- und Gespr\u00e4chsebene.<\/p>\n<p>Lernen &#8211; gemeinsam eine Woche miteinander und voneinander. <\/p>\n<p>Organisiert wird dieser Lehrgang vom Institut f\u00fcr Genealogie, einer Einrichtung der <a href=\"http:\/\/www.genealogie-institut.de\/web\/stiftung\/aktuelles.php\">Stiftung Zentralstelle f\u00fcr Personen- und Familiengeschichte<\/a>. Verantwortlich zeichnet deren ehrenamtlicher Gesch\u00e4ftsf\u00fchrer Andreas Bellersen.<\/p>\n<\/blockquote>\n<p>Noch im letzten Jahr wurde diese Weiterbildung gemeinsam mit der <a href=\"http:\/\/www.dagv.org\/\">DAGV<\/a> unter dem Titel \u201eQualifizierter Genealoge (DAGV)\u201c veranstaltet, f\u00fchrt nunmehr die <a href=\"http:\/\/www.genealogie-institut.de\/web\/stiftung\/aktuelles.php\">Stiftung Zentralstelle f\u00fcr Personen- und Familiengeschichte<\/a> diese alleine durch. Die <a href=\"http:\/\/www.dagv.org\/\">DAGV<\/a> bereitet einen eigenen Lehrgang <a href=\"http:\/\/www.dagv.org\/html\/zertifgenealoge.html\">\u201eZertifizierter Genealoge (DAGV)\u201c<\/a> vor.<\/p>\n<hr>\n<p>Ich m\u00f6chte mich eigentlich nicht in den Streit zwischen der DAGV und ihren Mitglieder einmischen. Es ist allerdings traurig, dass so Ressourcen verschleudert werden, anstatt alle Kr\u00e4fte zu b\u00fcndeln, um gemeinsam Fortschritte f\u00fcr den deutschen Familienforscher zu erreichen.<\/p>\n","protected":false},"excerpt":{"rendered":"<p>\u00dcber verschiedene Mailinglisten kam der folgende Hinweis: vom 11. \u2013 16. August 2014, findet in Braunschweig, das sechst\u00e4gige Seminar \u201eQUALIFIZIERTER GENEALOGE\u201c \u2013 Institut f\u00fcr Genealogie &#8211; statt. Auf der Homepage<\/p>\n<div><a href=\"https:\/\/dirkpeters.info\/?p=1102\" class=\"exp-read-more exp-read-more-underlined\">Read More<\/a><\/div>\n","protected":false},"author":1,"featured_media":0,"comment_status":"open","ping_status":"open","sticky":false,"template":"","format":"standard","meta":{"jetpack_post_was_ever_published":false,"_jetpack_newsletter_access":"","_jetpack_dont_email_post_to_subs":false,"_jetpack_newsletter_tier_id":0,"_jetpack_memberships_contains_paywalled_content":false,"_jetpack_memberships_contains_paid_content":false,"footnotes":"","_links_to":"","_links_to_target":""},"categories":[218,18],"tags":[243,242,244,241],"class_list":["post-1102","post","type-post","status-publish","format-standard","hentry","category-termine","category-vereine","tag-institut-fuer-genealogie","tag-qualifizierter-genealoge","tag-stiftung-zentralstelle-fuer-personen-und-familiengeschichte","tag-weiterbildung"],"jetpack_featured_media_url":"","jetpack_shortlink":"https:\/\/wp.me\/p8HCXc-hM","jetpack-related-posts":[{"id":1187,"url":"https:\/\/dirkpeters.info\/?p=1187","url_meta":{"origin":1102,"position":0},"title":"Seminar &#8222;QUALIFIZIERTER GENEALOGE&#8220;","author":"dirkpeters","date":"1. Dezember 2014","format":false,"excerpt":"Das Institut f\u00fcr Genealogie der Stiftung Zentralstelle f\u00fcr Personen- und Familiengeschichte bietet auch in diesem Jahr wieder ein Seminar \"QUALIFIZIERTER GENEALOGE\" an. Das Seminar findet vom 06. bis 11. April in Suhl im Hotel Th\u00fcringen statt. Themen sind unter anderem Datenbanken, prof. Internetrecherche, Bibliotheks- und Archivwesen. Schwerpunkt ist die genealogische\u2026","rel":"","context":"In &quot;Ahnenforschung&quot;","block_context":{"text":"Ahnenforschung","link":"https:\/\/dirkpeters.info\/?cat=9"},"img":{"alt_text":"","src":"","width":0,"height":0},"classes":[]},{"id":4119,"url":"https:\/\/dirkpeters.info\/?p=4119","url_meta":{"origin":1102,"position":1},"title":"Stamme ich von Jesus ab &#8211; eine Buchvorstellung","author":"dirkpeters","date":"9. Juni 2021","format":false,"excerpt":"Am 08. Juni 2021 bin ich von Prof. Dr. Rainer Zielke auf sein in diesem Jahre erschienenes Buch \u201eDie Vorfahren Karls des Gro\u00dfen - Eine 4000-j\u00e4hrige genealogische-kulturhistorische Zeitreise bis hin zu Jesu Christi, K\u00f6nig David, Abraham, Noah und Adam (epische 136 Generationen Abstammung)\u201c hingewiesen worden. In diesem Buch stellt Prof.\u2026","rel":"","context":"In &quot;Ahnenforschung&quot;","block_context":{"text":"Ahnenforschung","link":"https:\/\/dirkpeters.info\/?cat=9"},"img":{"alt_text":"","src":"https:\/\/i0.wp.com\/dirkpeters.info\/wp-content\/uploads\/2021\/06\/Karl.jpg?fit=614%2C872&ssl=1&resize=350%2C200","width":350,"height":200,"srcset":"https:\/\/i0.wp.com\/dirkpeters.info\/wp-content\/uploads\/2021\/06\/Karl.jpg?fit=614%2C872&ssl=1&resize=350%2C200 1x, https:\/\/i0.wp.com\/dirkpeters.info\/wp-content\/uploads\/2021\/06\/Karl.jpg?fit=614%2C872&ssl=1&resize=525%2C300 1.5x"},"classes":[]},{"id":954,"url":"https:\/\/dirkpeters.info\/?p=954","url_meta":{"origin":1102,"position":2},"title":"Neue Genealogie-Community","author":"dirkpeters","date":"10. Dezember 2012","format":false,"excerpt":"Auf Google+ gibt es mit Genealogie+ ein neues Genealogienetzwerk. Diese Community soll Genealogen und an Genealogie interessierten eine Anlaufstelle bieten, die \u00fcber die klassischen Kommunikationswege hinaus auch die M\u00f6glichkeiten von Social Media f\u00fcr den Austausch mit Gleichgesinnten nutzen m\u00f6chten. Da ich bei allem Neuen gerne mitmachen, bin ich nat\u00fcrlich auch\u2026","rel":"","context":"In &quot;Kommunikation&quot;","block_context":{"text":"Kommunikation","link":"https:\/\/dirkpeters.info\/?cat=106"},"img":{"alt_text":"genealogie ","src":"..\/wp-content\/uploads\/2012\/12\/genealogie.png","width":350,"height":200},"classes":[]},{"id":990,"url":"https:\/\/dirkpeters.info\/?p=990","url_meta":{"origin":1102,"position":3},"title":"Der Herold","author":"dirkpeters","date":"21. August 2013","format":false,"excerpt":"Vom Herold - Verein f\u00fcr Heraldik, Genealogie und verwandte Wissenschaften zu Berlin e.V. erschien das neue Heft der Vereinszeitschrift. Aus dem Inhalt: Fischer, Hubertus: Ein Siegel als Dokument sozialen Aufstiegs Severin, Lars A.: Beitr\u00e4ge zu einer Nachfahrenliste des Oberhofpredigers Ursin(us) von B\u00e4r Geike, Reiner: Kampf der Symbole Klein, Gotthard: Das\u2026","rel":"","context":"In &quot;Herold&quot;","block_context":{"text":"Herold","link":"https:\/\/dirkpeters.info\/?cat=252"},"img":{"alt_text":"herold_2013-01","src":"..\/wp-content\/uploads\/2013\/08\/herold_201301.jpg","width":350,"height":200},"classes":[]},{"id":1549,"url":"https:\/\/dirkpeters.info\/?p=1549","url_meta":{"origin":1102,"position":4},"title":"Foren und Mailinglisten","author":"dirkpeters","date":"14. September 2014","format":false,"excerpt":"Foren und Mailinglisten f\u00fcr den Familienforscher Ahnen-und-Wappen Forum, das Forum auf der Seite von Josef Ramsperger Ahnenforschung.net Forum zur Ahnenforschung Geneal-Forum, Genealogie - Diskussionsforum f\u00fcr die Forschung in Belgien, Deutschland, Frankreich, den Niederlanden, Liechtenstein, Luxemburg, \u00d6sterreich und der Schweiz Genealogie-Forum Bayern, das Forum des Bayerischer Landesvereins f\u00fcr Familienkunde e. V.\u2026","rel":"","context":"In &quot;Ahnenforschung&quot;","block_context":{"text":"Ahnenforschung","link":"https:\/\/dirkpeters.info\/?cat=9"},"img":{"alt_text":"","src":"","width":0,"height":0},"classes":[]},{"id":660,"url":"https:\/\/dirkpeters.info\/?p=660","url_meta":{"origin":1102,"position":5},"title":"Neues beim Herold","author":"dirkpeters","date":"10. Juni 2010","format":false,"excerpt":"Soeben ist die neue Ausgabe der Vierteljahrsschrift f\u00fcr Heraldik, Genealogie und verwandte Wissenschaften erschienen. Aus dem Inhalt: Dietmar Schenk: Kunst und Musik in Berlin studieren \u2026 Eugen Sch\u00f6ler: W\u00fcrfel in einem Schild Anton Rabbou: Die Wappen der Braunschweiger Weichbilde Gunter Stemmler: Ein Siegelring f\u00fcr Ehrensenatoren der Universit\u00e4t zu Frankfurt am\u2026","rel":"","context":"In &quot;Vereine&quot;","block_context":{"text":"Vereine","link":"https:\/\/dirkpeters.info\/?cat=18"},"img":{"alt_text":"Bild (7)","src":"..\/wp-content\/uploads\/2010\/06\/Bild7_thumb.jpg","width":350,"height":200},"classes":[]}],"jetpack_sharing_enabled":true,"jetpack_likes_enabled":true,"_links":{"self":[{"href":"https:\/\/dirkpeters.info\/index.php?rest_route=\/wp\/v2\/posts\/1102","targetHints":{"allow":["GET"]}}],"collection":[{"href":"https:\/\/dirkpeters.info\/index.php?rest_route=\/wp\/v2\/posts"}],"about":[{"href":"https:\/\/dirkpeters.info\/index.php?rest_route=\/wp\/v2\/types\/post"}],"author":[{"embeddable":true,"href":"https:\/\/dirkpeters.info\/index.php?rest_route=\/wp\/v2\/users\/1"}],"replies":[{"embeddable":true,"href":"https:\/\/dirkpeters.info\/index.php?rest_route=%2Fwp%2Fv2%2Fcomments&post=1102"}],"version-history":[{"count":5,"href":"https:\/\/dirkpeters.info\/index.php?rest_route=\/wp\/v2\/posts\/1102\/revisions"}],"predecessor-version":[{"id":1107,"href":"https:\/\/dirkpeters.info\/index.php?rest_route=\/wp\/v2\/posts\/1102\/revisions\/1107"}],"wp:attachment":[{"href":"https:\/\/dirkpeters.info\/index.php?rest_route=%2Fwp%2Fv2%2Fmedia&parent=1102"}],"wp:term":[{"taxonomy":"category","embeddable":true,"href":"https:\/\/dirkpeters.info\/index.php?rest_route=%2Fwp%2Fv2%2Fcategories&post=1102"},{"taxonomy":"post_tag","embeddable":true,"href":"https:\/\/dirkpeters.info\/index.php?rest_route=%2Fwp%2Fv2%2Ftags&post=1102"}],"curies":[{"name":"wp","href":"https:\/\/api.w.org\/{rel}","templated":true}]}}