{"id":1068,"date":"2014-02-28T19:33:22","date_gmt":"2014-02-28T18:33:22","guid":{"rendered":"http:\/\/test.dirkpeters.net\/?p=1068"},"modified":"2017-05-16T18:50:22","modified_gmt":"2017-05-16T16:50:22","slug":"herold-jahrbuch-2013","status":"publish","type":"post","link":"https:\/\/dirkpeters.info\/?p=1068","title":{"rendered":"Herold-Jahrbuch 2013"},"content":{"rendered":"<p><a href=\"http:\/\/www.herold-verein.de\"><img loading=\"lazy\" decoding=\"async\" title=\"Herold_2013\" style=\"border-left-width: 0px; border-right-width: 0px; border-bottom-width: 0px; margin: 7px 0px 10px 10px; display: inline; border-top-width: 0px\" alt=\"Herold_2013\" src=\"..\/wp-content\/uploads\/2014\/02\/Herold_2013_thumb.jpg\" width=\"174\" border=\"0\" align=\"right\" height=\"244\"><\/a><\/p>\n<p>Soeben ist das Herold-Jahrbuch 2013 erschienen.<\/p>\n<p>Aus dem Inhalt:<\/p>\n<ul>\n<li>Diederich, Toni: Rechts und links im Siegel<\/li>\n<li>Hupp, Otto (Hrsg.: Frhr. von Recum, Franz-Dietrich): Johann Sibmachers Wappenbuch<\/li>\n<li>Kl\u00fc\u00dfendorf, Niklot: Viel Aufwand um wenig Geld \u2026 Das Papiermarknotgeld des Kreises Ziegenhain von 1923<\/li>\n<li>Krell, Hartmut: Vorfahren und weitere Verwandte des kurs\u00e4chsischen Kanzlers Dr. Nicolaus Krell (+ 1601). Unter Ber\u00fccksichtigung der verwandtschaftlichen Beziehungen zu den Leipziger Familien Pistoris und Hummelshain<\/li>\n<li>Stemmler, Gunter: Das Deutsche Handwerkszeichen. Eine historische Spurensuche zu seinem Aufkommen<\/li>\n<li>Warnecke, Martin: Adlerschnabel, Uniformrock, Dreifarb. Herkunft und Bedeutung der deutschen Nationalfarben Schwarz-Rot-Gold<\/li>\n<li>Buchbesprechungen<\/li>\n<\/ul>\n<p>Bibliographische Angaben:<\/p>\n<p>Herold-Jahrbuch, Neue Folge, 18. Band \u2013 Herausgegeben im Auftrage des <a href=\"http:\/\/www.herold-verein.de\" target=\"_blank\">Herold, Verein f\u00fcr Heraldik, Genealogie und verwandte Wissenschaften zu Berlin (gegr. 1869)<\/a> von Peter Bahl und Eckart Henning, 2013, Selbstverlag des Herold, Berlin, ISSN 1432-2773; ISBN 978-3-9804875-7-3<\/p>\n","protected":false},"excerpt":{"rendered":"<p>Soeben ist das Herold-Jahrbuch 2013 erschienen. Aus dem Inhalt: Diederich, Toni: Rechts und links im Siegel Hupp, Otto (Hrsg.: Frhr. von Recum, Franz-Dietrich): Johann Sibmachers Wappenbuch Kl\u00fc\u00dfendorf, Niklot: Viel Aufwand<\/p>\n<div><a href=\"https:\/\/dirkpeters.info\/?p=1068\" class=\"exp-read-more exp-read-more-underlined\">Read More<\/a><\/div>\n","protected":false},"author":1,"featured_media":0,"comment_status":"open","ping_status":"open","sticky":false,"template":"","format":"standard","meta":{"jetpack_post_was_ever_published":false,"_jetpack_newsletter_access":"","_jetpack_dont_email_post_to_subs":false,"_jetpack_newsletter_tier_id":0,"_jetpack_memberships_contains_paywalled_content":false,"_jetpack_memberships_contains_paid_content":false,"footnotes":"","_links_to":"","_links_to_target":""},"categories":[3,252,18],"tags":[5,90,167],"class_list":["post-1068","post","type-post","status-publish","format-standard","hentry","category-buecher","category-herold","category-vereine","tag-buecher","tag-herold","tag-vereine"],"jetpack_featured_media_url":"","jetpack_shortlink":"https:\/\/wp.me\/p8HCXc-he","jetpack-related-posts":[{"id":805,"url":"https:\/\/dirkpeters.info\/?p=805","url_meta":{"origin":1068,"position":0},"title":"Herold-Jahrbuch 2010","author":"dirkpeters","date":"22. Dezember 2010","format":false,"excerpt":"Kurz vor Jahresende wurde vom Herold, Verein f\u00fcr Heraldik, Genealogie und verwandte Wissenschaften zu Berlin das Herold-Jahrbuch 2010 herausgegeben. Aus dem Inhalt: Eckart Henning: Der \u201cdoppelte\u201d Herold, Ottfried Neubecker und J\u00fcrgen Arndt \u2013 ein Beitrag zur Wissenschaftsgeschichte der deutschen Heraldik Lutz Henning: Die Eide der pommerschen M\u00fcller 1738\/39. Eine Quelle\u2026","rel":"","context":"In &quot;B\u00fccher&quot;","block_context":{"text":"B\u00fccher","link":"https:\/\/dirkpeters.info\/?cat=3"},"img":{"alt_text":"herold-jahrbuch-2010","src":"https:\/\/i0.wp.com\/www.dirkpeters.net\/wp-content\/uploads\/2010\/12\/heroldjahrbuch2010_thumb.jpg?resize=350%2C200","width":350,"height":200},"classes":[]},{"id":970,"url":"https:\/\/dirkpeters.info\/?p=970","url_meta":{"origin":1068,"position":1},"title":"HEROLD-JAHRBUCH 17. Band","author":"dirkpeters","date":"13. M\u00e4rz 2013","format":false,"excerpt":"Soeben ist das neue Herold-Jahrbuch erschienen. Aus dem Inhalt: Aufs\u00e4tze Kl\u00fc\u00dfendorf, Nikolt: Die M\u00fcnzst\u00e4tte Kassel im preu\u00dfischen Diktaturjahr 1866\/67 Lehsten, Lupold von: Otto Hupps Ausmalung des Wormser Stadtarchivs 1885 - ein Initialereignis der neuen Heraldik Mai, Klaus: Nike, Victoria, Kranz und Palmzweig - Allegorie von Sieg und Frieden. Zur Geschichte\u2026","rel":"","context":"In &quot;B\u00fccher&quot;","block_context":{"text":"B\u00fccher","link":"https:\/\/dirkpeters.info\/?cat=3"},"img":{"alt_text":"DSC_4191","src":"https:\/\/i0.wp.com\/dirkpeters.net\/wp-content\/uploads\/2013\/03\/DSC_4191_thumb.jpg?resize=350%2C200","width":350,"height":200},"classes":[]},{"id":1275,"url":"https:\/\/dirkpeters.info\/?p=1275","url_meta":{"origin":1068,"position":2},"title":"Herold-Jahrbuch, N. F. 19. Band","author":"dirkpeters","date":"15. April 2015","format":false,"excerpt":"Neu in meiner Bibliothek - Gestern war das neue Herold-Jahrbuch im Briefkasten. Aus dem Inhalt: Karl von Stein zum Altenstein (1770-1840) - ein preu\u00dfischer Kultusminister als Kunstsammler (Ute Bednarz) Das gro\u00dfe Siegel des Kardinals des Nikolaus von Kues (1401-1464) (Toni Diederich) Die Entwicklung heraldischer Normen im Heiligen R\u00f6mischen Reich und\u2026","rel":"","context":"In &quot;B\u00fccher&quot;","block_context":{"text":"B\u00fccher","link":"https:\/\/dirkpeters.info\/?cat=3"},"img":{"alt_text":"","src":"","width":0,"height":0},"classes":[]},{"id":1388,"url":"https:\/\/dirkpeters.info\/?p=1388","url_meta":{"origin":1068,"position":3},"title":"Herold-Jahrbuch Bd. 21","author":"dirkpeters","date":"18. M\u00e4rz 2017","format":false,"excerpt":"Diese Woche war der neue Band des Herold-Jahrbuchs im Briefkasten. Aus dem Inhalt: Aufs\u00e4tze Ji\u0159\u00ed Br\u0148ovj\u00e1k: Zur Modernisierung der b\u00f6hmischen Heraldik im Lichte der Kanzleipraxis bei Standeserhebung der ersten H\u00e4lfte des 18. Jahrhunderts Toni Diederich: \u00dcberlegungen zum Siegel der K\u00f6lner M\u00fcnzerhausgenossen Eckart Henning: Auslaufmodell Familie? Ein genealogisch-demographischer Streifzug durch die\u2026","rel":"","context":"In &quot;B\u00fccher&quot;","block_context":{"text":"B\u00fccher","link":"https:\/\/dirkpeters.info\/?cat=3"},"img":{"alt_text":"","src":"","width":0,"height":0},"classes":[]},{"id":3575,"url":"https:\/\/dirkpeters.info\/?p=3575","url_meta":{"origin":1068,"position":4},"title":"Herold-Jahrbuch 2019","author":"dirkpeters","date":"19. November 2019","format":false,"excerpt":"Das Herold-Jahrbuch 2019, die Festschrift zum 150-j\u00e4hrigen Bestehen des Herold zu Berlin war heute im Briefkasten. Aus dem Inhalt: Sphragistika, Titulturenkunde, Numismatik Toni Diederich: Zum Rang des abendl\u00e4ndischen Siegelwesens in der Kulturgeschichte Friedrich Beck: Siegelstempel als Fundst\u00fccke der Mittelalterarch\u00e4ologie. Vom interdisziplin\u00e4ren Nutzen der Historischen Hilfswissenschaften Konrad Schneider: Betrug mit falschen\u2026","rel":"","context":"In &quot;Ahnenforschung&quot;","block_context":{"text":"Ahnenforschung","link":"https:\/\/dirkpeters.info\/?cat=9"},"img":{"alt_text":"","src":"https:\/\/i0.wp.com\/dirkpeters.info\/wp-content\/uploads\/2019\/11\/Herold_2019.jpg?fit=476%2C720&ssl=1&resize=350%2C200","width":350,"height":200},"classes":[]},{"id":990,"url":"https:\/\/dirkpeters.info\/?p=990","url_meta":{"origin":1068,"position":5},"title":"Der Herold","author":"dirkpeters","date":"21. August 2013","format":false,"excerpt":"Vom Herold - Verein f\u00fcr Heraldik, Genealogie und verwandte Wissenschaften zu Berlin e.V. erschien das neue Heft der Vereinszeitschrift. Aus dem Inhalt: Fischer, Hubertus: Ein Siegel als Dokument sozialen Aufstiegs Severin, Lars A.: Beitr\u00e4ge zu einer Nachfahrenliste des Oberhofpredigers Ursin(us) von B\u00e4r Geike, Reiner: Kampf der Symbole Klein, Gotthard: Das\u2026","rel":"","context":"In &quot;Herold&quot;","block_context":{"text":"Herold","link":"https:\/\/dirkpeters.info\/?cat=252"},"img":{"alt_text":"herold_2013-01","src":"..\/wp-content\/uploads\/2013\/08\/herold_201301.jpg","width":350,"height":200},"classes":[]}],"jetpack_sharing_enabled":true,"jetpack_likes_enabled":true,"_links":{"self":[{"href":"https:\/\/dirkpeters.info\/index.php?rest_route=\/wp\/v2\/posts\/1068","targetHints":{"allow":["GET"]}}],"collection":[{"href":"https:\/\/dirkpeters.info\/index.php?rest_route=\/wp\/v2\/posts"}],"about":[{"href":"https:\/\/dirkpeters.info\/index.php?rest_route=\/wp\/v2\/types\/post"}],"author":[{"embeddable":true,"href":"https:\/\/dirkpeters.info\/index.php?rest_route=\/wp\/v2\/users\/1"}],"replies":[{"embeddable":true,"href":"https:\/\/dirkpeters.info\/index.php?rest_route=%2Fwp%2Fv2%2Fcomments&post=1068"}],"version-history":[{"count":1,"href":"https:\/\/dirkpeters.info\/index.php?rest_route=\/wp\/v2\/posts\/1068\/revisions"}],"predecessor-version":[{"id":1069,"href":"https:\/\/dirkpeters.info\/index.php?rest_route=\/wp\/v2\/posts\/1068\/revisions\/1069"}],"wp:attachment":[{"href":"https:\/\/dirkpeters.info\/index.php?rest_route=%2Fwp%2Fv2%2Fmedia&parent=1068"}],"wp:term":[{"taxonomy":"category","embeddable":true,"href":"https:\/\/dirkpeters.info\/index.php?rest_route=%2Fwp%2Fv2%2Fcategories&post=1068"},{"taxonomy":"post_tag","embeddable":true,"href":"https:\/\/dirkpeters.info\/index.php?rest_route=%2Fwp%2Fv2%2Ftags&post=1068"}],"curies":[{"name":"wp","href":"https:\/\/api.w.org\/{rel}","templated":true}]}}